{"id":4929,"date":"2026-02-18T21:14:14","date_gmt":"2026-02-18T20:14:14","guid":{"rendered":"https:\/\/expoflamenco.com\/revista\/?p=4929"},"modified":"2026-02-20T21:12:31","modified_gmt":"2026-02-20T20:12:31","slug":"la-lebrijana-tere-pena-encomienda-de-numero-de-la-orden-del-merito-civil","status":"publish","type":"post","link":"https:\/\/expoflamenco.com\/revista\/la-lebrijana-tere-pena-encomienda-de-numero-de-la-orden-del-merito-civil\/","title":{"rendered":"La lebrijana Tere Pe\u00f1a, Encomienda de N\u00famero de la Orden del M\u00e9rito Civil","gt_translate_keys":[{"key":"rendered","format":"text"}]},"content":{"rendered":"<p>El s\u00e1bado 21 de febrero, el presidente del Gobierno de Espa\u00f1a, Pedro S\u00e1nchez, distinguir\u00e1 a la periodista y productora musical <strong>Teresa Pe\u00f1a<\/strong> con la <strong>Encomienda de n\u00famero de la Orden del M\u00e9rito Civil<\/strong> por su destacada trayectoria profesional vinculada a la informaci\u00f3n y comunicaci\u00f3n social, contribuyendo a la visibilizaci\u00f3n de la diversidad cultural y al reconocimiento de la realidad del Pueblo Gitano.<\/p>\n<p>Igualmente, ese d\u00eda se rendir\u00e1 homenaje al disco <strong><em>Persecuci\u00f3n<\/em><\/strong> de <strong>Juan Pe\u00f1a El Lebrijano<\/strong> en sus cincuenta a\u00f1os de su publicaci\u00f3n. Una obra musical en la que se rememora el acoso y hostigamiento que sufri\u00f3 el Pueblo Gitano en Espa\u00f1a, a la vez que se proclama un canto a la libertad.<\/p>\n<p>El acto tendr\u00e1 lugar en el Palacio de la Moncloa y se enmarca con el cierre del A\u00f1o Gitano por el 600\u00ba aniversario de su llegada a Espa\u00f1a.<\/p>\n<p>La ceremonia, en la que se impondr\u00e1n cuatro condecoraciones m\u00e1s a diferentes personalidades de la cultura gitana, ser\u00e1 retransmitida en directo por la 1 de RTVA.<\/p>\n<p>&nbsp;<\/p>\n<figure id=\"attachment_4930\" aria-describedby=\"caption-attachment-4930\" style=\"width: 1300px\" class=\"wp-caption aligncenter\"><a href=\"https:\/\/expoflamenco.com\/revista\/wp-content\/uploads\/sites\/46\/2026\/02\/expoflamenco-captura-rito-y-geografia-del-cante-2-tere-pena-y-lebrijano.jpg\"><img fetchpriority=\"high\" decoding=\"async\" class=\"size-full wp-image-4930\" src=\"https:\/\/expoflamenco.com\/revista\/wp-content\/uploads\/sites\/46\/2026\/02\/expoflamenco-captura-rito-y-geografia-del-cante-2-tere-pena-y-lebrijano.jpg\" alt=\"Familia de los Perrate. Rito y geografi\u0301a del cante. Tere Pen\u0303a, detra\u0301s del Lebrijano. Foto: captura de pantalla\" width=\"1300\" height=\"800\" srcset=\"https:\/\/expoflamenco.com\/revista\/wp-content\/uploads\/sites\/46\/2026\/02\/expoflamenco-captura-rito-y-geografia-del-cante-2-tere-pena-y-lebrijano.jpg 1300w, https:\/\/expoflamenco.com\/revista\/wp-content\/uploads\/sites\/46\/2026\/02\/expoflamenco-captura-rito-y-geografia-del-cante-2-tere-pena-y-lebrijano-300x185.jpg 300w, https:\/\/expoflamenco.com\/revista\/wp-content\/uploads\/sites\/46\/2026\/02\/expoflamenco-captura-rito-y-geografia-del-cante-2-tere-pena-y-lebrijano-1024x630.jpg 1024w, https:\/\/expoflamenco.com\/revista\/wp-content\/uploads\/sites\/46\/2026\/02\/expoflamenco-captura-rito-y-geografia-del-cante-2-tere-pena-y-lebrijano-768x473.jpg 768w, https:\/\/expoflamenco.com\/revista\/wp-content\/uploads\/sites\/46\/2026\/02\/expoflamenco-captura-rito-y-geografia-del-cante-2-tere-pena-y-lebrijano-750x462.jpg 750w, https:\/\/expoflamenco.com\/revista\/wp-content\/uploads\/sites\/46\/2026\/02\/expoflamenco-captura-rito-y-geografia-del-cante-2-tere-pena-y-lebrijano-1140x702.jpg 1140w\" sizes=\"(max-width: 1300px) 100vw, 1300px\" \/><\/a><figcaption id=\"caption-attachment-4930\" class=\"wp-caption-text\">Familia de los Perrate. Rito y geografi\u0301a del cante. Tere Pen\u0303a, detra\u0301s del Lebrijano. Foto: captura de pantalla<\/figcaption><\/figure>\n","protected":false,"gt_translate_keys":[{"key":"rendered","format":"html"}]},"excerpt":{"rendered":"<p>La periodista y productora musical recibir\u00e1 este reconocimiento por su destacada trayectoria profesional vinculada a la informaci\u00f3n y comunicaci\u00f3n social, contribuyendo a la visibilizaci\u00f3n de la diversidad cultural y al reconocimiento de la realidad del Pueblo Gitano.<\/p>\n","protected":false,"gt_translate_keys":[{"key":"rendered","format":"html"}]},"author":5,"featured_media":4931,"comment_status":"open","ping_status":"open","sticky":false,"template":"","format":"standard","meta":{"_acf_changed":false,"pmpro_default_level":"","jnews-multi-image_gallery":[],"jnews_single_post":{"format":"standard","override":[{"template":"3","parallax":"1","fullscreen":"1","layout":"right-sidebar","sidebar":"default-sidebar","second_sidebar":"default-sidebar","sticky_sidebar":"1","share_position":"top","share_float_style":"share-monocrhome","show_share_counter":"1","show_featured":"1","show_post_meta":"1","show_post_author":"1","show_post_author_image":"1","show_post_date":"1","post_date_format":"default","post_date_format_custom":"Y\/m\/d","show_post_reading_time":"1","post_reading_time_wpm":"250","post_calculate_word_method":"str_word_count","show_zoom_button":"1","zoom_button_out_step":"2","zoom_button_in_step":"3","show_popup_post":"1","show_comment_section":"1","number_popup_post":"1","show_author_box":"1","show_post_related":"1","show_inline_post_related":"1"}],"image_override":[{"single_post_thumbnail_size":"crop-500","single_post_gallery_size":"crop-500"}],"trending_post_position":"meta","trending_post_label":"Trending","sponsored_post_label":"Sponsored by","disable_ad":"0","subtitle":"La periodista y productora musical recibir\u00e1 este reconocimiento por su destacada trayectoria profesional vinculada a la informaci\u00f3n y comunicaci\u00f3n social, contribuyendo a la visibilizaci\u00f3n de la diversidad cultural y al reconocimiento de la realidad del Pueblo Gitano."},"jnews_primary_category":{"id":"37"},"jnews_override_bookmark_settings":{"override_bookmark_button":"0","override_show_bookmark_button":"0"},"jnews_social_meta":[],"jnews_review":[],"enable_review":"","type":"percentage","name":"","summary":"","brand":"","sku":"","good":[],"bad":[],"score_override":"","override_value":"","rating":[],"price":[],"jnews_override_counter":{"view_counter_number":"0","share_counter_number":"0","like_counter_number":"0","dislike_counter_number":"0"},"footnotes":""},"categories":[37,38],"tags":[7069,7071],"class_list":["post-4929","post","type-post","status-publish","format-standard","has-post-thumbnail","hentry","category-actualidad","category-en-portada","tag-encomienda-de-numero-de-la-orden-del-merito-civil","tag-tere-pena","pmpro-has-access"],"acf":[],"aioseo_notices":[],"gt_translate_keys":[{"key":"link","format":"url"}],"_links":{"self":[{"href":"https:\/\/expoflamenco.com\/revista\/wp-json\/wp\/v2\/posts\/4929","targetHints":{"allow":["GET"]}}],"collection":[{"href":"https:\/\/expoflamenco.com\/revista\/wp-json\/wp\/v2\/posts"}],"about":[{"href":"https:\/\/expoflamenco.com\/revista\/wp-json\/wp\/v2\/types\/post"}],"author":[{"embeddable":true,"href":"https:\/\/expoflamenco.com\/revista\/wp-json\/wp\/v2\/users\/5"}],"replies":[{"embeddable":true,"href":"https:\/\/expoflamenco.com\/revista\/wp-json\/wp\/v2\/comments?post=4929"}],"version-history":[{"count":1,"href":"https:\/\/expoflamenco.com\/revista\/wp-json\/wp\/v2\/posts\/4929\/revisions"}],"predecessor-version":[{"id":4933,"href":"https:\/\/expoflamenco.com\/revista\/wp-json\/wp\/v2\/posts\/4929\/revisions\/4933"}],"wp:featuredmedia":[{"embeddable":true,"href":"https:\/\/expoflamenco.com\/revista\/wp-json\/wp\/v2\/media\/4931"}],"wp:attachment":[{"href":"https:\/\/expoflamenco.com\/revista\/wp-json\/wp\/v2\/media?parent=4929"}],"wp:term":[{"taxonomy":"category","embeddable":true,"href":"https:\/\/expoflamenco.com\/revista\/wp-json\/wp\/v2\/categories?post=4929"},{"taxonomy":"post_tag","embeddable":true,"href":"https:\/\/expoflamenco.com\/revista\/wp-json\/wp\/v2\/tags?post=4929"}],"curies":[{"name":"wp","href":"https:\/\/api.w.org\/{rel}","templated":true}]}}