{"id":487,"date":"2025-11-24T16:09:31","date_gmt":"2025-11-24T15:09:31","guid":{"rendered":"https:\/\/expoflamenco.com\/revistanew\/rocio-marquez-se-comprende-a-si-misma\/"},"modified":"2026-01-16T08:36:21","modified_gmt":"2026-01-16T07:36:21","slug":"rocio-marquez-se-comprende-a-si-misma","status":"publish","type":"post","link":"https:\/\/expoflamenco.com\/revista\/rocio-marquez-se-comprende-a-si-misma\/","title":{"rendered":"Roc\u00edo M\u00e1rquez se comprende a s\u00ed misma","gt_translate_keys":[{"key":"rendered","format":"text"}]},"content":{"rendered":"<p>A riesgo de perder a sus seguidores m\u00e1s cabales en el camino, <strong>Roc\u00edo M\u00e1rquez<\/strong> lleva casi una d\u00e9cada en un proceso de b\u00fasqueda y reinvenci\u00f3n de s\u00ed misma que ha dado ya resultados indiscutibles. Resulta a estas alturas in\u00fatil retomar el tan tra\u00eddo y llevado debate sobre los l\u00edmites del flamenco o la no menos manoseada controversia entre ortodoxia y heterodoxia. Toca pasar de una vez esa p\u00e1gina y atender tanto a los fieles guardianes de la tradici\u00f3n, que los hay en abundancia, como a aquellos que consideran este arte como lo que es, algo vivo, y se aventuran a explorarlo m\u00e1s all\u00e1 de sus fronteras hist\u00f3ricas.<\/p>\n<p>La onubense lleg\u00f3 al gaditano <strong>Teatro de la T\u00eda Norica<\/strong> en la jornada de clausura del <strong>Festival de M\u00fasica Espa\u00f1ola<\/strong> para presentar su \u00faltima propuesta discogr\u00e1fica, <strong><em>Himno vertical<\/em><\/strong>, una suerte de r\u00e9quiem que quiere ser tambi\u00e9n celebraci\u00f3n de lo que empieza y lo que fluye. Sobre un escenario umbr\u00edo, en la primera parte del espect\u00e1culo apenas distinguimos a la cantaora, perdida entre las sombras o incluso vuelta de espaldas al patio de butacas. No se trata de acaparar la atenci\u00f3n del espectador, sino de envolverlo en una bruma sensorial, on\u00edrica, por la que se va abriendo paso el repertorio: tras esa obertura en la que M\u00e1rquez explica c\u00f3mo le llegan voces \u201cde adentro\u201d, presenta sus credenciales por fandango, antes de dar paso a la luminosa, saltarina canci\u00f3n <em>Palabra<\/em>, y de ah\u00ed a la seguiriya el\u00e9ctrica <em>Arde<\/em>.<\/p>\n<p>Para tranquilizar a los m\u00e1s aprensivos, no hace falta avanzar mucho m\u00e1s all\u00e1 para certificar que <strong>el flamenco, entendido como conjunto de palos reconocibles, est\u00e1 m\u00e1s que presente<\/strong>. Lo sigue estando en la sole\u00e1 atmosf\u00e9rica y sutil, o en esa malague\u00f1a que va de la calma al \u00e9xtasis, porque es el c\u00f3digo que M\u00e1rquez lleva pegado a la piel, por m\u00e1s que juegue con los sonidos, que vaya del murmullo o el balbuceo al alarido, que cuente en un susurro el comp\u00e1s o introduzca incluso comentarios fragmentados. Puede gustar m\u00e1s o menos el timbre de su voz \u2013por lo dem\u00e1s, ya inconfundible\u2013, pueden los recursos sonoros hacerse estimulantes o cacof\u00f3nicos al o\u00eddo, pero lo jondo sigue, impecable, en el centro de su faena.<\/p>\n<p>&nbsp;<\/p>\n<blockquote><p><em>\u00abLa abundancia de canas y tonsuras en la sala desmienten esa idea seg\u00fan la cual este tipo de montajes m\u00e1s o menos vanguardistas persiguen al p\u00fablico joven. (&#8230;) El Himno vertical de M\u00e1rquez y Rojas Og\u00e1yar es para gente con ganas de compartir una experiencia, la de salir del recinto murado y asomarse al otro lado\u00bb<\/em><\/p><\/blockquote>\n<p>&nbsp;<\/p>\n<figure id=\"attachment_84347\" aria-describedby=\"caption-attachment-84347\" style=\"width: 1600px\" class=\"wp-caption aligncenter\"><a href=\"https:\/\/expoflamenco.com\/revista\/wp-content\/uploads\/sites\/17\/2025\/11\/rocio-marquez-3-himno-vertical-en-festival-musica-espanola-cadiz-nov25-foto-lourdes-de-vicente.webp\"><img fetchpriority=\"high\" decoding=\"async\" class=\"size-full wp-image-84347\" src=\"https:\/\/expoflamenco.com\/revista\/wp-content\/uploads\/sites\/17\/2025\/11\/rocio-marquez-3-himno-vertical-en-festival-musica-espanola-cadiz-nov25-foto-lourdes-de-vicente.webp\" alt=\"'Himno vertical', de Roc\u00edo M\u00e1rquez y Pedro Rojas Og\u00e1yar. Festival de M\u00fasica Espa\u00f1ola. Teatro del T\u00edtere La T\u00eda Norica, C\u00e1diz. 23 nov 2025. Foto: Lourdes de Vicente\" width=\"1600\" height=\"1067\" \/><\/a><figcaption id=\"caption-attachment-84347\" class=\"wp-caption-text\">&#8216;Himno vertical&#8217;, de Roc\u00edo M\u00e1rquez y Pedro Rojas Og\u00e1yar. Festival de M\u00fasica Espa\u00f1ola. Teatro del T\u00edtere La T\u00eda Norica, C\u00e1diz. 23 nov 2025. Foto: Lourdes de Vicente<\/figcaption><\/figure>\n<p>&nbsp;<\/p>\n<p>Toca tambi\u00e9n resaltar el m\u00e9rito de las letras, que van de lo afor\u00edstico (\u201cTodas las penas que antes me aflig\u00edan ser\u00e1n elecciones\u201d, \u201cPesan pesares ya pasados\u201d) a lo po\u00e9tico (\u201cS\u00e9 que la sombra es un fruto que <em>ha madurado a destiempo<\/em><em>\u201d<\/em><em>), <\/em>en la que tiene su sitio la escritora <strong>Carmen Camacho<\/strong>, y muy especialmente la aportaci\u00f3n fundamental de <strong>Pedro Rojas Og\u00e1yar<\/strong>. No siempre entienden los flamencos que elegir bien a los compa\u00f1eros de viaje es un talento, y Roc\u00edo M\u00e1rquez sin duda lo posee. Plantear sus cantes desde un acompa\u00f1amiento no estrictamente flamenco pero con un guitarrista solvente y capaz de arrancar a la guitarra espa\u00f1ola y el\u00e9ctrica ritmos y armon\u00edas sorprendentes no solo no va en detrimento de la voz, sino que la refuerza y desaf\u00eda en el mejor sentido de la palabra.<\/p>\n<p>Pero la metamorfosis prosigue, ahora con Roc\u00edo vestida con el armaz\u00f3n del miri\u00f1aque y brillos de cuero para hacerse la alegre guajira y encadenarla con los pegadizos tangos <em>Aire<\/em>, quiz\u00e1 la pieza m\u00e1s comercial del disco. Un regalo inesperado, la ton\u00e1 y seguiriya in\u00e9ditas unidas bajo el t\u00edtulo <em>Ruego<\/em>, antes de culminar por buler\u00edas poderosas y con el remate <em>finale <\/em>donde, no sin humor, termina aseverando que <strong>\u201cno importa ni siquiera que lo comprenda yo\u201d<\/strong>.<\/p>\n<p>Para terminar de desterrar t\u00f3picos, diremos que la abundancia de canas y tonsuras en la sala desmienten esa idea seg\u00fan la cual este tipo de montajes m\u00e1s o menos vanguardistas persiguen al p\u00fablico joven. As\u00ed en bulto, <strong>los j\u00f3venes, para qu\u00e9 enga\u00f1arnos, no sabemos ni d\u00f3nde est\u00e1n<\/strong>. El <em>Himno vertical <\/em>de M\u00e1rquez y Rojas Og\u00e1yar es, simplemente, para gente con ganas de compartir una experiencia, la de salir del recinto murado y asomarse al otro lado. <strong>Incluso si volvemos, lo haremos transformados para siempre.<\/strong><\/p>\n<p>&nbsp;<\/p>\n<p><strong>Ficha art\u00edstica<\/strong><\/p>\n<p><em>Himno vertical<\/em>, de Roc\u00edo M\u00e1rquez<br \/>\nFestival de M\u00fasica Espa\u00f1ola<br \/>\nSala T\u00eda Norica de C\u00e1diz<br \/>\n23 de noviembre de 2025<br \/>\nRoc\u00edo M\u00e1rquez, cante<br \/>\nPedro Rojas Og\u00e1yar, guitarra<\/p>\n<p>&nbsp;<\/p>\n<figure id=\"attachment_84348\" aria-describedby=\"caption-attachment-84348\" style=\"width: 1600px\" class=\"wp-caption aligncenter\"><a href=\"https:\/\/expoflamenco.com\/revista\/wp-content\/uploads\/sites\/17\/2025\/11\/rocio-marquez-2-himno-vertical-en-festival-musica-espanola-cadiz-nov25-foto-lourdes-de-vicente.webp\"><img decoding=\"async\" class=\"size-full wp-image-84348\" src=\"https:\/\/expoflamenco.com\/revista\/wp-content\/uploads\/sites\/17\/2025\/11\/rocio-marquez-2-himno-vertical-en-festival-musica-espanola-cadiz-nov25-foto-lourdes-de-vicente.webp\" alt=\"'Himno vertical', de Roc\u00edo M\u00e1rquez y Pedro Rojas Og\u00e1yar. Festival de M\u00fasica Espa\u00f1ola. Teatro del T\u00edtere La T\u00eda Norica, C\u00e1diz. 23 nov 2025. Foto: Lourdes de Vicente\" width=\"1600\" height=\"1067\" \/><\/a><figcaption id=\"caption-attachment-84348\" class=\"wp-caption-text\">&#8216;Himno vertical&#8217;, de Roc\u00edo M\u00e1rquez y Pedro Rojas Og\u00e1yar. Festival de M\u00fasica Espa\u00f1ola. Teatro del T\u00edtere La T\u00eda Norica, C\u00e1diz. 23 nov 2025. Foto: Lourdes de Vicente<\/figcaption><\/figure>\n<p>&nbsp;<\/p>\n","protected":false,"gt_translate_keys":[{"key":"rendered","format":"html"}]},"excerpt":{"rendered":"<p>La cantaora onubense clausura el Festival de M\u00fasica Espa\u00f1ola de C\u00e1diz con la puesta en escena de su \u2018Himno vertical\u2019, un nuevo paso en la reinvenci\u00f3n de s\u00ed misma, en el que tiene no poco peso el guitarrista Pedro Rojas Og\u00e1yar.<\/p>\n","protected":false,"gt_translate_keys":[{"key":"rendered","format":"html"}]},"author":13,"featured_media":488,"comment_status":"open","ping_status":"open","sticky":false,"template":"","format":"standard","meta":{"_acf_changed":false,"pmpro_default_level":"","jnews-multi-image_gallery":[],"jnews_single_post":null,"jnews_primary_category":{"id":"248"},"jnews_override_bookmark_settings":{"override_bookmark_button":"0","override_show_bookmark_button":"0"},"jnews_social_meta":[],"jnews_review":[],"enable_review":"","type":"percentage","name":"","summary":"","brand":"","sku":"","good":[],"bad":[],"score_override":"","override_value":"","rating":[],"price":[],"jnews_override_counter":{"view_counter_number":"0","share_counter_number":"0","like_counter_number":"0","dislike_counter_number":"0"},"footnotes":""},"categories":[46,38],"tags":[58,395,396,397,398],"class_list":["post-487","post","type-post","status-publish","format-standard","has-post-thumbnail","hentry","category-cronicas","category-en-portada","tag-cantaora-flamenca","tag-festival-de-musica-espanola-de-cadiz","tag-himno-vertical","tag-pedro-rojas-ogayar","tag-rocio-marquez","pmpro-has-access"],"acf":[],"aioseo_notices":[],"gt_translate_keys":[{"key":"link","format":"url"}],"_links":{"self":[{"href":"https:\/\/expoflamenco.com\/revista\/wp-json\/wp\/v2\/posts\/487","targetHints":{"allow":["GET"]}}],"collection":[{"href":"https:\/\/expoflamenco.com\/revista\/wp-json\/wp\/v2\/posts"}],"about":[{"href":"https:\/\/expoflamenco.com\/revista\/wp-json\/wp\/v2\/types\/post"}],"author":[{"embeddable":true,"href":"https:\/\/expoflamenco.com\/revista\/wp-json\/wp\/v2\/users\/13"}],"replies":[{"embeddable":true,"href":"https:\/\/expoflamenco.com\/revista\/wp-json\/wp\/v2\/comments?post=487"}],"version-history":[{"count":1,"href":"https:\/\/expoflamenco.com\/revista\/wp-json\/wp\/v2\/posts\/487\/revisions"}],"predecessor-version":[{"id":559,"href":"https:\/\/expoflamenco.com\/revista\/wp-json\/wp\/v2\/posts\/487\/revisions\/559"}],"wp:featuredmedia":[{"embeddable":true,"href":"https:\/\/expoflamenco.com\/revista\/wp-json\/wp\/v2\/media\/488"}],"wp:attachment":[{"href":"https:\/\/expoflamenco.com\/revista\/wp-json\/wp\/v2\/media?parent=487"}],"wp:term":[{"taxonomy":"category","embeddable":true,"href":"https:\/\/expoflamenco.com\/revista\/wp-json\/wp\/v2\/categories?post=487"},{"taxonomy":"post_tag","embeddable":true,"href":"https:\/\/expoflamenco.com\/revista\/wp-json\/wp\/v2\/tags?post=487"}],"curies":[{"name":"wp","href":"https:\/\/api.w.org\/{rel}","templated":true}]}}