{"id":441,"date":"2025-12-04T14:46:36","date_gmt":"2025-12-04T13:46:36","guid":{"rendered":"https:\/\/expoflamenco.com\/revistanew\/un-homenaje-visual-al-latido-jondo-de-cordoba\/"},"modified":"2026-01-16T08:35:33","modified_gmt":"2026-01-16T07:35:33","slug":"un-homenaje-visual-al-latido-jondo-de-cordoba","status":"publish","type":"post","link":"https:\/\/expoflamenco.com\/revista\/un-homenaje-visual-al-latido-jondo-de-cordoba\/","title":{"rendered":"Un homenaje visual al latido jondo de C\u00f3rdoba","gt_translate_keys":[{"key":"rendered","format":"text"}]},"content":{"rendered":"<p>La editorial cordobesa <strong>Xibarit<\/strong> ha puesto en circulaci\u00f3n <a href=\"https:\/\/www.xibarit.com\/product-page\/c%C3%B3rdoba-flamenca\"><em>C\u00f3rdoba Flamenca<\/em><\/a>, un ambicioso proyecto fotogr\u00e1fico que se propone fijar, en un solo volumen, la memoria viva del flamenco en la capital y su entorno. La obra, concebida como una edici\u00f3n de autor y producida en tirada limitada, busca convertirse en referente documental para entender <strong>la pluralidad del arte jondo en territorio cordob\u00e9s<\/strong>.<\/p>\n<p>El libro, realizado en colaboraci\u00f3n con la <strong>Asociaci\u00f3n Hada Gitanilla<\/strong> y la productora <strong>Argot Flamenco<\/strong>, presenta un extenso recorrido visual por m\u00e1s de un centenar de artistas \u2014tanto nombres imprescindibles como j\u00f3venes que empiezan a abrirse paso\u2014 retratados en enclaves significativos del casco hist\u00f3rico y otros lugares emblem\u00e1ticos de la provincia. La propuesta no se limita a mostrar rostros: el entorno arquitect\u00f3nico y patrimonial juega un papel protagonista como parte inseparable de la identidad cultural de la ciudad.<\/p>\n<p>El cantaor <strong>Antonio de Pozoblanco<\/strong> y el gestor cultural <strong>Jos\u00e9 Sabalete<\/strong> han ejercido de asesores del proyecto. Sabalete subraya el sentido de este trabajo al afirmar que \u00abla ciudad necesitaba una obra que mostrara su alma flamenca sin adornos y con profundidad. Lograr reunir a tantos artistas en un mismo volumen supone dejar constancia de un momento irrepetible para el flamenco cordob\u00e9s\u00bb.<\/p>\n<p>Entre los retratos destacan figuras de enorme peso en la historia reciente del g\u00e9nero, como <strong>Fosforito<\/strong> \u2014cuya presencia se recoge en una de las \u00faltimas fotograf\u00edas que se realizaron al maestro\u2014, <strong>El Pele, Merengue de C\u00f3rdoba, Concha Calero<\/strong> o <strong>Vicente Amigo<\/strong>. Junto a ellos, int\u00e9rpretes de nuevas generaciones reivindican su espacio, mostrando que la evoluci\u00f3n del flamenco en C\u00f3rdoba contin\u00faa apoy\u00e1ndose en ra\u00edces firmes y miradas renovadoras.<\/p>\n<p>&nbsp;<\/p>\n<blockquote><p><em>\u00abEl flamenco es una m\u00fasica viva, moldeada durante siglos, y este libro pretende mostrar su estado actual en C\u00f3rdoba a trav\u00e9s de la fuerza expresiva de sus artistas y de los espacios que los inspiran. Una fotograf\u00eda coral del presente jondo que a partir de ahora queda fijada para las generaciones futuras\u00bb (Xibarit)<\/em><\/p><\/blockquote>\n<p>&nbsp;<\/p>\n<figure id=\"attachment_84490\" aria-describedby=\"caption-attachment-84490\" style=\"width: 1172px\" class=\"wp-caption aligncenter\"><a href=\"https:\/\/expoflamenco.com\/revista\/wp-content\/uploads\/sites\/17\/2025\/12\/libro-cordoba-flamenca-2-fosforito-foto-xibarit.jpg\"><img fetchpriority=\"high\" decoding=\"async\" class=\"size-full wp-image-84490\" src=\"https:\/\/expoflamenco.com\/revista\/wp-content\/uploads\/sites\/17\/2025\/12\/libro-cordoba-flamenca-2-fosforito-foto-xibarit.jpg\" alt=\"Fosforito. Libro 'C\u00f3rdoba flamenca' (Xibarit)\" width=\"1172\" height=\"1486\" \/><\/a><figcaption id=\"caption-attachment-84490\" class=\"wp-caption-text\">Fosforito. Libro &#8216;C\u00f3rdoba flamenca&#8217; (Xibarit)<\/figcaption><\/figure>\n<p>&nbsp;<\/p>\n<p><em>C\u00f3rdoba Flamenca<\/em> dedica tambi\u00e9n parte de sus p\u00e1ginas a los oficios que sostienen al arte jondo en la ciudad. Guitarreros, modistas especializadas en traje flamenco y otros profesionales que dan vida al tejido creativo local comparten protagonismo con referencias a letras y palos esenciales, componiendo una visi\u00f3n global del ecosistema que permite que el flamenco siga latiendo con fuerza.<\/p>\n<p>La edici\u00f3n \u20141.717 ejemplares numerados y sellados\u2014 est\u00e1 impresa en papel arte y encuadernada al hilo con tapas duras, lo que convierte el volumen en <strong>una pieza destinada a coleccionistas y amantes del flamenco<\/strong>. Su presentaci\u00f3n en el <strong>C\u00edrculo de la Amistad<\/strong> estuvo acompa\u00f1ada por la voz de Antonio de Pozoblanco y la guitarra de <strong>Jes\u00fas Hans<\/strong>, que ofrecieron un gui\u00f1o sonoro al esp\u00edritu del proyecto.<\/p>\n<p>La publicaci\u00f3n cuenta con el respaldo de la Junta de Andaluc\u00eda, la Delegaci\u00f3n de Cultura del Ayuntamiento de C\u00f3rdoba, la Diputaci\u00f3n Provincial, la Universidad de C\u00f3rdoba y la C\u00e1tedra de Flamencolog\u00eda, evidenciando <strong>el consenso institucional en torno a la necesidad de preservar y difundir la memoria flamenca de la ciudad<\/strong>.<\/p>\n<p>Desde Xibarit lo resumen as\u00ed: el flamenco es \u00abuna m\u00fasica viva, moldeada durante siglos\u00bb, y este libro pretende mostrar su estado actual en C\u00f3rdoba a trav\u00e9s de la fuerza expresiva de sus artistas y de los espacios que los inspiran. Una fotograf\u00eda coral del presente jondo que, a partir de ahora, queda fijada para las generaciones futuras.<\/p>\n<p>&nbsp;<\/p>\n<figure id=\"attachment_84489\" aria-describedby=\"caption-attachment-84489\" style=\"width: 1600px\" class=\"wp-caption aligncenter\"><a href=\"https:\/\/expoflamenco.com\/revista\/wp-content\/uploads\/sites\/17\/2025\/12\/libro-cordoba-flamenca-4-foto-xibarit.jpg\"><img decoding=\"async\" class=\"size-full wp-image-84489\" src=\"https:\/\/expoflamenco.com\/revista\/wp-content\/uploads\/sites\/17\/2025\/12\/libro-cordoba-flamenca-4-foto-xibarit.jpg\" alt=\"Libro 'C\u00f3rdoba flamenca' (Xibarit)\" width=\"1600\" height=\"1100\" \/><\/a><figcaption id=\"caption-attachment-84489\" class=\"wp-caption-text\">Libro &#8216;C\u00f3rdoba flamenca&#8217; (Xibarit)<\/figcaption><\/figure>\n<p><a href=\"https:\/\/expoflamenco.com\/revista\/wp-content\/uploads\/sites\/17\/2025\/12\/portada-libro-cordoba-flamenca-foto-xibarit.jpg\"><img decoding=\"async\" class=\"aligncenter size-full wp-image-84488\" src=\"https:\/\/expoflamenco.com\/revista\/wp-content\/uploads\/sites\/17\/2025\/12\/portada-libro-cordoba-flamenca-foto-xibarit.jpg\" alt=\"\" width=\"994\" height=\"1318\" \/><\/a><\/p>\n<p>&nbsp;<\/p>\n<p>&nbsp;<\/p>\n<p>&nbsp;<\/p>\n","protected":false,"gt_translate_keys":[{"key":"rendered","format":"html"}]},"excerpt":{"rendered":"<p>Xibarit publica una obra \u00fanica con m\u00e1s de cien protagonistas del arte flamenco. Una edici\u00f3n de coleccionista re\u00fane a figuras consagradas y nuevas voces en un recorrido fotogr\u00e1fico por la identidad flamenca de C\u00f3rdoba.<\/p>\n","protected":false,"gt_translate_keys":[{"key":"rendered","format":"html"}]},"author":5,"featured_media":3864,"comment_status":"open","ping_status":"open","sticky":false,"template":"","format":"standard","meta":{"_acf_changed":false,"pmpro_default_level":"","jnews-multi-image_gallery":[],"jnews_single_post":null,"jnews_primary_category":{"id":"4226"},"jnews_override_bookmark_settings":{"override_bookmark_button":"0","override_show_bookmark_button":"0"},"jnews_social_meta":[],"jnews_review":[],"enable_review":"","type":"percentage","name":"","summary":"","brand":"","sku":"","good":[],"bad":[],"score_override":"","override_value":"","rating":[],"price":[],"jnews_override_counter":{"view_counter_number":"0","share_counter_number":"0","like_counter_number":"0","dislike_counter_number":"0"},"footnotes":""},"categories":[37,38],"tags":[347,133,348],"class_list":["post-441","post","type-post","status-publish","format-standard","has-post-thumbnail","hentry","category-actualidad","category-en-portada","tag-cordoba-flamenca","tag-libro-flamenco","tag-xibarit","pmpro-has-access"],"acf":[],"aioseo_notices":[],"gt_translate_keys":[{"key":"link","format":"url"}],"_links":{"self":[{"href":"https:\/\/expoflamenco.com\/revista\/wp-json\/wp\/v2\/posts\/441","targetHints":{"allow":["GET"]}}],"collection":[{"href":"https:\/\/expoflamenco.com\/revista\/wp-json\/wp\/v2\/posts"}],"about":[{"href":"https:\/\/expoflamenco.com\/revista\/wp-json\/wp\/v2\/types\/post"}],"author":[{"embeddable":true,"href":"https:\/\/expoflamenco.com\/revista\/wp-json\/wp\/v2\/users\/5"}],"replies":[{"embeddable":true,"href":"https:\/\/expoflamenco.com\/revista\/wp-json\/wp\/v2\/comments?post=441"}],"version-history":[{"count":1,"href":"https:\/\/expoflamenco.com\/revista\/wp-json\/wp\/v2\/posts\/441\/revisions"}],"predecessor-version":[{"id":537,"href":"https:\/\/expoflamenco.com\/revista\/wp-json\/wp\/v2\/posts\/441\/revisions\/537"}],"wp:featuredmedia":[{"embeddable":true,"href":"https:\/\/expoflamenco.com\/revista\/wp-json\/wp\/v2\/media\/3864"}],"wp:attachment":[{"href":"https:\/\/expoflamenco.com\/revista\/wp-json\/wp\/v2\/media?parent=441"}],"wp:term":[{"taxonomy":"category","embeddable":true,"href":"https:\/\/expoflamenco.com\/revista\/wp-json\/wp\/v2\/categories?post=441"},{"taxonomy":"post_tag","embeddable":true,"href":"https:\/\/expoflamenco.com\/revista\/wp-json\/wp\/v2\/tags?post=441"}],"curies":[{"name":"wp","href":"https:\/\/api.w.org\/{rel}","templated":true}]}}