{"id":435,"date":"2025-12-05T19:04:12","date_gmt":"2025-12-05T18:04:12","guid":{"rendered":"https:\/\/expoflamenco.com\/revistanew\/dos-horas-con-lucia-beltran-la-cantaora-a-la-que-le-duele-el-cante\/"},"modified":"2026-01-16T08:35:27","modified_gmt":"2026-01-16T07:35:27","slug":"dos-horas-con-lucia-beltran-la-cantaora-a-la-que-le-duele-el-cante","status":"publish","type":"post","link":"https:\/\/expoflamenco.com\/revista\/dos-horas-con-lucia-beltran-la-cantaora-a-la-que-le-duele-el-cante\/","title":{"rendered":"Dos horas con Luc\u00eda Beltr\u00e1n, la cantaora a la que le duele el cante","gt_translate_keys":[{"key":"rendered","format":"text"}]},"content":{"rendered":"<p><em>Vol\u00f3\u2026 \/ Cuando los cantes nacieron \/ el fandanguillo vol\u00f3 \/ y cuando lleg\u00f3 a mi Huelva \/ dijo aqu\u00ed me queo yo \/ qu\u00e9 bonita es esta tierra. <\/em><\/p>\n<p>No llegaba con los pies al suelo, alguna que otra vez lo ha referido, pero era un hada flamenca ofreciendo todo el sabor que requiere el fandango. Sus manos, su peque\u00f1o cuerpo, sus gestos, todo se mov\u00eda, volaba y se retorc\u00eda de flamencura en una silla de enea. De aquel d\u00eda ha pasado algo menos de tres lustros. Ya podemos hablar sin temor a equivocarnos de una cantora que no solo tiene mimbre, sino que adem\u00e1s crece a diario a costa de trabajo y eso tan dif\u00edcil que es la afici\u00f3n. Afici\u00f3n con may\u00fascula, divino tesoro.<\/p>\n<p><strong>Luc\u00eda Beltr\u00e1n Sedano<\/strong> (Trigueros, Huelva, 2004) es cantaora con ra\u00edces y alas. No concibe un solo d\u00eda lejos de este arte que nos ha cautivado a tantos y que solo concede a unos pocos el don de pasearlo en su garganta. Las ra\u00edces son aquellas que la acunaron en su familia, a quien le debe gran parte de ese legado flamenco que ahora ella explota. Las alas son esas ansias por dedicarse a lo que m\u00e1s le gusta, el cante, aportando su granito y ofrecer algo diferente dentro de la grandeza cl\u00e1sica de este arte.<\/p>\n<p>Prueba de su incansable labor art\u00edstica y profesional ha sido la concesi\u00f3n, el pasado 16 de noviembre, del galard\u00f3n de j\u00f3venes flamencos en los <a href=\"https:\/\/www.premiosinternacionalesdelflamenco.com\/\" target=\"_blank\" rel=\"noopener\">X Premios Internacionales de Flamenco Silverio Franconetti<\/a>, distinciones destinadas a aquellas grandes figuras del arte y la investigaci\u00f3n del flamenco con una trayectoria digna de ser reconocida a nivel mundial.<\/p>\n<p>Nos cuenta Luc\u00eda que ella conoci\u00f3 que iba a ser galardonada el pasado mes de mayo, si bien no era consciente de la suma importancia y organizaci\u00f3n de los mismos, as\u00ed como el claro fundamento del citado premio. \u00abEstoy feliz de haberme visto rodeada de grandes maestros del cante, del baile y de la investigaci\u00f3n, as\u00ed como, ocupar una tribuna tan importante como esta. Es todo un aliciente y un honor\u00bb<em>.<\/em><\/p>\n<p>&nbsp;<\/p>\n<p><strong>\u2013 Luc\u00eda, \u00bfqu\u00e9 fue de aquella ni\u00f1a que casi jugaba con el fandango?<\/strong><\/p>\n<p>\u2013 Luc\u00eda ni\u00f1a sigue estando. El escenario sigue siendo el juego, pero veo el flamenco como una profesi\u00f3n. Una profesi\u00f3n de la que quiero disfrutar. Disfrutar mucho de lo que hago.<\/p>\n<p><strong>\u2013 \u00bfDe d\u00f3nde nace esa afici\u00f3n? \u00bfC\u00f3mo crece?<\/strong><\/p>\n<p>\u2013 No tengo constancia de un momento concreto en el que apareciera el flamenco en mi vida. Lo llevo interiorizado desde ni\u00f1a. En mi familia todos cantan. Mi abuelo fue un flamenco de verdad. Un enorme aficionado. Flamenco, flamenco. Cantaba por sole\u00e1, hac\u00eda cantes mel\u00f3dicos como la vidalita, y sobre todo cantes que no hac\u00eda nadie o se escuchaban poco. Fue un grand\u00edsimo aficionado. En aquella \u00e9poca que no exist\u00edan redes, ni Youtube, ni esas cosas que tanto nos ayudan hoy a conocer el cante y a disfrutarlo, \u00e9l conoc\u00eda cantes y cantaores, hac\u00eda mil letras por sol\u00e9a. Me grababa cantes en su grabadora y los escuchaba. Le gustaba mucho Juan Valderrama.<\/p>\n<p><strong>\u2013 \u00bfC\u00f3mo llegas a la escuela de Antonio Jaraque\u00f1o?<\/strong><\/p>\n<p>\u2013 Como te he comentado, mi abuelo me ense\u00f1aba cosas, y Antonio se fij\u00f3 en m\u00ed, pero tuvimos que marcharnos a C\u00f3rdoba. All\u00ed me apunt\u00e9 al Conservatorio. Al volver a Trigueros, con ocho a\u00f1os, el Ayuntamiento organizaba veladas en la Plaza del Mel\u00f3n y all\u00ed cant\u00e9 algunos fandangos y canciones de India Mart\u00ednez. \u00c9l vuelve a insistir en que me lleven a la escuela.<\/p>\n<p>&nbsp;<\/p>\n<blockquote>\n<p class=\"p1\"><em><span class=\"s1\">\u00abSe puede llorar con un fandango de Chocolate o con una malague\u00f1a de Chac\u00f3n. (&#8230;) Me gusta much\u00edsimo Miguel Poveda, es m\u00e1s artista que cantaor. Adoro a Sandra Carrasco. Tiene sensibilidad art\u00edstica y profesional. Disfruto mucho de los que han dedicado su vida a estudiar el cante, como Carmen Linares o Mayte Mart\u00edn\u00bb<\/span><\/em><\/p>\n<\/blockquote>\n<p>&nbsp;<\/p>\n<figure id=\"attachment_84516\" aria-describedby=\"caption-attachment-84516\" style=\"width: 1440px\" class=\"wp-caption aligncenter\"><a href=\"https:\/\/expoflamenco.com\/revista\/wp-content\/uploads\/sites\/17\/2025\/12\/lucia-beltran-2-foto-cienxcien.jpg\"><img fetchpriority=\"high\" decoding=\"async\" class=\"size-full wp-image-84516\" src=\"https:\/\/expoflamenco.com\/revista\/wp-content\/uploads\/sites\/17\/2025\/12\/lucia-beltran-2-foto-cienxcien.jpg\" alt=\"Luc\u00eda Beltr\u00e1n. Foto: cienxcienflamenco\" width=\"1440\" height=\"1440\" \/><\/a><figcaption id=\"caption-attachment-84516\" class=\"wp-caption-text\">Luc\u00eda Beltr\u00e1n. Foto: cienxcienflamenco<\/figcaption><\/figure>\n<p>&nbsp;<\/p>\n<p><strong>\u2013 En el espejo de Antonio Rodr\u00edguez Jaraque\u00f1o y de otros maestros en los que te miras, \u00bfcu\u00e1l es el reflejo que sacas? <\/strong><\/p>\n<p>\u2013 Antonio es exigente conmigo, y muy claro. Me corrige en el momento adecuado. Eso me hace mejorar. Me deja mucho a mi aire. Y cuando quiere ense\u00f1arme algo de un cantaor en concreto me dice: estudia esto de este cantaor. De otros compa\u00f1eros aprendo bastante, como de Antonio de Patrocinio: guitarra, amigo y maestro. De \u00e9l tengo mucho que aprender, tanto de cante como de lo que debo ofrecer en cada sitio que voy.<\/p>\n<p><strong>\u2013 \u00bfA qu\u00e9 cantaores sigues?<\/strong><\/p>\n<p>\u2013 A m\u00ed me encanta la Ni\u00f1a de los Peines, Fosforito y Enrique Morente. Soy mucho de Enrique. Estaba y sigue estando a la vanguardia del cante. Pero cada cantaor tiene algo especial, se puede llorar con un fandango de Chocolate o con una malague\u00f1a de Chac\u00f3n. De cada cantaor puedes aprender algo. Tanto de los cl\u00e1sicos como de los de ahora. Me gusta much\u00edsimo Miguel Poveda, es m\u00e1s artista que cantaor. Le recuerdo unos tangos de Triana en el Teatro de la Maestranza que no s\u00e9 cu\u00e1ntas veces he visto. Adoro a Sandra Carrasco. Tiene sensibilidad art\u00edstica y profesional. Disfruto mucho de los que han dedicado su vida a estudiar el cante, como la maestra Carmen Linares o Mayte Mart\u00edn.<\/p>\n<p><strong>\u2013 \u00bfT\u00fa vas por esa l\u00ednea?<\/strong><\/p>\n<p>\u2013 Yo me llevo todo el d\u00eda estudiando, desde que me levanto hasta que me acuesto. Quiero estar segura de lo que hago en el escenario. Me s\u00e9 casi todos los estilos, pero hago lo que mejor viene a mis cualidades. A m\u00ed me gusta hacer los cantes que nadie hace, o se hacen poco. Ahora estoy haciendo la canastera, las cabales o la zambra, pero recuerdo cuando descubr\u00ed la lorque\u00f1a en la voz de la Ni\u00f1a de los Peines. Enseguida acud\u00ed a preguntarle a mi maestro Antonio Jaraque\u00f1o.<\/p>\n<p><strong>\u2013 \u00bfPrefieres los cantaores que son un tesoro de conocimiento o aquellos que tienen un dardo en la garganta y te pellizcan?<\/strong><\/p>\n<p>\u2013 Si no tienes conocimiento de lo que haces, dif\u00edcilmente puedes transmitir. En el conocimiento est\u00e1 la base. A partir de ah\u00ed cada cual tiene unas cualidades, pero es fundamental lo primero. Adem\u00e1s, depende del d\u00eda. No siempre te encuentras bien para hacer un determinado cante, y si no me siento bien lo cambio.<\/p>\n<p><strong>\u2013 \u00bfQu\u00e9 le exiges a un cante para poder transmitirlo a quien te escucha?<\/strong><\/p>\n<p>\u2013 Intento sacarle el jugo, y me fijo en los que hac\u00edan o hacen bien ese cante. Voy molde\u00e1ndolo hasta encontrarle un giro en el que me encuentro bien con \u00e9l.<\/p>\n<p>&nbsp;<\/p>\n<blockquote>\n<p class=\"p1\"><em><span class=\"s1\">\u00abA la vida le pido la oportunidad de seguir siendo flamenca. De seguir subi\u00e9ndome a un escenario a disfrutar y aprender. Porque hay cosas que se aprenden con la vivencia, pero otras se aprenden encima de un escenario, eso lo tengo muy claro\u00bb<\/span><\/em><\/p>\n<\/blockquote>\n<p>&nbsp;<\/p>\n<figure id=\"attachment_84517\" aria-describedby=\"caption-attachment-84517\" style=\"width: 1440px\" class=\"wp-caption aligncenter\"><a href=\"https:\/\/expoflamenco.com\/revista\/wp-content\/uploads\/sites\/17\/2025\/12\/lucia-beltran-4-foto-archivo-lb.JPG\"><img decoding=\"async\" class=\"size-full wp-image-84517\" src=\"https:\/\/expoflamenco.com\/revista\/wp-content\/uploads\/sites\/17\/2025\/12\/lucia-beltran-4-foto-archivo-lb.JPG\" alt=\"Luc\u00eda Beltr\u00e1n, con el Premio Internacional del Flamenco Silverio Franconetti. C\u00e1diz, 16 nov 2025.\" width=\"1440\" height=\"1037\" \/><\/a><figcaption id=\"caption-attachment-84517\" class=\"wp-caption-text\">Luc\u00eda Beltr\u00e1n, con el Premio Internacional del Flamenco Silverio Franconetti. C\u00e1diz, 16 nov 2025.<\/figcaption><\/figure>\n<p>&nbsp;<\/p>\n<p><strong>\u2013 Adem\u00e1s de la disciplina del cante, \u00bfte gusta la guitarra y el baile? \u00bfCon qu\u00e9 maestros o maestras del toque y\/o del baile te hubiera gustado coincidir?<\/strong><\/p>\n<p>\u2013 Me encanta la guitarra. Soy m\u00e1s aficionada a la guitarra que al cante. Hubiera sido un sue\u00f1o coincidir con Paco de Luc\u00eda. Soy mucho de Paco, de Vicente, de Juan Carlos Romero. Y me gustan tocaores de hoy como David de Arahal y Francis G\u00f3mez \u2013tiene la armon\u00eda metida en sus adentros\u2013. En el baile me gusta, por supuesto, la maestra Matilde Coral, Carmen Amaya y Eva la Yerbabuena. Y de ahora, Juan Tom\u00e1s de la Mol\u00eda. Tiene algo diferente. No s\u00e9 el qu\u00e9, pero es diferente. Aunque a m\u00ed lo que me gusta es el cante de <em>alante<\/em>.<\/p>\n<p><strong>\u2013 \u00bfQu\u00e9 te reportan los premios como el de la EFA o La Uni\u00f3n?<\/strong><\/p>\n<p>\u2013 Seguir trabajando. Los premios solo son premios. T\u00fa tienes que seguir, porque si no lo haces te quedas solo con el premio. Por eso es tan importante estudiar. Yo noto mucho cuando alguien se sube a un escenario y estudia, o no. El 16 de noviembre yo me sent\u00ed premiada por estar sentada junto a los maestros Pele y Aurora Vargas, a los que tanto admiro. Adem\u00e1s, cuando termin\u00f3 de cantar por sole\u00e1, El Pele me cogi\u00f3 de la mano y me sac\u00f3 con \u00e9l, dando a entender que \u00e9ramos compa\u00f1eros. Para m\u00ed ese es el premio, sentirte parte de ellos junto a artistas tan grandes. Adem\u00e1s, me reporta la responsabilidad de seguir defendiendo mi cante y mi carrera. Cuando te subes a un escenario tienes que dar el cien por cien. Yo he cantado hasta con un c\u00f3lico nefr\u00edtico y con cuarenta de fiebre, pero me gusta tanto\u2026 Y cada escenario es una oportunidad.<\/p>\n<p><strong>\u2013 \u00bfC\u00f3mo se defiende el hecho de estar enferma y dar el cien por cien?<\/strong><\/p>\n<p>\u2013 La defensa de esa responsabilidad est\u00e1 en la mente. Me gusta tanto que me da igual el foro en el que act\u00fae. Te has comprometido y el compromiso es hasta el final. Me gusta tanto el flamenco, lo disfruto tanto, que aunque sea un trabajo no lo miro como eso. Tengo la suerte de dedicarme a lo que m\u00e1s me gusta.<\/p>\n<p><strong>\u2013 \u00bfQu\u00e9 plazas han sido las m\u00e1s dif\u00edciles?<\/strong><\/p>\n<p>\u2013 Donde m\u00e1s nerviosa estuve fue en el Nacional de C\u00f3rdoba. Y estuve muy concienciada hace unos meses en la Bienal de Granada. O en la saeta en Madrid, ante tres o cuatro mil personas. Es un cante muy dif\u00edcil. No tienes referencias para comenzar. Adem\u00e1s, le tengo mucho respeto porque soy cofrade y amo el flamenco.<\/p>\n<p><strong>\u2013 \u00bfQu\u00e9 te inspira cada sitio, cada p\u00fablico? <\/strong><\/p>\n<p>\u2013 Las pe\u00f1as son m\u00e1s cl\u00e1sicas, m\u00e1s exigentes. Parece que est\u00e1s en tu casa por la cercan\u00eda con la afici\u00f3n. Hacen una labor muy importante y deber\u00edan apoyar m\u00e1s a j\u00f3venes. De hecho, los concursos son una manera de hacerlo. Los teatros son m\u00e1s fr\u00edos, pero a m\u00ed me gustan mucho. \u00a1Disfrutar\u00eda tanto en el Maestranza! Yo en un escenario echo fuera mi timidez y digo lo que no soy capaz de decir abajo de \u00e9l. Y del p\u00fablico me gusta cuando me dicen &#8216;eso no est\u00e1 bien o no me ha gustado&#8217;. Soy perfeccionista. Parto de que cuando tienes la base clara y las actitudes pertinentes puedes improvisar, puedes darle tu sello. Disfruto cuando me dicen: &#8216;he escuchado un cante y s\u00e9 que es Luc\u00eda&#8217;. Quiz\u00e1s es una recompensa cuando te dedicas a esto veinticuatro horas al d\u00eda, siete d\u00edas a la semana.<\/p>\n<p>&nbsp;<\/p>\n<blockquote>\n<p class=\"p1\"><em><span class=\"s1\">\u00abYo en un escenario echo fuera mi timidez y digo lo que no soy capaz de decir abajo de \u00e9l. Disfruto cuando me dicen: &#8216;he escuchado un cante y s\u00e9 que es Luc\u00eda&#8217;. Quiz\u00e1s es una recompensa cuando te dedicas a esto veinticuatro horas al d\u00eda, siete d\u00edas a la semana\u00bb<\/span><\/em><\/p>\n<\/blockquote>\n<p>&nbsp;<\/p>\n<figure id=\"attachment_84518\" aria-describedby=\"caption-attachment-84518\" style=\"width: 1246px\" class=\"wp-caption aligncenter\"><a href=\"https:\/\/expoflamenco.com\/revista\/wp-content\/uploads\/sites\/17\/2025\/12\/lucia-beltran-6-foto-jesus-naranjo.webp\"><img decoding=\"async\" class=\"size-full wp-image-84518\" src=\"https:\/\/expoflamenco.com\/revista\/wp-content\/uploads\/sites\/17\/2025\/12\/lucia-beltran-6-foto-jesus-naranjo.webp\" alt=\"Luc\u00eda Beltr\u00e1n, con Jes\u00fas Naranjo por las calles de Huelva.\" width=\"1246\" height=\"1600\" \/><\/a><figcaption id=\"caption-attachment-84518\" class=\"wp-caption-text\">Luc\u00eda Beltr\u00e1n, con Jes\u00fas Naranjo por las calles de Huelva.<\/figcaption><\/figure>\n<p>&nbsp;<\/p>\n<p><strong>\u2013 Adem\u00e1s de ser cantaora, escribes. \u00bfDe qu\u00e9 o sobre qu\u00e9 lo haces?<\/strong><\/p>\n<p>\u2013 Yo soy una aficionada que aspira a ser artista y es importante que una artista pueda expresarse con sus letras, con sus composiciones. Yo en mis letras cuento mi vida, mis sentires. Pienso que un artista cuando cuenta su vida en un escenario es tambi\u00e9n la tuya. Eso te pasa cuando aprecias letras como las de Manuel Molina, Isidro Mu\u00f1oz, Fosforito o poetas como Federico, Juan Ram\u00f3n Jim\u00e9nez o Moreno Galv\u00e1n, entre otros.<\/p>\n<p><strong>\u2013 \u00bfQu\u00e9 le pides al flamenco? \u00bfY a la vida para con el flamenco? <\/strong><\/p>\n<p>\u2013 Le pido la oportunidad de seguir siendo flamenca. De seguir subi\u00e9ndome a un escenario a disfrutar y aprender, porque hay cosas que se aprenden con la vivencia, pero otras se aprenden encima de un escenario, eso lo tengo muy claro. Yo sigo acudiendo a reuniones de veteranos donde se rescatan cantes que se les ha dado poco valor o que se hacen poco, o acudo de p\u00fablico a concursos a conocer a gente nueva. Todo eso sirve para aprender a diario. Desear\u00eda que la vida me siguiera dando curiosidad para buscar y trabajar en lo que te diferencia o hace especial. Y quisiera seguir siendo Luc\u00eda Beltr\u00e1n Sedano, una mujer normal que disfruta y comparte del flamenco y la vida con su familia y amigos.<\/p>\n<p><strong>\u2013 Desde principios del siglo XXI, Huelva viene marcando su momento hist\u00f3rico con artistas de renombre. Tu carrera art\u00edstica est\u00e1 comenzando en este segundo cuarto de siglo. \u00bfEres consciente que puedes ser una de las artistas de esta \u00e9poca? \u00bfQue puedes ser una de esas esperanzas a seguir?<\/strong><\/p>\n<p>\u2013 Yo me siento una persona normal y corriente, pero claro que me encantar\u00eda marcar una \u00e9poca. Mi preocupaci\u00f3n es estudiar y hacerlo bien. Lo que venga\u2026 aqu\u00ed estaremos.<\/p>\n<p><strong>\u2013 Y al margen del flamenco, \u00bfc\u00f3mo te imaginas? \u00bfQu\u00e9 otras Luc\u00edas hay?<\/strong><\/p>\n<p>\u2013 Mi vida no se va a desvincular del flamenco. Tengo estudios de educaci\u00f3n infantil, de prevenci\u00f3n de riesgos laborales y de piano y guitarra, pero no me veo en otra cosa que no sea el flamenco. Hay que tener un plan B \u2013eso dice mi padre [sonr\u00ede]\u2013, pero yo no me veo en otra plaza que no sea el flamenco.<\/p>\n<p>&nbsp;<\/p>\n<p>Y nos vamos por la Avenida de Mart\u00edn Alonso Pinz\u00f3n de Huelva hablando de Tom\u00e1s Pav\u00f3n, haci\u00e9ndola so\u00f1ar con un escenario imaginario en el que a su lado estuviera la de los Peines y Paco de Luc\u00eda. Ella me dice que se ve cant\u00e1ndole por siguiriya a una de las grandes del baile: \u00ab\u00a1La siguiriya engloba tanto en tan pocos versos!\u00bb, comenta. Sabe, como le dijo Sandra Carrasco, que a todo el mundo no le puede gustar, y aunque no siempre se est\u00e1 igual \u2013ni el artista que ejecuta, ni el aficionado que escucha\u2013, hay que mantener un nivel adecuado. Porque, como Luc\u00eda aprendi\u00f3 del maestro Fosforito, al cantaor que le duele el cante se gana la pelea consigo mismo. Yo, que disfruto de su eterna sonrisa, su cante y su manera cantaora, le suplico que me siga emocionando con una zambra, con las cuatro lunas o con la cabal del Pena, <em>porque sabe, porque tiene y porque puede<\/em> hacerlo en registros tan diferentes, o volando con aquel fandanguillo \u2013fandango, mejor dicho\u2013 que se pos\u00f3 en esta bendita tierra y con el que a\u00fan sigue volando. Pas\u00f3 el tiempo desde aquel d\u00eda, pero sigue la cantaora, la persona. Sigue Luc\u00eda. \u2666<\/p>\n<p>&nbsp;<\/p>\n<div style=\"width: 720px;\" class=\"wp-video\"><video class=\"wp-video-shortcode\" id=\"video-435-1\" width=\"720\" height=\"1280\" preload=\"metadata\" controls=\"controls\"><source type=\"video\/mp4\" src=\"https:\/\/expoflamenco.com\/revista\/wp-content\/uploads\/sites\/17\/2025\/12\/lucia-beltran-cantando-un-fandango-de-nina.mp4?_=1\" \/><a href=\"https:\/\/expoflamenco.com\/revista\/wp-content\/uploads\/sites\/17\/2025\/12\/lucia-beltran-cantando-un-fandango-de-nina.mp4\">https:\/\/expoflamenco.com\/revista\/wp-content\/uploads\/sites\/17\/2025\/12\/lucia-beltran-cantando-un-fandango-de-nina.mp4<\/a><\/video><\/div>\n<p>Luc\u00eda Beltr\u00e1n, de ni\u00f1a, cantando un fandango.<\/p>\n<div style=\"width: 480px;\" class=\"wp-video\"><video class=\"wp-video-shortcode\" id=\"video-435-2\" width=\"480\" height=\"768\" preload=\"metadata\" controls=\"controls\"><source type=\"video\/mp4\" src=\"https:\/\/expoflamenco.com\/revista\/wp-content\/uploads\/sites\/17\/2025\/12\/lucia-beltran-cantando-un-fandango.mp4?_=2\" \/><a href=\"https:\/\/expoflamenco.com\/revista\/wp-content\/uploads\/sites\/17\/2025\/12\/lucia-beltran-cantando-un-fandango.mp4\">https:\/\/expoflamenco.com\/revista\/wp-content\/uploads\/sites\/17\/2025\/12\/lucia-beltran-cantando-un-fandango.mp4<\/a><\/video><\/div>\n<p>Luc\u00eda Beltr\u00e1n, cantando un fandango hoy en d\u00eda.<\/p>\n<p>&nbsp;<\/p>\n<p>&nbsp;<\/p>\n","protected":false,"gt_translate_keys":[{"key":"rendered","format":"html"}]},"excerpt":{"rendered":"<p>Luc\u00eda Beltr\u00e1n Sedano es cantaora con ra\u00edces y alas. No concibe un solo d\u00eda lejos de este arte que solo concede a unos pocos el don de pasearlo en su garganta.<\/p>\n","protected":false,"gt_translate_keys":[{"key":"rendered","format":"html"}]},"author":29,"featured_media":436,"comment_status":"open","ping_status":"open","sticky":false,"template":"","format":"standard","meta":{"_acf_changed":false,"pmpro_default_level":"","jnews-multi-image_gallery":[],"jnews_single_post":null,"jnews_primary_category":{"id":"106"},"jnews_override_bookmark_settings":{"override_bookmark_button":"0","override_show_bookmark_button":"0"},"jnews_social_meta":[],"jnews_review":[],"enable_review":"","type":"percentage","name":"","summary":"","brand":"","sku":"","good":[],"bad":[],"score_override":"","override_value":"","rating":[],"price":[],"jnews_override_counter":{"view_counter_number":"0","share_counter_number":"0","like_counter_number":"0","dislike_counter_number":"0"},"footnotes":""},"categories":[38,130],"tags":[58,336,337,338],"class_list":["post-435","post","type-post","status-publish","format-standard","has-post-thumbnail","hentry","category-en-portada","category-entrevistas","tag-cantaora-flamenca","tag-cantaora-onubense","tag-entrevista","tag-lucia-beltran-sedano","pmpro-has-access"],"acf":[],"aioseo_notices":[],"gt_translate_keys":[{"key":"link","format":"url"}],"_links":{"self":[{"href":"https:\/\/expoflamenco.com\/revista\/wp-json\/wp\/v2\/posts\/435","targetHints":{"allow":["GET"]}}],"collection":[{"href":"https:\/\/expoflamenco.com\/revista\/wp-json\/wp\/v2\/posts"}],"about":[{"href":"https:\/\/expoflamenco.com\/revista\/wp-json\/wp\/v2\/types\/post"}],"author":[{"embeddable":true,"href":"https:\/\/expoflamenco.com\/revista\/wp-json\/wp\/v2\/users\/29"}],"replies":[{"embeddable":true,"href":"https:\/\/expoflamenco.com\/revista\/wp-json\/wp\/v2\/comments?post=435"}],"version-history":[{"count":1,"href":"https:\/\/expoflamenco.com\/revista\/wp-json\/wp\/v2\/posts\/435\/revisions"}],"predecessor-version":[{"id":534,"href":"https:\/\/expoflamenco.com\/revista\/wp-json\/wp\/v2\/posts\/435\/revisions\/534"}],"wp:featuredmedia":[{"embeddable":true,"href":"https:\/\/expoflamenco.com\/revista\/wp-json\/wp\/v2\/media\/436"}],"wp:attachment":[{"href":"https:\/\/expoflamenco.com\/revista\/wp-json\/wp\/v2\/media?parent=435"}],"wp:term":[{"taxonomy":"category","embeddable":true,"href":"https:\/\/expoflamenco.com\/revista\/wp-json\/wp\/v2\/categories?post=435"},{"taxonomy":"post_tag","embeddable":true,"href":"https:\/\/expoflamenco.com\/revista\/wp-json\/wp\/v2\/tags?post=435"}],"curies":[{"name":"wp","href":"https:\/\/api.w.org\/{rel}","templated":true}]}}