{"id":432,"date":"2025-12-06T10:42:10","date_gmt":"2025-12-06T09:42:10","guid":{"rendered":"https:\/\/expoflamenco.com\/revistanew\/exitosa-gira-de-rafael-ramirez-por-estados-unidos-con-su-cronica-de-un-suceso\/"},"modified":"2026-01-16T08:35:25","modified_gmt":"2026-01-16T07:35:25","slug":"exitosa-gira-de-rafael-ramirez-por-estados-unidos-con-su-cronica-de-un-suceso","status":"publish","type":"post","link":"https:\/\/expoflamenco.com\/revista\/exitosa-gira-de-rafael-ramirez-por-estados-unidos-con-su-cronica-de-un-suceso\/","title":{"rendered":"Exitosa gira de Rafael Ram\u00edrez por Estados Unidos con su &#8216;Cr\u00f3nica de un suceso&#8217;","gt_translate_keys":[{"key":"rendered","format":"text"}]},"content":{"rendered":"<p>Ciudades como NY, Washington DC, Seattle, Sarasota, Portland, Miami, Chicago o New Orleans han sido testigos del \u00e9xito de <strong><em>Cr\u00f3nica de un suceso<\/em><\/strong>, la \u00faltima propuesta esc\u00e9nica de <strong>Rafael Ram\u00edrez<\/strong> ha sido catalogada por la cr\u00edtica especializada del <em>Nuevo Herald de Miami<\/em> como \u201cuna obra maestra\u201d.<\/p>\n<p>La herencia del bailaor <strong>Antonio Gades<\/strong> est\u00e1 presente constantemente en el trasfondo de este espect\u00e1culo: sus nociones, su esencia, su revoluci\u00f3n, su atrevimiento y su concepto del espacio esc\u00e9nico. Y es que su visi\u00f3n de la danza no era lejana a la que tenemos hoy. Lejos de ser una producci\u00f3n biogr\u00e1fica, este proyecto art\u00edstico utiliza momentos clave en la vida de Gades como br\u00fajula para explorar su esencia, su audacia y su visi\u00f3n innovadora.<\/p>\n<p>&nbsp;<\/p>\n<blockquote>\n<p class=\"p1\"><em>\u00abEste regreso al futuro de Gades ser\u00e1 recordado para siempre como un momento de reafirmaci\u00f3n positiva para su creador. En el mundo del ballet flamenco de c\u00e1mara, &#8216;Cr\u00f3nica de un Suceso<span class=\"s1\"><b>&#8216; <\/b><\/span>es danza de autor en su m\u00e1s exquisita expresi\u00f3n\u00bb (Orlando Taquechel &#8211; Nuevo Herald Miami)<\/em><\/p>\n<\/blockquote>\n<p>&nbsp;<\/p>\n<div class=\"jeg_video_container jeg_video_content\"><iframe title=\" Rafael Ram\u00edrez &quot;Cr\u00f3nica de un suceso&quot;\" width=\"500\" height=\"281\" src=\"https:\/\/www.youtube.com\/embed\/nkYOJ1Ctaf4?feature=oembed\" frameborder=\"0\" allow=\"accelerometer; autoplay; clipboard-write; encrypted-media; gyroscope; picture-in-picture; web-share\" referrerpolicy=\"strict-origin-when-cross-origin\" allowfullscreen><\/iframe><\/div>\n<p>&nbsp;<\/p>\n<p>Con el flamenco como eje central, la obra atraviesa l\u00edneas contempor\u00e1neas y vanguardistas, dejando claro que su arte esc\u00e9nico sigue siendo vigente y poderoso. Es un viaje en el tiempo que conecta lo que Gades fue con lo que contin\u00faa siendo para la danza y la cultura. Ser\u00e1n su baile y su concepto tra\u00eddos al siglo XXI en cuerpo y alma.<\/p>\n<p>Esta \u00faltima propuesta de Rafael Ram\u00edrez se engloba dentro del primer ciclo <strong>Nuevos Creadores<\/strong> organizado por el <a href=\"https:\/\/www.centrodanzamatadero.es\/\" target=\"_blank\" rel=\"noopener\">Centro de Danza Matadero<\/a>, Madrid. Se trata del quinto espect\u00e1culo que Ram\u00edrez propone en escena tras <em>Entorno<\/em>, <em>Toques en mi conciencia, Recelo<\/em> y <em>Lo Preciso<\/em>, con los que se ha alzado con importantes premios como el Revelaci\u00f3n del Festival de Jerez 2023 o el premio Desplante en la edici\u00f3n del Concurso de La Uni\u00f3n 2021. \u2666<\/p>\n<p>&nbsp;<\/p>\n<figure id=\"attachment_84525\" aria-describedby=\"caption-attachment-84525\" style=\"width: 1067px\" class=\"wp-caption aligncenter\"><a href=\"https:\/\/expoflamenco.com\/revista\/wp-content\/uploads\/sites\/17\/2025\/12\/rafael-ramirez-1-foto-ana-palma.webp\"><img fetchpriority=\"high\" decoding=\"async\" class=\"size-full wp-image-84525\" src=\"https:\/\/expoflamenco.com\/revista\/wp-content\/uploads\/sites\/17\/2025\/12\/rafael-ramirez-1-foto-ana-palma.webp\" alt=\"El bailaor Rafael Ram\u00edrez. Foto: Ana Palma\" width=\"1067\" height=\"1600\" \/><\/a><figcaption id=\"caption-attachment-84525\" class=\"wp-caption-text\">El bailaor Rafael Ram\u00edrez. Foto: Ana Palma<\/figcaption><\/figure>\n<p>&nbsp;<\/p>\n","protected":false,"gt_translate_keys":[{"key":"rendered","format":"html"}]},"excerpt":{"rendered":"<p>Tras la gira americana \u2013Miami, Washington DC, Nueva York, Chicago, Nueva Orleans&#8230;\u2013, el bailaor malague\u00f1o Rafael Ram\u00edrez presenta su espect\u00e1culo los d\u00edas 27 y 28 de diciembre en el Centro de Danza Matadero de Madrid.<\/p>\n","protected":false,"gt_translate_keys":[{"key":"rendered","format":"html"}]},"author":5,"featured_media":434,"comment_status":"open","ping_status":"open","sticky":false,"template":"","format":"standard","meta":{"_acf_changed":false,"pmpro_default_level":"","jnews-multi-image_gallery":[],"jnews_single_post":null,"jnews_primary_category":{"id":"44"},"jnews_override_bookmark_settings":{"override_bookmark_button":"0","override_show_bookmark_button":"0"},"jnews_social_meta":[],"jnews_review":[],"enable_review":"","type":"percentage","name":"","summary":"","brand":"","sku":"","good":[],"bad":[],"score_override":"","override_value":"","rating":[],"price":[],"jnews_override_counter":{"view_counter_number":"0","share_counter_number":"0","like_counter_number":"0","dislike_counter_number":"0"},"footnotes":""},"categories":[38,47],"tags":[84,335],"class_list":["post-432","post","type-post","status-publish","format-standard","has-post-thumbnail","hentry","category-en-portada","category-internacional","tag-bailaor-flamenco","tag-rafael-ramirez","pmpro-has-access"],"acf":[],"aioseo_notices":[],"gt_translate_keys":[{"key":"link","format":"url"}],"_links":{"self":[{"href":"https:\/\/expoflamenco.com\/revista\/wp-json\/wp\/v2\/posts\/432","targetHints":{"allow":["GET"]}}],"collection":[{"href":"https:\/\/expoflamenco.com\/revista\/wp-json\/wp\/v2\/posts"}],"about":[{"href":"https:\/\/expoflamenco.com\/revista\/wp-json\/wp\/v2\/types\/post"}],"author":[{"embeddable":true,"href":"https:\/\/expoflamenco.com\/revista\/wp-json\/wp\/v2\/users\/5"}],"replies":[{"embeddable":true,"href":"https:\/\/expoflamenco.com\/revista\/wp-json\/wp\/v2\/comments?post=432"}],"version-history":[{"count":1,"href":"https:\/\/expoflamenco.com\/revista\/wp-json\/wp\/v2\/posts\/432\/revisions"}],"predecessor-version":[{"id":533,"href":"https:\/\/expoflamenco.com\/revista\/wp-json\/wp\/v2\/posts\/432\/revisions\/533"}],"wp:featuredmedia":[{"embeddable":true,"href":"https:\/\/expoflamenco.com\/revista\/wp-json\/wp\/v2\/media\/434"}],"wp:attachment":[{"href":"https:\/\/expoflamenco.com\/revista\/wp-json\/wp\/v2\/media?parent=432"}],"wp:term":[{"taxonomy":"category","embeddable":true,"href":"https:\/\/expoflamenco.com\/revista\/wp-json\/wp\/v2\/categories?post=432"},{"taxonomy":"post_tag","embeddable":true,"href":"https:\/\/expoflamenco.com\/revista\/wp-json\/wp\/v2\/tags?post=432"}],"curies":[{"name":"wp","href":"https:\/\/api.w.org\/{rel}","templated":true}]}}