{"id":4319,"date":"2026-01-27T21:43:32","date_gmt":"2026-01-27T20:43:32","guid":{"rendered":"https:\/\/expoflamenco.com\/revista\/?p=4319"},"modified":"2026-01-27T21:43:32","modified_gmt":"2026-01-27T20:43:32","slug":"un-estudio-y-antologia-serio-y-ameno-sobre-los-cantes-mineros","status":"publish","type":"post","link":"https:\/\/expoflamenco.com\/revista\/un-estudio-y-antologia-serio-y-ameno-sobre-los-cantes-mineros\/","title":{"rendered":"Un estudio y antolog\u00eda serio y ameno sobre los cantes mineros","gt_translate_keys":[{"key":"rendered","format":"text"}]},"content":{"rendered":"<p>No cabe duda de que una parcela importante de los palos flamencos es la de los llamados cantes de Levante o mineros, entre otras denominaciones. Hablamos de la taranta, la cartagenera, el taranto o la minera, entre otros. Sobre este grupo peculiar hay ya estudios muy logrados, como los de <strong>Jos\u00e9 Luis Navarro<\/strong>, <strong>M.\u00aa \u00c1ngeles G\u00f3mez<\/strong>, <strong>Pedro L\u00f3pez Mart\u00ednez<\/strong>, <strong>G\u00e9nesis Garc\u00eda G\u00f3mez<\/strong>, <strong>Antonio Sevillano Miralles<\/strong>, etc.<\/p>\n<p>O el autor del libro que comentamos, el profesor <strong>Jos\u00e9 Francisco Ortega Castej\u00f3n<\/strong>, autor anteriormente del libro <em>Cantes de las Minas, Cantes por tarantas<\/em>, editado por Signatura en 2011, en el que ya hac\u00eda una cr\u00edtica de la investigaci\u00f3n poco cient\u00edfica y sin base musical que a menudo invade o invad\u00eda los estudios sobre flamenco. En la contraportada se alud\u00eda a estos cantes como \u00abuna de las ramas m\u00e1s ricas y diversas, pero tambi\u00e9n controvertida e intrincada, del frondoso \u00e1rbol del flamenco\u00bb. Y, con ayuda de argumentos musicales, se ahondaba con seriedad en qu\u00e9 cantes componen esta familia, sus or\u00edgenes, su singularidad, artistas fundamentales, evoluci\u00f3n hist\u00f3rica, etc. Un gran trabajo, como no pod\u00eda ser menos, pues el autor es doctor en Filolog\u00eda Cl\u00e1sica y, atenci\u00f3n, titulado superior en las especialidades de Pedagog\u00eda, Solfeo y Teor\u00eda de la M\u00fasica y Musicolog\u00eda, profesor del \u00e1rea musical de la <a href=\"https:\/\/www.um.es\/\" target=\"_blank\" rel=\"noopener\">Universidad de Murcia<\/a>, am\u00e9n de director de la revista de investigaci\u00f3n sobre flamenco <a href=\"https:\/\/revistas.um.es\/flamenco\" target=\"_blank\" rel=\"noopener\"><strong><em>La Madrug\u00e1<\/em><\/strong><\/a>, entre otros m\u00e9ritos y esfuerzos.<\/p>\n<p>Gracias a la colaboraci\u00f3n de las universidades de Ja\u00e9n y de Murcia, precisamente, se ha editado <strong><em>Coplas y discograf\u00eda del cante minero<\/em>\u2013<em>levantino<\/em><\/strong>, con pr\u00f3logo de <strong>Antonio Parra<\/strong>, quien afirma desde su competente opini\u00f3n que este libro ser\u00e1 imprescindible para quien quiera aproximarse a los cantes minero\u2013levantinos y sus autores.<\/p>\n<p>La obra contin\u00faa con un pre\u00e1mbulo del autor, aclaraciones sobre su contenido, la continuidad con el libro anterior citado y la necesidad de aumentar el n\u00famero de coplas o letras flamencas grabadas y difundidas en disco o en otras modalidades. Recuerda que Pedro L\u00f3pez Mart\u00ednez reuni\u00f3 en su libro <strong><em>Compendio y an\u00e1lisis de la letra minera<\/em><\/strong> (2006) 450 coplas del cante minero y, sospechando que la cifra era m\u00e1s amplia, tuvo el est\u00edmulo para esta investigaci\u00f3n. En concreto, alcanza 1352, e incluso hay hasta unas tres mil en sus archivos.<\/p>\n<p>En la introducci\u00f3n al corpus o conjunto de coplas hace un necesario recorrido por el estado de la cuesti\u00f3n y aclara con detalle los criterios de su trabajo, abordando aspectos como la denominaci\u00f3n \u2013los citados o cante por tarantas para el conjunto\u2013, la inclusi\u00f3n de letras mineras que se han cantado por otros palos, datos y cifras sobre discograf\u00eda, etc.<\/p>\n<p>Le sigue el corpus de coplas y sus referencias discogr\u00e1ficas. Por \u00faltimo, y de gran utilidad, encontramos hasta ocho \u00edndices: tem\u00e1tico, de t\u00e9rminos, topon\u00edmico, onom\u00e1stico, de autores, de cantaores, de guitarristas y de palos. Para no perderse, en definitiva, algo muy importante para el lector, y, desde luego, para el investigador que use la obra como punto de partida para futuras investigaciones o comentarios.<\/p>\n<p>El profesor Ortega comenta que las coplas mineras tienen temas variados universales, s\u00ed, pero tambi\u00e9n espec\u00edficos \u2013la mina, el m\u00e1s patente\u2013; o que al cante, la m\u00e9trica es otra cosa, pues el int\u00e9rprete adapta, recorta, produciendo esa mutabilidad o variabilidad de la copla flamenca; que el octos\u00edlabo es el verso prevalente y la estrofa la quintilla; o que, como criterio ortogr\u00e1fico, no usa cursiva para los vulgarismos, y estos los usa solo cuando afectan a la m\u00e9trica o a la expresividad.<\/p>\n<p>Afirma que la letra m\u00e1s grabada es la siguiente:<\/p>\n<p>&nbsp;<\/p>\n<p><em>Un lunes por la ma\u00f1ana<\/em><br \/>\n<em>los p\u00edcaros tartaneros<\/em><br \/>\n<em>le robaron las manzanas<\/em><br \/>\n<em>a los pobres arrieros<\/em><br \/>\n<em>que ven\u00edan de Totana.<\/em><\/p>\n<p>&nbsp;<\/p>\n<p>La escuchamos en la voz de <strong>Enrique Morente<\/strong> con la guitarra de <strong>Pepe Habichuela<\/strong> en su disco homenaje a <strong>Don Antonio Chac\u00f3n<\/strong>:<\/p>\n<p>&nbsp;<\/p>\n<div class=\"jeg_video_container jeg_video_content\"><iframe title=\"Los p\u00edcaros tartaneros\" width=\"500\" height=\"375\" src=\"https:\/\/www.youtube.com\/embed\/k85Y_5aPlfM?feature=oembed\" frameborder=\"0\" allow=\"accelerometer; autoplay; clipboard-write; encrypted-media; gyroscope; picture-in-picture; web-share\" referrerpolicy=\"strict-origin-when-cross-origin\" allowfullscreen><\/iframe><\/div>\n<p>&nbsp;<\/p>\n<p>Y los palos mineros m\u00e1s presentes, la taranta y el taranto. Destaca algunos discos dedicados a estos cantes de manera monogr\u00e1fica, como los de <strong>Diego Clavel<\/strong> o <strong>Curro Pi\u00f1ana<\/strong>. En la parte de bibliograf\u00eda, no se alarga, al contrario que en el libro anterior, de varias p\u00e1ginas. Aqu\u00ed tal vez no era necesario, aunque algunos libros los echamos de menos, como los de G\u00e9nesis Garc\u00eda G\u00f3mez y su interpretaci\u00f3n cultural de estos cantes, de 1993, o biograf\u00edas como las de <strong>Jos\u00e9 Gelardo<\/strong> sobre Rojo el Alpargatero \u2013Almuzara, 2007 \u2013, ambos citados en el anterior libro. Otros no, como el de la profesora <strong>Ana Mar\u00eda D\u00edaz Olaya<\/strong>, <em>Miner\u00eda, flamenco y caf\u00e9s cantantes en Linares<\/em> \u20131868-1918\u2013, de 2008. Y no dejan de salir novedades, como la obra de <strong>Jos\u00e9 Ram\u00f3n Medina<\/strong>, a quien segu\u00ed en el programa de doctorado de investigaci\u00f3n de flamenco que coordin\u00e9 en la Universidad de Sevilla, una tesis y luego libro sobre el flamenco en la prensa en Linares. En fin, que no pare, por favor, que no pare la investigaci\u00f3n a fondo.<\/p>\n<p>Aqu\u00ed escuchamos la murciana de Curro Pi\u00f1ana, en directo en la sala El Dorado, con la guitarra de <strong>Juan Ram\u00f3n Caro<\/strong>:<\/p>\n<p>&nbsp;<\/p>\n<div class=\"jeg_video_container jeg_video_content\"><iframe title=\"Curro Pi\u00f1ana y Juan Ram\u00f3n Caro - Murciana\" width=\"500\" height=\"281\" src=\"https:\/\/www.youtube.com\/embed\/GFxfAvtQndw?feature=oembed\" frameborder=\"0\" allow=\"accelerometer; autoplay; clipboard-write; encrypted-media; gyroscope; picture-in-picture; web-share\" referrerpolicy=\"strict-origin-when-cross-origin\" allowfullscreen><\/iframe><\/div>\n<p>&nbsp;<\/p>\n<p>Ciertamente, el libro que nos ocupa se detiene en una vertiente, corpus de coplas y su ficha discogr\u00e1fica, que borda, y no, como en su primer libro, en profundizaci\u00f3n conceptual, musical e hist\u00f3rica. De modo que, uniendo estas dos obras de Ortega Castej\u00f3n tenemos un panorama amplio, completo, riguroso acerca de los cantes minero-levantinos. No me olvidar\u00e9 de agradecer, claro, la cita a mi libro <strong><em>Con pocas palabras<\/em><\/strong> \u2013Signatura, 2007\u2013 y las letras de mi autor\u00eda que grab\u00f3 <strong>Calixto S\u00e1nchez<\/strong> con <strong>Manolo Franco<\/strong> en el ced\u00e9\u00a0<strong><em>La poes\u00eda del flamenco<\/em><\/strong>, que se adjunt\u00f3 al n\u00famero de la revista <em>Litoral<\/em>, donde aparec\u00edan estas letras por cartagenera, nuestra humilde aportaci\u00f3n como letrista a la discograf\u00eda de estos cantes:<\/p>\n<p>&nbsp;<\/p>\n<p><em>En el campo luce el sol,<\/em><br \/>\n<em>en los mares corre el viento,<\/em><br \/>\n<em>pero en la mina ni Dios<\/em><br \/>\n<em>ni los santitos del cielo<\/em><br \/>\n<em>se acuerdan de los mineros.<\/em><\/p>\n<p><em>\u00a1Qu\u00e9 negrito es el carb\u00f3n,<\/em><br \/>\n<em>qu\u00e9 negra la pena m\u00eda!<\/em><br \/>\n<em>Cuando cojo mi farol<\/em><br \/>\n<em>me va tragando la mina<\/em><br \/>\n<em>y le voy rezando a Dios.<\/em><\/p>\n<p>&nbsp;<\/p>\n<p>Perdonen, uno tiene sus debilidades. Si entonces fue para m\u00ed un lujo y un sue\u00f1o estar en ese disco en la voz del maestro Calixto, ahora lo es tambi\u00e9n que hayan sido recogidas en un libro de esta categor\u00eda de un prestigioso investigador. Los cr\u00edticos tambi\u00e9n tenemos nuestros sue\u00f1os e ilusiones. Ahora, en mi caso, con fuerza otro: que mi paisana la joven cantaora <strong>Lidia Rodr\u00edguez<\/strong> llegue pronto alto, y en ello creo, en el <strong>Concurso de La Uni\u00f3n<\/strong>, si adem\u00e1s con alguna letra m\u00eda, como parece, ya no se creer\u00e1n el gozo, pues para eso se hacen las letras flamencas b\u00e1sicamente, para que les den vuelo, voz, esencia.<\/p>\n<p>Bien, me despido recomendando, como suele decirse, encarecidamente esta obra, con algunas de las coplas mineras que podr\u00e1n ver en el amplio y variado corpus. La primera una minera de <strong>Pencho Cros<\/strong>, la segunda de <strong>Antonio Murciano<\/strong>, que describe muy bien lo necesario para cantar bien por tarantas, y la tercera una magn\u00edfica de taranto de Fosforito:<\/p>\n<p>&nbsp;<\/p>\n<p><em>Da la vida el buen minero<\/em><br \/>\n<em>cortando plomo del tajo;<\/em><br \/>\n<em>mientras lleva la barrena<\/em><br \/>\n<em>cantando va por lo bajo:<\/em><br \/>\n<em>\u00ab\u00a1Qu\u00e9 mala suerte me espera!\u00bb<\/em><\/p>\n<p>&nbsp;<\/p>\n<p><em>Pa cantar bien por tarantas<\/em><br \/>\n<em>tres cosas son menester:<\/em><br \/>\n<em>una mina en la garganta,<\/em><br \/>\n<em>que a uno lo mine un querer<\/em><br \/>\n<em>o ser minero el que canta.<\/em><\/p>\n<p>&nbsp;<\/p>\n<p><em>Las fuerzas me est\u00e1n faltando<\/em><br \/>\n<em>porque ya no puedo m\u00e1s;<\/em><br \/>\n<em>ni siquiera este taranto<\/em><br \/>\n<em>voy a poder terminar:<\/em><br \/>\n<em>por eso canto llorando.<\/em><\/p>\n<p>&nbsp;<\/p>\n<p>Esta \u00faltima pueden escucharla en una grabaci\u00f3n de Canal Sur, con la guitarra de <strong>Manuel Silveria<\/strong>, de 1996. Es la segunda letra:<\/p>\n<p>&nbsp;<\/p>\n<div class=\"jeg_video_container jeg_video_content\"><iframe title=\"Taranto. Fosforito. 1996\" width=\"500\" height=\"281\" src=\"https:\/\/www.youtube.com\/embed\/bMZQLtlePMQ?feature=oembed\" frameborder=\"0\" allow=\"accelerometer; autoplay; clipboard-write; encrypted-media; gyroscope; picture-in-picture; web-share\" referrerpolicy=\"strict-origin-when-cross-origin\" allowfullscreen><\/iframe><\/div>\n<p>&nbsp;<\/p>\n<p>&nbsp;<\/p>\n<p>\u2192 Jos\u00e9 Francisco Ortega Castej\u00f3n, <em>Coplas y discograf\u00eda del cante minero-levantino<\/em>, Universidad de Murcia-Universidad de Ja\u00e9n, 2025, 454 p\u00e1ginas.<\/p>\n<p>&nbsp;<\/p>\n<p><a href=\"https:\/\/expoflamenco.com\/revista\/wp-content\/uploads\/sites\/46\/2026\/01\/libro-flamenco-coplas-y-discografia-del-cante-minero-levantino-jose-francisco-ortega-castejon.webp\"><img fetchpriority=\"high\" decoding=\"async\" class=\"aligncenter size-full wp-image-4323\" src=\"https:\/\/expoflamenco.com\/revista\/wp-content\/uploads\/sites\/46\/2026\/01\/libro-flamenco-coplas-y-discografia-del-cante-minero-levantino-jose-francisco-ortega-castejon.webp\" alt=\"\" width=\"1380\" height=\"1920\" srcset=\"https:\/\/expoflamenco.com\/revista\/wp-content\/uploads\/sites\/46\/2026\/01\/libro-flamenco-coplas-y-discografia-del-cante-minero-levantino-jose-francisco-ortega-castejon.webp 1380w, https:\/\/expoflamenco.com\/revista\/wp-content\/uploads\/sites\/46\/2026\/01\/libro-flamenco-coplas-y-discografia-del-cante-minero-levantino-jose-francisco-ortega-castejon-216x300.webp 216w, https:\/\/expoflamenco.com\/revista\/wp-content\/uploads\/sites\/46\/2026\/01\/libro-flamenco-coplas-y-discografia-del-cante-minero-levantino-jose-francisco-ortega-castejon-736x1024.webp 736w, https:\/\/expoflamenco.com\/revista\/wp-content\/uploads\/sites\/46\/2026\/01\/libro-flamenco-coplas-y-discografia-del-cante-minero-levantino-jose-francisco-ortega-castejon-768x1069.webp 768w, https:\/\/expoflamenco.com\/revista\/wp-content\/uploads\/sites\/46\/2026\/01\/libro-flamenco-coplas-y-discografia-del-cante-minero-levantino-jose-francisco-ortega-castejon-1104x1536.webp 1104w, https:\/\/expoflamenco.com\/revista\/wp-content\/uploads\/sites\/46\/2026\/01\/libro-flamenco-coplas-y-discografia-del-cante-minero-levantino-jose-francisco-ortega-castejon-750x1043.webp 750w, https:\/\/expoflamenco.com\/revista\/wp-content\/uploads\/sites\/46\/2026\/01\/libro-flamenco-coplas-y-discografia-del-cante-minero-levantino-jose-francisco-ortega-castejon-1140x1586.webp 1140w\" sizes=\"(max-width: 1380px) 100vw, 1380px\" \/><\/a><\/p>\n<p>&nbsp;<\/p>\n","protected":false,"gt_translate_keys":[{"key":"rendered","format":"html"}]},"excerpt":{"rendered":"<p>El libro &#8216;Coplas y discograf\u00eda del cante minero-levantino&#8217;, de Jos\u00e9 Francisco Ortega Castej\u00f3n, ser\u00e1 imprescindible para quien quiera aproximarse a estos cantes y sus autores.<\/p>\n","protected":false,"gt_translate_keys":[{"key":"rendered","format":"html"}]},"author":24,"featured_media":4324,"comment_status":"open","ping_status":"open","sticky":false,"template":"","format":"standard","meta":{"_acf_changed":false,"pmpro_default_level":"","jnews-multi-image_gallery":[],"jnews_single_post":{"format":"standard","override":[{"template":"3","parallax":"1","fullscreen":"1","layout":"right-sidebar","sidebar":"default-sidebar","second_sidebar":"default-sidebar","sticky_sidebar":"1","share_position":"top","share_float_style":"share-monocrhome","show_share_counter":"1","show_featured":"1","show_post_meta":"1","show_post_author":"1","show_post_author_image":"1","show_post_date":"1","post_date_format":"default","post_date_format_custom":"Y\/m\/d","show_post_reading_time":"1","post_reading_time_wpm":"250","post_calculate_word_method":"str_word_count","show_zoom_button":"1","zoom_button_out_step":"2","zoom_button_in_step":"3","show_popup_post":"1","show_comment_section":"1","number_popup_post":"1","show_author_box":"1","show_post_related":"1","show_inline_post_related":"1"}],"image_override":[{"single_post_thumbnail_size":"crop-500","single_post_gallery_size":"crop-500"}],"trending_post_position":"meta","trending_post_label":"Trending","sponsored_post_label":"Sponsored by","disable_ad":"0","subtitle":"El libro 'Coplas y discograf\u00eda del cante minero-levantino', de Jos\u00e9 Francisco Ortega Castej\u00f3n, ser\u00e1 imprescindible para quien quiera aproximarse a estos cantes y sus autores."},"jnews_primary_category":{"id":"94"},"jnews_override_bookmark_settings":{"override_bookmark_button":"0","override_show_bookmark_button":"0"},"jnews_social_meta":[],"jnews_review":[],"enable_review":"","type":"percentage","name":"","summary":"","brand":"","sku":"","good":[],"bad":[],"score_override":"","override_value":"","rating":[],"price":[],"jnews_override_counter":{"view_counter_number":"0","share_counter_number":"0","like_counter_number":"0","dislike_counter_number":"0"},"footnotes":""},"categories":[162,38,94],"tags":[6814,6815,6813,6816,133],"class_list":["post-4319","post","type-post","status-publish","format-standard","has-post-thumbnail","hentry","category-con-una-copla-de-mas","category-en-portada","category-firmas","tag-cantes-de-levante","tag-cantes-mineros","tag-coplas-y-discografia-del-cante-minero-levantino","tag-jose-francisco-ortega-castejon","tag-libro-flamenco","pmpro-has-access"],"acf":[],"aioseo_notices":[],"gt_translate_keys":[{"key":"link","format":"url"}],"_links":{"self":[{"href":"https:\/\/expoflamenco.com\/revista\/wp-json\/wp\/v2\/posts\/4319","targetHints":{"allow":["GET"]}}],"collection":[{"href":"https:\/\/expoflamenco.com\/revista\/wp-json\/wp\/v2\/posts"}],"about":[{"href":"https:\/\/expoflamenco.com\/revista\/wp-json\/wp\/v2\/types\/post"}],"author":[{"embeddable":true,"href":"https:\/\/expoflamenco.com\/revista\/wp-json\/wp\/v2\/users\/24"}],"replies":[{"embeddable":true,"href":"https:\/\/expoflamenco.com\/revista\/wp-json\/wp\/v2\/comments?post=4319"}],"version-history":[{"count":1,"href":"https:\/\/expoflamenco.com\/revista\/wp-json\/wp\/v2\/posts\/4319\/revisions"}],"predecessor-version":[{"id":4325,"href":"https:\/\/expoflamenco.com\/revista\/wp-json\/wp\/v2\/posts\/4319\/revisions\/4325"}],"wp:featuredmedia":[{"embeddable":true,"href":"https:\/\/expoflamenco.com\/revista\/wp-json\/wp\/v2\/media\/4324"}],"wp:attachment":[{"href":"https:\/\/expoflamenco.com\/revista\/wp-json\/wp\/v2\/media?parent=4319"}],"wp:term":[{"taxonomy":"category","embeddable":true,"href":"https:\/\/expoflamenco.com\/revista\/wp-json\/wp\/v2\/categories?post=4319"},{"taxonomy":"post_tag","embeddable":true,"href":"https:\/\/expoflamenco.com\/revista\/wp-json\/wp\/v2\/tags?post=4319"}],"curies":[{"name":"wp","href":"https:\/\/api.w.org\/{rel}","templated":true}]}}