{"id":4315,"date":"2026-01-27T20:50:57","date_gmt":"2026-01-27T19:50:57","guid":{"rendered":"https:\/\/expoflamenco.com\/revista\/?p=4315"},"modified":"2026-01-27T20:52:07","modified_gmt":"2026-01-27T19:52:07","slug":"rafael-el-negro-y-el-titi-polos-opuestos-que-definen-triana","status":"publish","type":"post","link":"https:\/\/expoflamenco.com\/revista\/rafael-el-negro-y-el-titi-polos-opuestos-que-definen-triana\/","title":{"rendered":"Rafael el Negro y el Titi, polos opuestos que definen Triana","gt_translate_keys":[{"key":"rendered","format":"text"}]},"content":{"rendered":"<p>\u201cEn el barrio de Triana ya no hay pluma ni tintero\u201d, seg\u00fan informa el verso m\u00e1s tradicional del cante de <em>debla<\/em> interpretado a palo seco (sin acompa\u00f1amiento musical). <strong>Triana, barrio de Sevilla<\/strong>, cuna hist\u00f3rica del flamenco, punto de encuentro que chorrea tradici\u00f3n del arte jondo con grandes maestros, desde el mismo legendario cantaor <strong>Planeta<\/strong> y otros muchos que vendr\u00edan despu\u00e9s. El bailaor <strong>Rafael Garc\u00eda Rodr\u00edguez<\/strong> (1932-2010), conocido art\u00edsticamente como <strong>Rafael &#8216;El Negro&#8217;<\/strong>, naci\u00f3 en esta hist\u00f3rica zona de Sevilla.<\/p>\n<p>Triana, un barrio vinculado al flamenco, es donde Rafael el Negro se crio y comenz\u00f3 su carrera art\u00edstica antes de convertirse en figura destacada del baile flamenco. La <strong>Alameda de H\u00e9rcules<\/strong> identifica el barrio arquitect\u00f3nicamente con sus hist\u00f3ricas columnas, la escuela de tonadillera de <strong>Adelita Domingo<\/strong> o la m\u00edtica academia de baile del maestro <strong>Realito<\/strong>, quien daba clases a la famosa pareja infantil de <strong>Antonio<\/strong> y <strong>Rosario<\/strong>.<\/p>\n<p>En la primera parte del siglo XX, e incluso antes, hab\u00eda en la Alameda un ambiente de bohemia, cuartitos con el aire espeso de humo, alcohol y se\u00f1oritos que ambientaban las voces de <strong>Torre, Tom\u00e1s Pav\u00f3n, Caracol<\/strong> o <strong>Pastora Pav\u00f3n<\/strong>, entre muchos otros.<\/p>\n<p>&nbsp;<\/p>\n<blockquote><p><em>\u00abLa escuela sevillana como fue interpretada por Matilde Coral, el estilo poderoso de Farruco, y el aire elegante de Rafael el Negro son elementos fundamentales de la base del baile flamenco como se entiende en la actualidad\u00bb<\/em><\/p><\/blockquote>\n<p>&nbsp;<\/p>\n<p>Otro personaje de Triana, el famoso <strong>Titi<\/strong> con sus tangos peculiares, muchos en escala menor, dando un aire populachero complementado a menudo por una exagerada sugestiva manera de bailar de perreo con sus movimientos erotic\u00f3micos. El popular cantaor catal\u00e1n <strong>Miguel Poveda<\/strong>, con excelente paladar, ha dado nueva vida a los tangos del Titi que ha incorporado en sus espect\u00e1culos con su propio baile simp\u00e1tico.<\/p>\n<p>Al otro extremo est\u00e9tico, el baile de Rafael el Negro fue la elegancia esencializada frente al r\u00fastico estilo empleado para los tangos del Titi. Rafael el Negro, esposo de la gran bailaora y maestra <strong>Matilde Coral<\/strong>, vest\u00eda fino, se mov\u00eda con sobriedad e inspir\u00f3 el estilo minimalista de una nueva generaci\u00f3n. Cuando el bailaor <strong>Farruco<\/strong> y Matilde formaron tr\u00edo con Rafael llam\u00e1ndolo <strong>Los Bolecos<\/strong>, fue el bombazo, seg\u00fan recuerda la cantaora <strong>Mar\u00eda Vargas<\/strong>.<\/p>\n<p>En 1970 el tr\u00edo gan\u00f3 el Primer Premio de la C\u00e1tedra de Flamencolog\u00eda de Jerez en la categor\u00eda de baile, concedido por la organizaci\u00f3n por su creaci\u00f3n como tr\u00edo. Hoy en d\u00eda la escuela sevillana como fue interpretada por Matilde Coral, el estilo poderoso de Farruco, y el aire elegante de Rafael el Negro son elementos fundamentales de la base del baile flamenco como se entiende en la actualidad.<\/p>\n<p>&nbsp;<\/p>\n","protected":false,"gt_translate_keys":[{"key":"rendered","format":"html"}]},"excerpt":{"rendered":"<p>Triana, un barrio vinculado al flamenco, es donde Rafael el Negro se crio y comenz\u00f3 su carrera art\u00edstica antes de convertirse en figura destacada del baile flamenco.<\/p>\n","protected":false,"gt_translate_keys":[{"key":"rendered","format":"html"}]},"author":35,"featured_media":4316,"comment_status":"open","ping_status":"open","sticky":false,"template":"","format":"standard","meta":{"_acf_changed":false,"pmpro_default_level":"","jnews-multi-image_gallery":[],"jnews_single_post":{"format":"standard","override":[{"template":"3","parallax":"1","fullscreen":"1","layout":"right-sidebar","sidebar":"default-sidebar","second_sidebar":"default-sidebar","sticky_sidebar":"1","share_position":"top","share_float_style":"share-monocrhome","show_share_counter":"1","show_featured":"1","show_post_meta":"1","show_post_author":"1","show_post_author_image":"1","show_post_date":"1","post_date_format":"default","post_date_format_custom":"Y\/m\/d","show_post_reading_time":"1","post_reading_time_wpm":"250","post_calculate_word_method":"str_word_count","show_zoom_button":"1","zoom_button_out_step":"2","zoom_button_in_step":"3","show_popup_post":"1","show_comment_section":"1","number_popup_post":"1","show_author_box":"1","show_post_related":"1","show_inline_post_related":"1"}],"image_override":[{"single_post_thumbnail_size":"crop-500","single_post_gallery_size":"crop-500"}],"trending_post_position":"meta","trending_post_label":"Trending","sponsored_post_label":"Sponsored by","disable_ad":"0","subtitle":"El baile de Rafael el Negro fue la elegancia esencializada frente al r\u00fastico estilo empleado para los tangos del Titi. Rafael el Negro, esposo de la gran bailaora y maestra Matilde Coral, vest\u00eda fino, se mov\u00eda con sobriedad e inspir\u00f3 el estilo minimalista de una nueva generaci\u00f3n."},"jnews_primary_category":{"id":"94"},"jnews_override_bookmark_settings":{"override_bookmark_button":"0","override_show_bookmark_button":"0"},"jnews_social_meta":[],"jnews_review":[],"enable_review":"","type":"percentage","name":"","summary":"","brand":"","sku":"","good":[],"bad":[],"score_override":"","override_value":"","rating":[],"price":[],"jnews_override_counter":{"view_counter_number":"0","share_counter_number":"0","like_counter_number":"0","dislike_counter_number":"0"},"footnotes":""},"categories":[38,95,94],"tags":[84,6809,6810,6812,6811],"class_list":["post-4315","post","type-post","status-publish","format-standard","has-post-thumbnail","hentry","category-en-portada","category-estela-flamenca","category-firmas","tag-bailaor-flamenco","tag-rafael-el-negro","tag-rafael-garcia-rodriguez","tag-tangos-del-titi","tag-titi","pmpro-has-access"],"acf":[],"aioseo_notices":[],"gt_translate_keys":[{"key":"link","format":"url"}],"_links":{"self":[{"href":"https:\/\/expoflamenco.com\/revista\/wp-json\/wp\/v2\/posts\/4315","targetHints":{"allow":["GET"]}}],"collection":[{"href":"https:\/\/expoflamenco.com\/revista\/wp-json\/wp\/v2\/posts"}],"about":[{"href":"https:\/\/expoflamenco.com\/revista\/wp-json\/wp\/v2\/types\/post"}],"author":[{"embeddable":true,"href":"https:\/\/expoflamenco.com\/revista\/wp-json\/wp\/v2\/users\/35"}],"replies":[{"embeddable":true,"href":"https:\/\/expoflamenco.com\/revista\/wp-json\/wp\/v2\/comments?post=4315"}],"version-history":[{"count":1,"href":"https:\/\/expoflamenco.com\/revista\/wp-json\/wp\/v2\/posts\/4315\/revisions"}],"predecessor-version":[{"id":4317,"href":"https:\/\/expoflamenco.com\/revista\/wp-json\/wp\/v2\/posts\/4315\/revisions\/4317"}],"wp:featuredmedia":[{"embeddable":true,"href":"https:\/\/expoflamenco.com\/revista\/wp-json\/wp\/v2\/media\/4316"}],"wp:attachment":[{"href":"https:\/\/expoflamenco.com\/revista\/wp-json\/wp\/v2\/media?parent=4315"}],"wp:term":[{"taxonomy":"category","embeddable":true,"href":"https:\/\/expoflamenco.com\/revista\/wp-json\/wp\/v2\/categories?post=4315"},{"taxonomy":"post_tag","embeddable":true,"href":"https:\/\/expoflamenco.com\/revista\/wp-json\/wp\/v2\/tags?post=4315"}],"curies":[{"name":"wp","href":"https:\/\/api.w.org\/{rel}","templated":true}]}}