{"id":426,"date":"2025-12-07T22:58:51","date_gmt":"2025-12-07T21:58:51","guid":{"rendered":"https:\/\/expoflamenco.com\/revistanew\/el-teatro-del-soho-caixabank-acoge-la-sexta-edicion-de-flamenco-en-el-soho\/"},"modified":"2026-01-16T08:35:19","modified_gmt":"2026-01-16T07:35:19","slug":"el-teatro-del-soho-caixabank-acoge-la-sexta-edicion-de-flamenco-en-el-soho","status":"publish","type":"post","link":"https:\/\/expoflamenco.com\/revista\/el-teatro-del-soho-caixabank-acoge-la-sexta-edicion-de-flamenco-en-el-soho\/","title":{"rendered":"El Teatro del Soho CaixaBank acoge la sexta edici\u00f3n de Flamenco en el Soho","gt_translate_keys":[{"key":"rendered","format":"text"}]},"content":{"rendered":"<p>M\u00e1laga ha vuelto a convertirse en epicentro cultural con la presentaci\u00f3n de la nueva temporada del <a href=\"https:\/\/teatrodelsoho.com\/\" target=\"_blank\" rel=\"noopener\">Teatro del Soho CaixaBank<\/a>, que celebra por sexto a\u00f1o consecutivo su ya imprescindible ciclo <strong>Flamenco en el Soho<\/strong>. Un proyecto nacido de la alianza entre el Teatro del Soho CaixaBank y Green Cow Music, decidido a situar al flamenco en el lugar que le corresponde m\u00e1s a\u00fan en un a\u00f1o en el que se cumple el 15\u00ba aniversario de su declaraci\u00f3n como Patrimonio Cultural Inmaterial de la Humanidad.<\/p>\n<p>As\u00ed, la edici\u00f3n de 2026 comienza el 16 de enero y se extiende hasta el 9 de mayo, reuniendo a algunas de las grandes figuras del g\u00e9nero, como son Farruquito, Manuel Lombo, Argentina, Marina Heredia y La Lupi junto a su compa\u00f1\u00eda,<br \/>\nquienes llevar\u00e1n a las tablas del Soho desde recitales \u00edntimos hasta nuevos proyectos nacidos de procesos de colaboraci\u00f3n e investigaci\u00f3n art\u00edstica.<\/p>\n<p>El 16 de enero de 2026 se inaugura la nueva edici\u00f3n del ciclo con <strong>Farruquito &amp; Quinteto Flamenco<\/strong>, un espect\u00e1culo de cante, toque y baile que invita a sentir sin filtros, a dejarse llevar y a escuchar al coraz\u00f3n. Concebido desde la honestidad, la propuesta nace como un gesto de entrega hacia el p\u00fablico que busca un flamenco puro y humano, sin artificios, donde la emoci\u00f3n es el verdadero hilo conductor. Durante sesenta minutos, el escenario se convierte en un recorrido vivo por seguiriya, solo de cante por tangos, alegr\u00edas, solo de guitarra, sole\u00e1, y un cierre festero, articulando un concierto que nace de la calle, del pueblo y de las vivencias de los artistas. Acompa\u00f1an a Juan Manuel Fern\u00e1ndez Montoya &#8216;Farruquito&#8217; <strong>Manuel Valencia<\/strong> al toque, <strong>Ismael de la Rosa \u2018El Bola\u2019, Manuel de la Nina<\/strong> y <strong>Mari Vizarraga<\/strong> al cante, y <strong>Paco Vega<\/strong> en percusi\u00f3n.<\/p>\n<p>La cantaora granadina <strong>Marina Heredia<\/strong>, una de las voces m\u00e1s se\u00f1eras de su generaci\u00f3n, llega al Teatro del Soho el 12 de marzo con <em>En libertad. El camino de los gitanos<\/em>, un proyecto que es mucho m\u00e1s que un disco: un viaje profundo al alma y a la memoria de todo un pueblo. Nacido de un proceso de investigaci\u00f3n y de una residencia art\u00edstica junto a la Duisburger Philharmoniker en Alemania, este trabajo entrelaza creaci\u00f3n musical y estudio hist\u00f3rico para convertir cada pieza tanto sinf\u00f3nica como de cante en testimonio, legado y celebraci\u00f3n del sexto<br \/>\ncentenario de la llegada documentada del pueblo gitano a la pen\u00ednsula ib\u00e9rica. Marina ofrece una mirada humana, rigurosa y luminosa que sit\u00faa esta memoria en el centro del arte y del debate actual.<\/p>\n<p>&nbsp;<\/p>\n<blockquote><p><em>\u00abFarruquito, Manuel Lombo, Argentina, Marina Heredia y La Lupi junto a su compa\u00f1\u00eda llevar\u00e1n a las tablas del Soho desde recitales \u00edntimos hasta nuevos proyectos nacidos de procesos de colaboraci\u00f3n e investigaci\u00f3n art\u00edstica\u00bb<\/em><\/p><\/blockquote>\n<p>&nbsp;<\/p>\n<p><a href=\"https:\/\/expoflamenco.com\/revista\/wp-content\/uploads\/sites\/17\/2025\/12\/ciclo-flamenco-en-el-soho-2026-malaga.jpg\"><img fetchpriority=\"high\" decoding=\"async\" class=\"aligncenter size-full wp-image-84552\" src=\"https:\/\/expoflamenco.com\/revista\/wp-content\/uploads\/sites\/17\/2025\/12\/ciclo-flamenco-en-el-soho-2026-malaga.jpg\" alt=\"\" width=\"1880\" height=\"671\" \/><\/a><\/p>\n<p>&nbsp;<\/p>\n<p><strong>Manuel Lombo<\/strong> nos invita a una experiencia \u00edntima y conmovedora con <em>Piano y Voz<\/em>, un espect\u00e1culo que va m\u00e1s all\u00e1 del concierto tradicional para convertirse en una conversaci\u00f3n abierta entre el artista, la m\u00fasica y el p\u00fablico que asistir\u00e1 al Teatro del Soho el 27 de marzo. Lombo explora aqu\u00ed la soledad y las emociones universales a trav\u00e9s de los grandes cl\u00e1sicos de la canci\u00f3n, dejando que la autenticidad de su voz y la desnudez musical penetren directamente en el coraz\u00f3n del espectador. Es una propuesta que celebra la palabra, el sentimiento y la vulnerabilidad compartida.<\/p>\n<p><strong>Argentina<\/strong>, una de las voces m\u00e1s emblem\u00e1ticas y apasionantes del flamenco contempor\u00e1neo, aplaudida por su timbre y la calidad de matices, presenta en<br \/>\nFlamenco en el Soho (8 de mayo, 20 horas) su espect\u00e1culo <em>Flamenco por Cantaora<\/em>. Este viaje art\u00edstico, profundo y conmovedor, recorre la esencia del flamenco a trav\u00e9s de los cantes que han forjado la historia de este arte universal. Con su inconfundible sello personal, la artista revive los palos m\u00e1s representativos del flamenco, desde la sole\u00e1 hasta las alegr\u00edas, pasando por seguiriyas, marianas, verdiales, romance, buler\u00edas y tantos. Cada interpretaci\u00f3n es un homenaje a las ra\u00edces, a los grandes maestros que abrieron camino, pero tambi\u00e9n un canto de renovaci\u00f3n, demostrando que el flamenco est\u00e1 m\u00e1s vivo que nunca.<\/p>\n<p>La bailaora y core\u00f3grafa Susana Lupi\u00e1\u00f1ez Pinto, conocida como <strong>La Lupi<\/strong>, irrumpe en este ciclo con su compa\u00f1\u00eda y el espect\u00e1culo <em>Lo in\u00e9dito<\/em>, una invitaci\u00f3n voyeur a descubrir un nuevo manifiesto esc\u00e9nico construido en cuadros que revelan la f\u00e9rrea voluntad de una artista por ir siempre m\u00e1s all\u00e1: m\u00e1s lejos, m\u00e1s profundo, en busca del pez dorado, de lo sublime. El p\u00fablico de. Flamenco en el Soho ser\u00e1 testigo el 9 de mayo de este viaje inexplorado incluso para la propia Lupi, un recorrido cargado de emociones euforia, fiereza, decepci\u00f3n, ira, esperanza o amor que se despliegan en una danza que celebra m\u00e1s de cuarenta a\u00f1os de entrega absoluta al rito esc\u00e9nico. El espect\u00e1culo cuenta con la direcci\u00f3n esc\u00e9nica y dramaturgia de <strong>Alberto Velasco<\/strong>, la voz de <strong>Alfredo Tejada<\/strong>, la guitarra de <strong>Antonio Gonz\u00e1lez<\/strong>, la percusi\u00f3n de <strong>David Galiano<\/strong>, artistas invitados al baile como<br \/>\n<strong>Miguel \u00c1ngel Corbacho<\/strong> o <strong>Iv\u00e1n Amaya<\/strong>, el ojo externo (4\u00aa escena) de Eva Yerbabuena y la colaboraci\u00f3n especial de Curro de Mar\u00eda.<\/p>\n<p>Las entradas para los diferentes espect\u00e1culos del ciclo est\u00e1n disponibles a trav\u00e9s de la p\u00e1gina web del espacio, en todos los puntos de venta de El Corte Ingl\u00e9s o en la taquilla del Teatro del Soho CaixaBank.<\/p>\n<p>&nbsp;<\/p>\n","protected":false,"gt_translate_keys":[{"key":"rendered","format":"html"}]},"excerpt":{"rendered":"<p>El ciclo malague\u00f1o ofrece encuentros \u00edntimos como los de Farruquito y Manuel Lombo, as\u00ed como las nuevas propuestas de Argentina, Marina Heredia y La Compa\u00f1\u00eda Flamenca La Lupi.<\/p>\n","protected":false,"gt_translate_keys":[{"key":"rendered","format":"html"}]},"author":5,"featured_media":427,"comment_status":"open","ping_status":"open","sticky":false,"template":"","format":"standard","meta":{"_acf_changed":false,"pmpro_default_level":"","jnews-multi-image_gallery":[],"jnews_single_post":null,"jnews_primary_category":{"id":"4226"},"jnews_override_bookmark_settings":{"override_bookmark_button":"0","override_show_bookmark_button":"0"},"jnews_social_meta":[],"jnews_review":[],"enable_review":"","type":"percentage","name":"","summary":"","brand":"","sku":"","good":[],"bad":[],"score_override":"","override_value":"","rating":[],"price":[],"jnews_override_counter":{"view_counter_number":"0","share_counter_number":"0","like_counter_number":"0","dislike_counter_number":"0"},"footnotes":""},"categories":[37,38],"tags":[85,86,60,88],"class_list":["post-426","post","type-post","status-publish","format-standard","has-post-thumbnail","hentry","category-actualidad","category-en-portada","tag-ciclo-flamenco","tag-farruquito","tag-festival-flamenco","tag-flamenco-en-el-soho","pmpro-has-access"],"acf":[],"aioseo_notices":[],"gt_translate_keys":[{"key":"link","format":"url"}],"_links":{"self":[{"href":"https:\/\/expoflamenco.com\/revista\/wp-json\/wp\/v2\/posts\/426","targetHints":{"allow":["GET"]}}],"collection":[{"href":"https:\/\/expoflamenco.com\/revista\/wp-json\/wp\/v2\/posts"}],"about":[{"href":"https:\/\/expoflamenco.com\/revista\/wp-json\/wp\/v2\/types\/post"}],"author":[{"embeddable":true,"href":"https:\/\/expoflamenco.com\/revista\/wp-json\/wp\/v2\/users\/5"}],"replies":[{"embeddable":true,"href":"https:\/\/expoflamenco.com\/revista\/wp-json\/wp\/v2\/comments?post=426"}],"version-history":[{"count":1,"href":"https:\/\/expoflamenco.com\/revista\/wp-json\/wp\/v2\/posts\/426\/revisions"}],"predecessor-version":[{"id":530,"href":"https:\/\/expoflamenco.com\/revista\/wp-json\/wp\/v2\/posts\/426\/revisions\/530"}],"wp:featuredmedia":[{"embeddable":true,"href":"https:\/\/expoflamenco.com\/revista\/wp-json\/wp\/v2\/media\/427"}],"wp:attachment":[{"href":"https:\/\/expoflamenco.com\/revista\/wp-json\/wp\/v2\/media?parent=426"}],"wp:term":[{"taxonomy":"category","embeddable":true,"href":"https:\/\/expoflamenco.com\/revista\/wp-json\/wp\/v2\/categories?post=426"},{"taxonomy":"post_tag","embeddable":true,"href":"https:\/\/expoflamenco.com\/revista\/wp-json\/wp\/v2\/tags?post=426"}],"curies":[{"name":"wp","href":"https:\/\/api.w.org\/{rel}","templated":true}]}}