{"id":4229,"date":"2026-01-25T21:40:24","date_gmt":"2026-01-25T20:40:24","guid":{"rendered":"https:\/\/expoflamenco.com\/revista\/?p=4229"},"modified":"2026-02-18T18:28:24","modified_gmt":"2026-02-18T17:28:24","slug":"enrique-el-extremeno-la-maestria-y-los-reanos","status":"publish","type":"post","link":"https:\/\/expoflamenco.com\/revista\/enrique-el-extremeno-la-maestria-y-los-reanos\/","title":{"rendered":"Enrique El Extreme\u00f1o: la maestr\u00eda y los rea\u00f1os","gt_translate_keys":[{"key":"rendered","format":"text"}]},"content":{"rendered":"<p>Ya no tiene que demostrar nada. M\u00e1s de setenta a\u00f1os calza la campana gorda que habita en su tragaero. Maestro de maestros. Todav\u00eda revuelca al m\u00e1s pintao cantando pa el baile y sin tacones de por medio. As\u00ed fue como vino a la <a href=\"https:\/\/www.xn--peaflamencatorresmacarena-9nc.com\/\" target=\"_blank\" rel=\"noopener\">Pe\u00f1a Flamenca Torres Macarena<\/a>, solo con su vozarr\u00f3n de tron\u00edo y empaque. Se marc\u00f3 nueve cantes y un fin de fiesta. Desde que despeg\u00f3 los labios ech\u00f3 el coraz\u00f3n por la boca como si le fuera la vida en ello. Y con la responsabilidad y el respeto que infunden las tablas. <strong>Enrique El Extreme\u00f1o<\/strong> volvi\u00f3 a liarla reafirmando su autoridad en el cante y en el comp\u00e1s, de donde entraba y sal\u00eda jugando con los tiempos como un prestidigitador ciego que al tacto huele d\u00f3nde hay un cierre o sabe por qu\u00e9 rinc\u00f3n colarse, esperar o endi\u00f1ar el pellizco que derrama los oles de un p\u00fablico cabal. Conoce todas las esquinas en las que dar el quiebro. Y as\u00ed como en el baile abrochan con los desplantes, Enrique sentencia y manda, haciendo el adem\u00e1n se\u00f1alando con sus dedos, all\u00ed al caer, en el sitio justo donde cortar el quej\u00edo y revolcar al p\u00fablico de placer y negra jondura. \u00a1Bendito sea! \u00a1<strong>Qu\u00e9 faltita hacen en el flamenco los zamarreones reondos, que jinquen las u\u00f1as, aunque est\u00e9 muy bien eso del cante bonito!<\/strong> El Extreme\u00f1o no entiende un tercio sin entregarse entero. No es cantaor de medias tintas. Te gusta o no te gusta. Pero se faja los machos en el entarimao y a ver qui\u00e9n le hace sombra. Brilla mejor apretando, pero tambi\u00e9n sabe mecerse buscando la sensibilidad en los bajos. Flamenco contundente y de verd\u00e1, cantaor de una pieza, cicl\u00f3n de jip\u00edos grandes\u2026 se encerr\u00f3 en el templo del arte en Sevilla y ofreci\u00f3 un recitalazo memorable y con rea\u00f1os a pecho descubierto regalando a borbotones su maestr\u00eda.<\/p>\n<p>Las palmas fueron de categor\u00eda, dibujando el son de Lebrija a Las 3000. <strong>Juan Diego Valencia<\/strong>, probablemente el mejor en lo suyo, y <strong>El Petete<\/strong>, bailaor y palmero de incuestionables dotes, adoquinaron las vereas negras por las que discurri\u00f3 el ga\u00f1ote de Enrique. Todo ello arropado por una guitarra de filigranas, con alzap\u00faas de v\u00e9rtigo, un soniquetazo incre\u00edble, bordones que pesan quintales y espuertas de falsetas jondas y gui\u00f1os originales en la composici\u00f3n. Tocaor de los que acompa\u00f1an sin molestar, recogiendo en los instantes oportunos, ali\u00f1ando su servidumbre sin olvidarse un tono de transici\u00f3n. Sobrao de t\u00e9cnica y comp\u00e1s, repleto de recursos, con afici\u00f3n y conocimiento del cante. <strong>Antonio Santiago \u00d1o\u00f1o<\/strong> llev\u00f3 en volandas a su padre a los postigos de la gloria.<\/p>\n<p>&nbsp;<\/p>\n<blockquote><p><em>\u00abEnrique El Extreme\u00f1o volvi\u00f3 a liarla reafirmando su autoridad en el cante y en el comp\u00e1s, de donde entraba y sal\u00eda jugando con los tiempos como un prestidigitador ciego que al tacto huele d\u00f3nde hay un cierre o sabe por qu\u00e9 rinc\u00f3n colarse, esperar o endi\u00f1ar el pellizco que derrama los oles de un p\u00fablico cabal\u00bb<\/em><\/p><\/blockquote>\n<p>&nbsp;<\/p>\n<div style='display:none' class=\"jeg_preview_slider gallery_1\" data-selector='gallery_1'>\n                        <div class=\"jeg_preview_holder\">\n                            <div class=\"jeg_preview_media\">\n                        <div class=\"jeg_preview_media_holder\">\n                            <h3>&nbsp;<\/h3>\n                            <div class=\"fullscreen-switch\">\n                                <i class=\"fa\"><\/i>\n                            <\/div>\n                            <div class=\"jeg_preview_media_content\">\n                                <div class=\"jeg_preview_media_content_holder_padding\">\n                                    <div class=\"jeg_preview_media_content_holder\"><\/div>\n                                <\/div>\n                                <div class=\"jeg_preview_media_content_navigation\">\n                                    <div class=\"prev\">\n\t\t\t\t\t\t\t\t\t\t<i class=\"fa\"><\/i>\n\t\t\t\t\t\t\t\t\t<\/div>\n                                    <div class=\"next\">\n\t\t\t\t\t\t\t\t\t\t<i class=\"fa\"><\/i>\n\t\t\t\t\t\t\t\t\t<\/div>\n                                <\/div>\n                                <div class='preview-slider-overlay'>\n                                    <div class='preloader_type preloader_dot'>\n                                        <div class=\"module-preloader jeg_preloader dot\">\n                                            <span><\/span><span><\/span><span><\/span>\n                                        <\/div>\n                                        <div class=\"module-preloader jeg_preloader circle\">\n                                            <div class=\"jnews_preloader_circle_outer\">\n                                                <div class=\"jnews_preloader_circle_inner\"><\/div>\n                                            <\/div>\n                                        <\/div>\n                                        <div class=\"module-preloader jeg_preloader square\">\n                                            <div class=\"jeg_square\">\n                                                <div class=\"jeg_square_inner\"><\/div>\n                                            <\/div>\n                                        <\/div>\n                                    <\/div>\n                                <\/div>\n                            <\/div>\n                            <div class=\"jeg_preview_control\">\n                                <div class=\"left_control\">\n                                    <div class=\"counter\"><span class=\"current\">1<\/span> de  15<\/div>\n                                    <div class=\"subtitle\"><\/div>\n                                <\/div>\n                                <div class=\"zoom\">\n                                    <span class=\"reduce\">-<\/span>\n                                    <span class=\"increase\">+<\/span>\n                                <\/div>\n                            <\/div>\n                        <\/div>\n                    <\/div>\n\n                    <div class=\"jeg_preview_bottom_slider\">\n                        <a data-id=\"0\" data-title=\"Recital de Enrique El Extreme\u00f1o. Pe\u00f1a Flamenca Torres Macarena, Sevilla. 24 enero 2026. Foto: Kiko Valle\" data-image=\"https:\/\/expoflamenco.com\/revista\/wp-content\/uploads\/sites\/46\/2026\/01\/expoflamenco-enrique-el-extremeno-2-pena-flamenca-torres-macarena-sevilla-ene26-foto-kiko-valle.webp\" href=\"https:\/\/expoflamenco.com\/revista\/wp-content\/uploads\/sites\/46\/2026\/01\/expoflamenco-enrique-el-extremeno-2-pena-flamenca-torres-macarena-sevilla-ene26-foto-kiko-valle.webp\" class=\"jeg_preview_item active\">\n                            <div class=\"jeg_preview_item_thumbnail\">\n                                <img decoding=\"async\" width=\"120\" height=\"86\" src=\"https:\/\/expoflamenco.com\/revista\/wp-content\/uploads\/sites\/46\/2026\/01\/expoflamenco-enrique-el-extremeno-2-pena-flamenca-torres-macarena-sevilla-ene26-foto-kiko-valle-120x86.webp\" class=\"attachment-jnews-120x86 size-jnews-120x86\" alt=\"Recital de Enrique El Extreme\u00f1o. Pe\u00f1a Flamenca Torres Macarena, Sevilla. 24 enero 2026. Foto: Kiko Valle\" srcset=\"https:\/\/expoflamenco.com\/revista\/wp-content\/uploads\/sites\/46\/2026\/01\/expoflamenco-enrique-el-extremeno-2-pena-flamenca-torres-macarena-sevilla-ene26-foto-kiko-valle-120x86.webp 120w, https:\/\/expoflamenco.com\/revista\/wp-content\/uploads\/sites\/46\/2026\/01\/expoflamenco-enrique-el-extremeno-2-pena-flamenca-torres-macarena-sevilla-ene26-foto-kiko-valle-350x250.webp 350w, https:\/\/expoflamenco.com\/revista\/wp-content\/uploads\/sites\/46\/2026\/01\/expoflamenco-enrique-el-extremeno-2-pena-flamenca-torres-macarena-sevilla-ene26-foto-kiko-valle-750x536.webp 750w\" sizes=\"(max-width: 120px) 100vw, 120px\" data-full-width=\"1140\" data-full-height=\"702\" \/>\n                            <\/div>\n                        <\/a><a data-id=\"1\" data-title=\"Recital de Enrique El Extreme\u00f1o. Pe\u00f1a Flamenca Torres Macarena, Sevilla. 24 enero 2026. Foto: Kiko Valle\" data-image=\"https:\/\/expoflamenco.com\/revista\/wp-content\/uploads\/sites\/46\/2026\/01\/expoflamenco-enrique-el-extremeno-3-pena-flamenca-torres-macarena-sevilla-ene26-foto-kiko-valle.webp\" href=\"https:\/\/expoflamenco.com\/revista\/wp-content\/uploads\/sites\/46\/2026\/01\/expoflamenco-enrique-el-extremeno-3-pena-flamenca-torres-macarena-sevilla-ene26-foto-kiko-valle.webp\" class=\"jeg_preview_item \">\n                            <div class=\"jeg_preview_item_thumbnail\">\n                                <img decoding=\"async\" width=\"120\" height=\"86\" src=\"https:\/\/expoflamenco.com\/revista\/wp-content\/uploads\/sites\/46\/2026\/01\/expoflamenco-enrique-el-extremeno-3-pena-flamenca-torres-macarena-sevilla-ene26-foto-kiko-valle-120x86.webp\" class=\"attachment-jnews-120x86 size-jnews-120x86\" alt=\"Recital de Enrique El Extreme\u00f1o. Pe\u00f1a Flamenca Torres Macarena, Sevilla. 24 enero 2026. Foto: Kiko Valle\" srcset=\"https:\/\/expoflamenco.com\/revista\/wp-content\/uploads\/sites\/46\/2026\/01\/expoflamenco-enrique-el-extremeno-3-pena-flamenca-torres-macarena-sevilla-ene26-foto-kiko-valle-120x86.webp 120w, https:\/\/expoflamenco.com\/revista\/wp-content\/uploads\/sites\/46\/2026\/01\/expoflamenco-enrique-el-extremeno-3-pena-flamenca-torres-macarena-sevilla-ene26-foto-kiko-valle-350x250.webp 350w, https:\/\/expoflamenco.com\/revista\/wp-content\/uploads\/sites\/46\/2026\/01\/expoflamenco-enrique-el-extremeno-3-pena-flamenca-torres-macarena-sevilla-ene26-foto-kiko-valle-750x536.webp 750w\" sizes=\"(max-width: 120px) 100vw, 120px\" data-full-width=\"1140\" data-full-height=\"702\" \/>\n                            <\/div>\n                        <\/a><a data-id=\"2\" data-title=\"Recital de Enrique El Extreme\u00f1o. Pe\u00f1a Flamenca Torres Macarena, Sevilla. 24 enero 2026. Foto: Kiko Valle\" data-image=\"https:\/\/expoflamenco.com\/revista\/wp-content\/uploads\/sites\/46\/2026\/01\/expoflamenco-enrique-el-extremeno-5-pena-flamenca-torres-macarena-sevilla-ene26-foto-kiko-valle.webp\" href=\"https:\/\/expoflamenco.com\/revista\/wp-content\/uploads\/sites\/46\/2026\/01\/expoflamenco-enrique-el-extremeno-5-pena-flamenca-torres-macarena-sevilla-ene26-foto-kiko-valle.webp\" class=\"jeg_preview_item \">\n                            <div class=\"jeg_preview_item_thumbnail\">\n                                <img decoding=\"async\" width=\"120\" height=\"86\" src=\"https:\/\/expoflamenco.com\/revista\/wp-content\/uploads\/sites\/46\/2026\/01\/expoflamenco-enrique-el-extremeno-5-pena-flamenca-torres-macarena-sevilla-ene26-foto-kiko-valle-120x86.webp\" class=\"attachment-jnews-120x86 size-jnews-120x86\" alt=\"Recital de Enrique El Extreme\u00f1o. Pe\u00f1a Flamenca Torres Macarena, Sevilla. 24 enero 2026. Foto: Kiko Valle\" srcset=\"https:\/\/expoflamenco.com\/revista\/wp-content\/uploads\/sites\/46\/2026\/01\/expoflamenco-enrique-el-extremeno-5-pena-flamenca-torres-macarena-sevilla-ene26-foto-kiko-valle-120x86.webp 120w, https:\/\/expoflamenco.com\/revista\/wp-content\/uploads\/sites\/46\/2026\/01\/expoflamenco-enrique-el-extremeno-5-pena-flamenca-torres-macarena-sevilla-ene26-foto-kiko-valle-350x250.webp 350w, https:\/\/expoflamenco.com\/revista\/wp-content\/uploads\/sites\/46\/2026\/01\/expoflamenco-enrique-el-extremeno-5-pena-flamenca-torres-macarena-sevilla-ene26-foto-kiko-valle-750x536.webp 750w\" sizes=\"(max-width: 120px) 100vw, 120px\" data-full-width=\"1140\" data-full-height=\"702\" \/>\n                            <\/div>\n                        <\/a><a data-id=\"3\" data-title=\"Recital de Enrique El Extreme\u00f1o. Pe\u00f1a Flamenca Torres Macarena, Sevilla. 24 enero 2026. Foto: Kiko Valle\" data-image=\"https:\/\/expoflamenco.com\/revista\/wp-content\/uploads\/sites\/46\/2026\/01\/expoflamenco-enrique-el-extremeno-4-pena-flamenca-torres-macarena-sevilla-ene26-foto-kiko-valle.webp\" href=\"https:\/\/expoflamenco.com\/revista\/wp-content\/uploads\/sites\/46\/2026\/01\/expoflamenco-enrique-el-extremeno-4-pena-flamenca-torres-macarena-sevilla-ene26-foto-kiko-valle.webp\" class=\"jeg_preview_item \">\n                            <div class=\"jeg_preview_item_thumbnail\">\n                                <img loading=\"lazy\" decoding=\"async\" width=\"120\" height=\"86\" src=\"https:\/\/expoflamenco.com\/revista\/wp-content\/uploads\/sites\/46\/2026\/01\/expoflamenco-enrique-el-extremeno-4-pena-flamenca-torres-macarena-sevilla-ene26-foto-kiko-valle-120x86.webp\" class=\"attachment-jnews-120x86 size-jnews-120x86\" alt=\"Recital de Enrique El Extreme\u00f1o. Pe\u00f1a Flamenca Torres Macarena, Sevilla. 24 enero 2026. Foto: Kiko Valle\" srcset=\"https:\/\/expoflamenco.com\/revista\/wp-content\/uploads\/sites\/46\/2026\/01\/expoflamenco-enrique-el-extremeno-4-pena-flamenca-torres-macarena-sevilla-ene26-foto-kiko-valle-120x86.webp 120w, https:\/\/expoflamenco.com\/revista\/wp-content\/uploads\/sites\/46\/2026\/01\/expoflamenco-enrique-el-extremeno-4-pena-flamenca-torres-macarena-sevilla-ene26-foto-kiko-valle-350x250.webp 350w, https:\/\/expoflamenco.com\/revista\/wp-content\/uploads\/sites\/46\/2026\/01\/expoflamenco-enrique-el-extremeno-4-pena-flamenca-torres-macarena-sevilla-ene26-foto-kiko-valle-750x536.webp 750w\" sizes=\"(max-width: 120px) 100vw, 120px\" data-full-width=\"1140\" data-full-height=\"702\" \/>\n                            <\/div>\n                        <\/a><a data-id=\"4\" data-title=\"Recital de Enrique El Extreme\u00f1o. Pe\u00f1a Flamenca Torres Macarena, Sevilla. 24 enero 2026. Foto: Kiko Valle\" data-image=\"https:\/\/expoflamenco.com\/revista\/wp-content\/uploads\/sites\/46\/2026\/01\/expoflamenco-enrique-el-extremeno-6-pena-flamenca-torres-macarena-sevilla-ene26-foto-kiko-valle.webp\" href=\"https:\/\/expoflamenco.com\/revista\/wp-content\/uploads\/sites\/46\/2026\/01\/expoflamenco-enrique-el-extremeno-6-pena-flamenca-torres-macarena-sevilla-ene26-foto-kiko-valle.webp\" class=\"jeg_preview_item \">\n                            <div class=\"jeg_preview_item_thumbnail\">\n                                <img loading=\"lazy\" decoding=\"async\" width=\"120\" height=\"86\" src=\"https:\/\/expoflamenco.com\/revista\/wp-content\/uploads\/sites\/46\/2026\/01\/expoflamenco-enrique-el-extremeno-6-pena-flamenca-torres-macarena-sevilla-ene26-foto-kiko-valle-120x86.webp\" class=\"attachment-jnews-120x86 size-jnews-120x86\" alt=\"Recital de Enrique El Extreme\u00f1o. Pe\u00f1a Flamenca Torres Macarena, Sevilla. 24 enero 2026. Foto: Kiko Valle\" srcset=\"https:\/\/expoflamenco.com\/revista\/wp-content\/uploads\/sites\/46\/2026\/01\/expoflamenco-enrique-el-extremeno-6-pena-flamenca-torres-macarena-sevilla-ene26-foto-kiko-valle-120x86.webp 120w, https:\/\/expoflamenco.com\/revista\/wp-content\/uploads\/sites\/46\/2026\/01\/expoflamenco-enrique-el-extremeno-6-pena-flamenca-torres-macarena-sevilla-ene26-foto-kiko-valle-350x250.webp 350w, https:\/\/expoflamenco.com\/revista\/wp-content\/uploads\/sites\/46\/2026\/01\/expoflamenco-enrique-el-extremeno-6-pena-flamenca-torres-macarena-sevilla-ene26-foto-kiko-valle-750x536.webp 750w\" sizes=\"(max-width: 120px) 100vw, 120px\" data-full-width=\"1140\" data-full-height=\"702\" \/>\n                            <\/div>\n                        <\/a><a data-id=\"5\" data-title=\"Recital de Enrique El Extreme\u00f1o. Pe\u00f1a Flamenca Torres Macarena, Sevilla. 24 enero 2026. Foto: Kiko Valle\" data-image=\"https:\/\/expoflamenco.com\/revista\/wp-content\/uploads\/sites\/46\/2026\/01\/expoflamenco-enrique-el-extremeno-7-pena-flamenca-torres-macarena-sevilla-ene26-foto-kiko-valle.webp\" href=\"https:\/\/expoflamenco.com\/revista\/wp-content\/uploads\/sites\/46\/2026\/01\/expoflamenco-enrique-el-extremeno-7-pena-flamenca-torres-macarena-sevilla-ene26-foto-kiko-valle.webp\" class=\"jeg_preview_item \">\n                            <div class=\"jeg_preview_item_thumbnail\">\n                                <img loading=\"lazy\" decoding=\"async\" width=\"120\" height=\"86\" src=\"https:\/\/expoflamenco.com\/revista\/wp-content\/uploads\/sites\/46\/2026\/01\/expoflamenco-enrique-el-extremeno-7-pena-flamenca-torres-macarena-sevilla-ene26-foto-kiko-valle-120x86.webp\" class=\"attachment-jnews-120x86 size-jnews-120x86\" alt=\"Recital de Enrique El Extreme\u00f1o. Pe\u00f1a Flamenca Torres Macarena, Sevilla. 24 enero 2026. Foto: Kiko Valle\" srcset=\"https:\/\/expoflamenco.com\/revista\/wp-content\/uploads\/sites\/46\/2026\/01\/expoflamenco-enrique-el-extremeno-7-pena-flamenca-torres-macarena-sevilla-ene26-foto-kiko-valle-120x86.webp 120w, https:\/\/expoflamenco.com\/revista\/wp-content\/uploads\/sites\/46\/2026\/01\/expoflamenco-enrique-el-extremeno-7-pena-flamenca-torres-macarena-sevilla-ene26-foto-kiko-valle-350x250.webp 350w, https:\/\/expoflamenco.com\/revista\/wp-content\/uploads\/sites\/46\/2026\/01\/expoflamenco-enrique-el-extremeno-7-pena-flamenca-torres-macarena-sevilla-ene26-foto-kiko-valle-750x536.webp 750w\" sizes=\"(max-width: 120px) 100vw, 120px\" data-full-width=\"1140\" data-full-height=\"702\" \/>\n                            <\/div>\n                        <\/a><a data-id=\"6\" data-title=\"Recital de Enrique El Extreme\u00f1o. Pe\u00f1a Flamenca Torres Macarena, Sevilla. 24 enero 2026. Foto: Kiko Valle\" data-image=\"https:\/\/expoflamenco.com\/revista\/wp-content\/uploads\/sites\/46\/2026\/01\/expoflamenco-enrique-el-extremeno-8-pena-flamenca-torres-macarena-sevilla-ene26-foto-kiko-valle.webp\" href=\"https:\/\/expoflamenco.com\/revista\/wp-content\/uploads\/sites\/46\/2026\/01\/expoflamenco-enrique-el-extremeno-8-pena-flamenca-torres-macarena-sevilla-ene26-foto-kiko-valle.webp\" class=\"jeg_preview_item \">\n                            <div class=\"jeg_preview_item_thumbnail\">\n                                <img loading=\"lazy\" decoding=\"async\" width=\"120\" height=\"86\" src=\"https:\/\/expoflamenco.com\/revista\/wp-content\/uploads\/sites\/46\/2026\/01\/expoflamenco-enrique-el-extremeno-8-pena-flamenca-torres-macarena-sevilla-ene26-foto-kiko-valle-120x86.webp\" class=\"attachment-jnews-120x86 size-jnews-120x86\" alt=\"Recital de Enrique El Extreme\u00f1o. Pe\u00f1a Flamenca Torres Macarena, Sevilla. 24 enero 2026. Foto: Kiko Valle\" srcset=\"https:\/\/expoflamenco.com\/revista\/wp-content\/uploads\/sites\/46\/2026\/01\/expoflamenco-enrique-el-extremeno-8-pena-flamenca-torres-macarena-sevilla-ene26-foto-kiko-valle-120x86.webp 120w, https:\/\/expoflamenco.com\/revista\/wp-content\/uploads\/sites\/46\/2026\/01\/expoflamenco-enrique-el-extremeno-8-pena-flamenca-torres-macarena-sevilla-ene26-foto-kiko-valle-350x250.webp 350w, https:\/\/expoflamenco.com\/revista\/wp-content\/uploads\/sites\/46\/2026\/01\/expoflamenco-enrique-el-extremeno-8-pena-flamenca-torres-macarena-sevilla-ene26-foto-kiko-valle-750x536.webp 750w\" sizes=\"(max-width: 120px) 100vw, 120px\" data-full-width=\"1140\" data-full-height=\"702\" \/>\n                            <\/div>\n                        <\/a><a data-id=\"7\" data-title=\"Recital de Enrique El Extreme\u00f1o. Pe\u00f1a Flamenca Torres Macarena, Sevilla. 24 enero 2026. Foto: Kiko Valle\" data-image=\"https:\/\/expoflamenco.com\/revista\/wp-content\/uploads\/sites\/46\/2026\/01\/expoflamenco-enrique-el-extremeno-9-pena-flamenca-torres-macarena-sevilla-ene26-foto-kiko-valle.webp\" href=\"https:\/\/expoflamenco.com\/revista\/wp-content\/uploads\/sites\/46\/2026\/01\/expoflamenco-enrique-el-extremeno-9-pena-flamenca-torres-macarena-sevilla-ene26-foto-kiko-valle.webp\" class=\"jeg_preview_item \">\n                            <div class=\"jeg_preview_item_thumbnail\">\n                                <img loading=\"lazy\" decoding=\"async\" width=\"120\" height=\"86\" src=\"https:\/\/expoflamenco.com\/revista\/wp-content\/uploads\/sites\/46\/2026\/01\/expoflamenco-enrique-el-extremeno-9-pena-flamenca-torres-macarena-sevilla-ene26-foto-kiko-valle-120x86.webp\" class=\"attachment-jnews-120x86 size-jnews-120x86\" alt=\"Recital de Enrique El Extreme\u00f1o. Pe\u00f1a Flamenca Torres Macarena, Sevilla. 24 enero 2026. Foto: Kiko Valle\" srcset=\"https:\/\/expoflamenco.com\/revista\/wp-content\/uploads\/sites\/46\/2026\/01\/expoflamenco-enrique-el-extremeno-9-pena-flamenca-torres-macarena-sevilla-ene26-foto-kiko-valle-120x86.webp 120w, https:\/\/expoflamenco.com\/revista\/wp-content\/uploads\/sites\/46\/2026\/01\/expoflamenco-enrique-el-extremeno-9-pena-flamenca-torres-macarena-sevilla-ene26-foto-kiko-valle-350x250.webp 350w, https:\/\/expoflamenco.com\/revista\/wp-content\/uploads\/sites\/46\/2026\/01\/expoflamenco-enrique-el-extremeno-9-pena-flamenca-torres-macarena-sevilla-ene26-foto-kiko-valle-750x536.webp 750w\" sizes=\"(max-width: 120px) 100vw, 120px\" data-full-width=\"1140\" data-full-height=\"702\" \/>\n                            <\/div>\n                        <\/a><a data-id=\"8\" data-title=\"Recital de Enrique El Extreme\u00f1o. Pe\u00f1a Flamenca Torres Macarena, Sevilla. 24 enero 2026. Foto: Kiko Valle\" data-image=\"https:\/\/expoflamenco.com\/revista\/wp-content\/uploads\/sites\/46\/2026\/01\/expoflamenco-enrique-el-extremeno-10-pena-flamenca-torres-macarena-sevilla-ene26-foto-kiko-valle.webp\" href=\"https:\/\/expoflamenco.com\/revista\/wp-content\/uploads\/sites\/46\/2026\/01\/expoflamenco-enrique-el-extremeno-10-pena-flamenca-torres-macarena-sevilla-ene26-foto-kiko-valle.webp\" class=\"jeg_preview_item \">\n                            <div class=\"jeg_preview_item_thumbnail\">\n                                <img loading=\"lazy\" decoding=\"async\" width=\"120\" height=\"86\" src=\"https:\/\/expoflamenco.com\/revista\/wp-content\/uploads\/sites\/46\/2026\/01\/expoflamenco-enrique-el-extremeno-10-pena-flamenca-torres-macarena-sevilla-ene26-foto-kiko-valle-120x86.webp\" class=\"attachment-jnews-120x86 size-jnews-120x86\" alt=\"Recital de Enrique El Extreme\u00f1o. Pe\u00f1a Flamenca Torres Macarena, Sevilla. 24 enero 2026. Foto: Kiko Valle\" srcset=\"https:\/\/expoflamenco.com\/revista\/wp-content\/uploads\/sites\/46\/2026\/01\/expoflamenco-enrique-el-extremeno-10-pena-flamenca-torres-macarena-sevilla-ene26-foto-kiko-valle-120x86.webp 120w, https:\/\/expoflamenco.com\/revista\/wp-content\/uploads\/sites\/46\/2026\/01\/expoflamenco-enrique-el-extremeno-10-pena-flamenca-torres-macarena-sevilla-ene26-foto-kiko-valle-350x250.webp 350w, https:\/\/expoflamenco.com\/revista\/wp-content\/uploads\/sites\/46\/2026\/01\/expoflamenco-enrique-el-extremeno-10-pena-flamenca-torres-macarena-sevilla-ene26-foto-kiko-valle-750x536.webp 750w\" sizes=\"(max-width: 120px) 100vw, 120px\" data-full-width=\"1140\" data-full-height=\"702\" \/>\n                            <\/div>\n                        <\/a><a data-id=\"9\" data-title=\"Recital de Enrique El Extreme\u00f1o. Pe\u00f1a Flamenca Torres Macarena, Sevilla. 24 enero 2026. Foto: Kiko Valle\" data-image=\"https:\/\/expoflamenco.com\/revista\/wp-content\/uploads\/sites\/46\/2026\/01\/expoflamenco-enrique-el-extremeno-11-pena-flamenca-torres-macarena-sevilla-ene26-foto-kiko-valle.webp\" href=\"https:\/\/expoflamenco.com\/revista\/wp-content\/uploads\/sites\/46\/2026\/01\/expoflamenco-enrique-el-extremeno-11-pena-flamenca-torres-macarena-sevilla-ene26-foto-kiko-valle.webp\" class=\"jeg_preview_item \">\n                            <div class=\"jeg_preview_item_thumbnail\">\n                                <img loading=\"lazy\" decoding=\"async\" width=\"120\" height=\"86\" src=\"https:\/\/expoflamenco.com\/revista\/wp-content\/uploads\/sites\/46\/2026\/01\/expoflamenco-enrique-el-extremeno-11-pena-flamenca-torres-macarena-sevilla-ene26-foto-kiko-valle-120x86.webp\" class=\"attachment-jnews-120x86 size-jnews-120x86\" alt=\"Recital de Enrique El Extreme\u00f1o. Pe\u00f1a Flamenca Torres Macarena, Sevilla. 24 enero 2026. Foto: Kiko Valle\" srcset=\"https:\/\/expoflamenco.com\/revista\/wp-content\/uploads\/sites\/46\/2026\/01\/expoflamenco-enrique-el-extremeno-11-pena-flamenca-torres-macarena-sevilla-ene26-foto-kiko-valle-120x86.webp 120w, https:\/\/expoflamenco.com\/revista\/wp-content\/uploads\/sites\/46\/2026\/01\/expoflamenco-enrique-el-extremeno-11-pena-flamenca-torres-macarena-sevilla-ene26-foto-kiko-valle-350x250.webp 350w, https:\/\/expoflamenco.com\/revista\/wp-content\/uploads\/sites\/46\/2026\/01\/expoflamenco-enrique-el-extremeno-11-pena-flamenca-torres-macarena-sevilla-ene26-foto-kiko-valle-750x536.webp 750w\" sizes=\"(max-width: 120px) 100vw, 120px\" data-full-width=\"1140\" data-full-height=\"702\" \/>\n                            <\/div>\n                        <\/a><a data-id=\"10\" data-title=\"Recital de Enrique El Extreme\u00f1o. Pe\u00f1a Flamenca Torres Macarena, Sevilla. 24 enero 2026. Foto: Kiko Valle\" data-image=\"https:\/\/expoflamenco.com\/revista\/wp-content\/uploads\/sites\/46\/2026\/01\/expoflamenco-enrique-el-extremeno-12-pena-flamenca-torres-macarena-sevilla-ene26-foto-kiko-valle.webp\" href=\"https:\/\/expoflamenco.com\/revista\/wp-content\/uploads\/sites\/46\/2026\/01\/expoflamenco-enrique-el-extremeno-12-pena-flamenca-torres-macarena-sevilla-ene26-foto-kiko-valle.webp\" class=\"jeg_preview_item \">\n                            <div class=\"jeg_preview_item_thumbnail\">\n                                <img loading=\"lazy\" decoding=\"async\" width=\"120\" height=\"86\" src=\"https:\/\/expoflamenco.com\/revista\/wp-content\/uploads\/sites\/46\/2026\/01\/expoflamenco-enrique-el-extremeno-12-pena-flamenca-torres-macarena-sevilla-ene26-foto-kiko-valle-120x86.webp\" class=\"attachment-jnews-120x86 size-jnews-120x86\" alt=\"Recital de Enrique El Extreme\u00f1o. Pe\u00f1a Flamenca Torres Macarena, Sevilla. 24 enero 2026. Foto: Kiko Valle\" srcset=\"https:\/\/expoflamenco.com\/revista\/wp-content\/uploads\/sites\/46\/2026\/01\/expoflamenco-enrique-el-extremeno-12-pena-flamenca-torres-macarena-sevilla-ene26-foto-kiko-valle-120x86.webp 120w, https:\/\/expoflamenco.com\/revista\/wp-content\/uploads\/sites\/46\/2026\/01\/expoflamenco-enrique-el-extremeno-12-pena-flamenca-torres-macarena-sevilla-ene26-foto-kiko-valle-350x250.webp 350w, https:\/\/expoflamenco.com\/revista\/wp-content\/uploads\/sites\/46\/2026\/01\/expoflamenco-enrique-el-extremeno-12-pena-flamenca-torres-macarena-sevilla-ene26-foto-kiko-valle-750x536.webp 750w\" sizes=\"(max-width: 120px) 100vw, 120px\" data-full-width=\"1140\" data-full-height=\"702\" \/>\n                            <\/div>\n                        <\/a><a data-id=\"11\" data-title=\"\u00d1o\u00f1o Santiago. Recital de Enrique El Extreme\u00f1o. Pe\u00f1a Flamenca Torres Macarena, Sevilla. 24 enero 2026. Foto: Kiko Valle\" data-image=\"https:\/\/expoflamenco.com\/revista\/wp-content\/uploads\/sites\/46\/2026\/01\/expoflamenco-enrique-el-extremeno-13-nono-santiago-en-pena-flamenca-torres-macarena-sevilla-ene26-foto-kiko-valle.webp\" href=\"https:\/\/expoflamenco.com\/revista\/wp-content\/uploads\/sites\/46\/2026\/01\/expoflamenco-enrique-el-extremeno-13-nono-santiago-en-pena-flamenca-torres-macarena-sevilla-ene26-foto-kiko-valle.webp\" class=\"jeg_preview_item \">\n                            <div class=\"jeg_preview_item_thumbnail\">\n                                <img loading=\"lazy\" decoding=\"async\" width=\"120\" height=\"86\" src=\"https:\/\/expoflamenco.com\/revista\/wp-content\/uploads\/sites\/46\/2026\/01\/expoflamenco-enrique-el-extremeno-13-nono-santiago-en-pena-flamenca-torres-macarena-sevilla-ene26-foto-kiko-valle-120x86.webp\" class=\"attachment-jnews-120x86 size-jnews-120x86\" alt=\"\u00d1o\u00f1o Santiago. Recital de Enrique El Extreme\u00f1o. Pe\u00f1a Flamenca Torres Macarena, Sevilla. 24 enero 2026. Foto: Kiko Valle\" srcset=\"https:\/\/expoflamenco.com\/revista\/wp-content\/uploads\/sites\/46\/2026\/01\/expoflamenco-enrique-el-extremeno-13-nono-santiago-en-pena-flamenca-torres-macarena-sevilla-ene26-foto-kiko-valle-120x86.webp 120w, https:\/\/expoflamenco.com\/revista\/wp-content\/uploads\/sites\/46\/2026\/01\/expoflamenco-enrique-el-extremeno-13-nono-santiago-en-pena-flamenca-torres-macarena-sevilla-ene26-foto-kiko-valle-350x250.webp 350w, https:\/\/expoflamenco.com\/revista\/wp-content\/uploads\/sites\/46\/2026\/01\/expoflamenco-enrique-el-extremeno-13-nono-santiago-en-pena-flamenca-torres-macarena-sevilla-ene26-foto-kiko-valle-750x536.webp 750w\" sizes=\"(max-width: 120px) 100vw, 120px\" data-full-width=\"1140\" data-full-height=\"702\" \/>\n                            <\/div>\n                        <\/a><a data-id=\"12\" data-title=\"\u00d1o\u00f1o Santiago. Recital de Enrique El Extreme\u00f1o. Pe\u00f1a Flamenca Torres Macarena, Sevilla. 24 enero 2026. Foto: Kiko Valle\" data-image=\"https:\/\/expoflamenco.com\/revista\/wp-content\/uploads\/sites\/46\/2026\/01\/expoflamenco-enrique-el-extremeno-14-nono-santiago-en-pena-flamenca-torres-macarena-sevilla-ene26-foto-kiko-valle.webp\" href=\"https:\/\/expoflamenco.com\/revista\/wp-content\/uploads\/sites\/46\/2026\/01\/expoflamenco-enrique-el-extremeno-14-nono-santiago-en-pena-flamenca-torres-macarena-sevilla-ene26-foto-kiko-valle.webp\" class=\"jeg_preview_item \">\n                            <div class=\"jeg_preview_item_thumbnail\">\n                                <img loading=\"lazy\" decoding=\"async\" width=\"120\" height=\"86\" src=\"https:\/\/expoflamenco.com\/revista\/wp-content\/uploads\/sites\/46\/2026\/01\/expoflamenco-enrique-el-extremeno-14-nono-santiago-en-pena-flamenca-torres-macarena-sevilla-ene26-foto-kiko-valle-120x86.webp\" class=\"attachment-jnews-120x86 size-jnews-120x86\" alt=\"\u00d1o\u00f1o Santiago. Recital de Enrique El Extreme\u00f1o. Pe\u00f1a Flamenca Torres Macarena, Sevilla. 24 enero 2026. Foto: Kiko Valle\" srcset=\"https:\/\/expoflamenco.com\/revista\/wp-content\/uploads\/sites\/46\/2026\/01\/expoflamenco-enrique-el-extremeno-14-nono-santiago-en-pena-flamenca-torres-macarena-sevilla-ene26-foto-kiko-valle-120x86.webp 120w, https:\/\/expoflamenco.com\/revista\/wp-content\/uploads\/sites\/46\/2026\/01\/expoflamenco-enrique-el-extremeno-14-nono-santiago-en-pena-flamenca-torres-macarena-sevilla-ene26-foto-kiko-valle-350x250.webp 350w, https:\/\/expoflamenco.com\/revista\/wp-content\/uploads\/sites\/46\/2026\/01\/expoflamenco-enrique-el-extremeno-14-nono-santiago-en-pena-flamenca-torres-macarena-sevilla-ene26-foto-kiko-valle-750x536.webp 750w\" sizes=\"(max-width: 120px) 100vw, 120px\" data-full-width=\"1140\" data-full-height=\"702\" \/>\n                            <\/div>\n                        <\/a><a data-id=\"13\" data-title=\"Juan Diego Valencia y Antonio Amaya El Petete. Recital de Enrique El Extreme\u00f1o. Pe\u00f1a Flamenca Torres Macarena, Sevilla. 24 enero 2026. Foto: Kiko Valle\" data-image=\"https:\/\/expoflamenco.com\/revista\/wp-content\/uploads\/sites\/46\/2026\/01\/expoflamenco-enrique-el-extremeno-15-petete-y-juan-diego-en-pena-flamenca-torres-macarena-sevilla-ene26-foto-kiko-valle.webp\" href=\"https:\/\/expoflamenco.com\/revista\/wp-content\/uploads\/sites\/46\/2026\/01\/expoflamenco-enrique-el-extremeno-15-petete-y-juan-diego-en-pena-flamenca-torres-macarena-sevilla-ene26-foto-kiko-valle.webp\" class=\"jeg_preview_item \">\n                            <div class=\"jeg_preview_item_thumbnail\">\n                                <img loading=\"lazy\" decoding=\"async\" width=\"120\" height=\"86\" src=\"https:\/\/expoflamenco.com\/revista\/wp-content\/uploads\/sites\/46\/2026\/01\/expoflamenco-enrique-el-extremeno-15-petete-y-juan-diego-en-pena-flamenca-torres-macarena-sevilla-ene26-foto-kiko-valle-120x86.webp\" class=\"attachment-jnews-120x86 size-jnews-120x86\" alt=\"Juan Diego Valencia y Antonio Amaya El Petete. Recital de Enrique El Extreme\u00f1o. Pe\u00f1a Flamenca Torres Macarena, Sevilla. 24 enero 2026. Foto: Kiko Valle\" srcset=\"https:\/\/expoflamenco.com\/revista\/wp-content\/uploads\/sites\/46\/2026\/01\/expoflamenco-enrique-el-extremeno-15-petete-y-juan-diego-en-pena-flamenca-torres-macarena-sevilla-ene26-foto-kiko-valle-120x86.webp 120w, https:\/\/expoflamenco.com\/revista\/wp-content\/uploads\/sites\/46\/2026\/01\/expoflamenco-enrique-el-extremeno-15-petete-y-juan-diego-en-pena-flamenca-torres-macarena-sevilla-ene26-foto-kiko-valle-350x250.webp 350w, https:\/\/expoflamenco.com\/revista\/wp-content\/uploads\/sites\/46\/2026\/01\/expoflamenco-enrique-el-extremeno-15-petete-y-juan-diego-en-pena-flamenca-torres-macarena-sevilla-ene26-foto-kiko-valle-750x536.webp 750w\" sizes=\"(max-width: 120px) 100vw, 120px\" data-full-width=\"1140\" data-full-height=\"702\" \/>\n                            <\/div>\n                        <\/a><a data-id=\"14\" data-title=\"Antonio Amaya El Petete. Recital de Enrique El Extreme\u00f1o. Pe\u00f1a Flamenca Torres Macarena, Sevilla. 24 enero 2026. Foto: Kiko Valle\" data-image=\"https:\/\/expoflamenco.com\/revista\/wp-content\/uploads\/sites\/46\/2026\/01\/expoflamenco-enrique-el-extremeno-16-petete-en-pena-flamenca-torres-macarena-sevilla-ene26-foto-kiko-valle.webp\" href=\"https:\/\/expoflamenco.com\/revista\/wp-content\/uploads\/sites\/46\/2026\/01\/expoflamenco-enrique-el-extremeno-16-petete-en-pena-flamenca-torres-macarena-sevilla-ene26-foto-kiko-valle.webp\" class=\"jeg_preview_item \">\n                            <div class=\"jeg_preview_item_thumbnail\">\n                                <img loading=\"lazy\" decoding=\"async\" width=\"120\" height=\"86\" src=\"https:\/\/expoflamenco.com\/revista\/wp-content\/uploads\/sites\/46\/2026\/01\/expoflamenco-enrique-el-extremeno-16-petete-en-pena-flamenca-torres-macarena-sevilla-ene26-foto-kiko-valle-120x86.webp\" class=\"attachment-jnews-120x86 size-jnews-120x86\" alt=\"Antonio Amaya El Petete. Recital de Enrique El Extreme\u00f1o. Pe\u00f1a Flamenca Torres Macarena, Sevilla. 24 enero 2026. Foto: Kiko Valle\" srcset=\"https:\/\/expoflamenco.com\/revista\/wp-content\/uploads\/sites\/46\/2026\/01\/expoflamenco-enrique-el-extremeno-16-petete-en-pena-flamenca-torres-macarena-sevilla-ene26-foto-kiko-valle-120x86.webp 120w, https:\/\/expoflamenco.com\/revista\/wp-content\/uploads\/sites\/46\/2026\/01\/expoflamenco-enrique-el-extremeno-16-petete-en-pena-flamenca-torres-macarena-sevilla-ene26-foto-kiko-valle-350x250.webp 350w, https:\/\/expoflamenco.com\/revista\/wp-content\/uploads\/sites\/46\/2026\/01\/expoflamenco-enrique-el-extremeno-16-petete-en-pena-flamenca-torres-macarena-sevilla-ene26-foto-kiko-valle-750x536.webp 750w\" sizes=\"(max-width: 120px) 100vw, 120px\" data-full-width=\"1140\" data-full-height=\"702\" \/>\n                            <\/div>\n                        <\/a>\n                    <\/div>\n                        <\/div>\n                        <div class=\"jeg_preview_description\">\n                            \n                            <div class=\"jeg_preview_description_wrapper\">\n                            <div class=\"jeg_hidden_preview_description\">\n                                <h3>1. Recital de Enrique El Extreme\u00f1o. Pe\u00f1a Flamenca Torres Macarena, Sevilla. 24 enero 2026. Foto: Kiko Valle<\/h3>\n                                <div class=\"jeg_preview_description_content\">\n                                    <p>Recital de Enrique El Extreme\u00f1o. Pe\u00f1a Flamenca Torres Macarena, Sevilla. 24 enero 2026. Foto: Kiko Valle<\/p>\n\n                                <\/div>\n                            <\/div><div class=\"jeg_hidden_preview_description\">\n                                <h3>2. Recital de Enrique El Extreme\u00f1o. Pe\u00f1a Flamenca Torres Macarena, Sevilla. 24 enero 2026. Foto: Kiko Valle<\/h3>\n                                <div class=\"jeg_preview_description_content\">\n                                    <p>Recital de Enrique El Extreme\u00f1o. Pe\u00f1a Flamenca Torres Macarena, Sevilla. 24 enero 2026. Foto: Kiko Valle<\/p>\n\n                                <\/div>\n                            <\/div><div class=\"jeg_hidden_preview_description\">\n                                <h3>3. Recital de Enrique El Extreme\u00f1o. Pe\u00f1a Flamenca Torres Macarena, Sevilla. 24 enero 2026. Foto: Kiko Valle<\/h3>\n                                <div class=\"jeg_preview_description_content\">\n                                    <p>Recital de Enrique El Extreme\u00f1o. Pe\u00f1a Flamenca Torres Macarena, Sevilla. 24 enero 2026. Foto: Kiko Valle<\/p>\n\n                                <\/div>\n                            <\/div><div class=\"jeg_hidden_preview_description\">\n                                <h3>4. Recital de Enrique El Extreme\u00f1o. Pe\u00f1a Flamenca Torres Macarena, Sevilla. 24 enero 2026. Foto: Kiko Valle<\/h3>\n                                <div class=\"jeg_preview_description_content\">\n                                    <p>Recital de Enrique El Extreme\u00f1o. Pe\u00f1a Flamenca Torres Macarena, Sevilla. 24 enero 2026. Foto: Kiko Valle<\/p>\n\n                                <\/div>\n                            <\/div><div class=\"jeg_hidden_preview_description\">\n                                <h3>5. Recital de Enrique El Extreme\u00f1o. Pe\u00f1a Flamenca Torres Macarena, Sevilla. 24 enero 2026. Foto: Kiko Valle<\/h3>\n                                <div class=\"jeg_preview_description_content\">\n                                    <p>Recital de Enrique El Extreme\u00f1o. Pe\u00f1a Flamenca Torres Macarena, Sevilla. 24 enero 2026. Foto: Kiko Valle<\/p>\n\n                                <\/div>\n                            <\/div><div class=\"jeg_hidden_preview_description\">\n                                <h3>6. Recital de Enrique El Extreme\u00f1o. Pe\u00f1a Flamenca Torres Macarena, Sevilla. 24 enero 2026. Foto: Kiko Valle<\/h3>\n                                <div class=\"jeg_preview_description_content\">\n                                    <p>Recital de Enrique El Extreme\u00f1o. Pe\u00f1a Flamenca Torres Macarena, Sevilla. 24 enero 2026. Foto: Kiko Valle<\/p>\n\n                                <\/div>\n                            <\/div><div class=\"jeg_hidden_preview_description\">\n                                <h3>7. Recital de Enrique El Extreme\u00f1o. Pe\u00f1a Flamenca Torres Macarena, Sevilla. 24 enero 2026. Foto: Kiko Valle<\/h3>\n                                <div class=\"jeg_preview_description_content\">\n                                    <p>Recital de Enrique El Extreme\u00f1o. Pe\u00f1a Flamenca Torres Macarena, Sevilla. 24 enero 2026. Foto: Kiko Valle<\/p>\n\n                                <\/div>\n                            <\/div><div class=\"jeg_hidden_preview_description\">\n                                <h3>8. Recital de Enrique El Extreme\u00f1o. Pe\u00f1a Flamenca Torres Macarena, Sevilla. 24 enero 2026. Foto: Kiko Valle<\/h3>\n                                <div class=\"jeg_preview_description_content\">\n                                    <p>Recital de Enrique El Extreme\u00f1o. Pe\u00f1a Flamenca Torres Macarena, Sevilla. 24 enero 2026. Foto: Kiko Valle<\/p>\n\n                                <\/div>\n                            <\/div><div class=\"jeg_hidden_preview_description\">\n                                <h3>9. Recital de Enrique El Extreme\u00f1o. Pe\u00f1a Flamenca Torres Macarena, Sevilla. 24 enero 2026. Foto: Kiko Valle<\/h3>\n                                <div class=\"jeg_preview_description_content\">\n                                    <p>Recital de Enrique El Extreme\u00f1o. Pe\u00f1a Flamenca Torres Macarena, Sevilla. 24 enero 2026. Foto: Kiko Valle<\/p>\n\n                                <\/div>\n                            <\/div><div class=\"jeg_hidden_preview_description\">\n                                <h3>10. Recital de Enrique El Extreme\u00f1o. Pe\u00f1a Flamenca Torres Macarena, Sevilla. 24 enero 2026. Foto: Kiko Valle<\/h3>\n                                <div class=\"jeg_preview_description_content\">\n                                    <p>Recital de Enrique El Extreme\u00f1o. Pe\u00f1a Flamenca Torres Macarena, Sevilla. 24 enero 2026. Foto: Kiko Valle<\/p>\n\n                                <\/div>\n                            <\/div><div class=\"jeg_hidden_preview_description\">\n                                <h3>11. Recital de Enrique El Extreme\u00f1o. Pe\u00f1a Flamenca Torres Macarena, Sevilla. 24 enero 2026. Foto: Kiko Valle<\/h3>\n                                <div class=\"jeg_preview_description_content\">\n                                    <p>Recital de Enrique El Extreme\u00f1o. Pe\u00f1a Flamenca Torres Macarena, Sevilla. 24 enero 2026. Foto: Kiko Valle<\/p>\n\n                                <\/div>\n                            <\/div><div class=\"jeg_hidden_preview_description\">\n                                <h3>12. \u00d1o\u00f1o Santiago. Recital de Enrique El Extreme\u00f1o. Pe\u00f1a Flamenca Torres Macarena, Sevilla. 24 enero 2026. Foto: Kiko Valle<\/h3>\n                                <div class=\"jeg_preview_description_content\">\n                                    <p>\u00d1o\u00f1o Santiago. Recital de Enrique El Extreme\u00f1o. Pe\u00f1a Flamenca Torres Macarena, Sevilla. 24 enero 2026. Foto: Kiko Valle<\/p>\n\n                                <\/div>\n                            <\/div><div class=\"jeg_hidden_preview_description\">\n                                <h3>13. \u00d1o\u00f1o Santiago. Recital de Enrique El Extreme\u00f1o. Pe\u00f1a Flamenca Torres Macarena, Sevilla. 24 enero 2026. Foto: Kiko Valle<\/h3>\n                                <div class=\"jeg_preview_description_content\">\n                                    <p>\u00d1o\u00f1o Santiago. Recital de Enrique El Extreme\u00f1o. Pe\u00f1a Flamenca Torres Macarena, Sevilla. 24 enero 2026. Foto: Kiko Valle<\/p>\n\n                                <\/div>\n                            <\/div><div class=\"jeg_hidden_preview_description\">\n                                <h3>14. Juan Diego Valencia y Antonio Amaya El Petete. Recital de Enrique El Extreme\u00f1o. Pe\u00f1a Flamenca Torres Macarena, Sevilla. 24 enero 2026. Foto: Kiko Valle<\/h3>\n                                <div class=\"jeg_preview_description_content\">\n                                    <p>Juan Diego Valencia y Antonio Amaya El Petete. Recital de Enrique El Extreme\u00f1o. Pe\u00f1a Flamenca Torres Macarena, Sevilla. 24 enero 2026. Foto: Kiko Valle<\/p>\n\n                                <\/div>\n                            <\/div><div class=\"jeg_hidden_preview_description\">\n                                <h3>15. Antonio Amaya El Petete. Recital de Enrique El Extreme\u00f1o. Pe\u00f1a Flamenca Torres Macarena, Sevilla. 24 enero 2026. Foto: Kiko Valle<\/h3>\n                                <div class=\"jeg_preview_description_content\">\n                                    <p>Antonio Amaya El Petete. Recital de Enrique El Extreme\u00f1o. Pe\u00f1a Flamenca Torres Macarena, Sevilla. 24 enero 2026. Foto: Kiko Valle<\/p>\n\n                                <\/div>\n                            <\/div>\n                            <\/div>\n                        <\/div>\n                        <script>\n                            var gallery_1 = {\n                                rtl: false,\n                                native_zoom: true,\n                                zoom_max: 5,\n                                zoom_step: 40,\n                                image_sequence: []\n                            };\n                        <\/script>\n                    <\/div>\n<p>&nbsp;<\/p>\n<p>Me gusta que un cantaor diga lo que hace. Principi\u00f3 por trilla, ton\u00e1 chica, martinete y corrido, remat\u00e1ndolo con el cierre seguiriyero de <em>ese pan moreno<\/em> que a m\u00ed me lleva a los aires de <strong>El Lebrijano<\/strong>. Aunque lo grabaron muchos. Estuvo arrolladoramente flamenco desde que pis\u00f3 los ensoleraos maderos de la pe\u00f1a. Lo hilvan\u00f3 todo despu\u00e9s por romance, holgao y pasao de enjundia. Se dulcific\u00f3 en el primer cuerpo de la malague\u00f1a de <strong>El Mellizo<\/strong> y empuj\u00f3 valiente en el segundo, ados\u00e1ndole una tr\u00edada de abandolaos que fueron incrementando el tempo. Dicen que a esta variante malague\u00f1era no le pegan. Pero a uno se le olvida el canon cuando se canta tan bien. Prosigui\u00f3 a la tremenda por canti\u00f1as, donde puso guirnaldas de colores a los cantes de C\u00e1diz, flirteando con los silencios y recreando las letras del repertorio que le he escuchado cien veces y nunca hace igual. Enrique manga como todos, pero al tamizarlo en su garganta ya solo es suyo, \u00fanico y personal. Trinca en algunos palos de <strong>Salazar<\/strong> y <strong>La Ca\u00f1eta<\/strong>, bebe tambi\u00e9n de tierras extreme\u00f1as, de <strong>El Turronero<\/strong>, El Lebrijano\u2026 pero siempre suena a \u00e9l mismo. \u00a1Y c\u00f3mo lo hizo por Levante! Tras un preludio de las seis cuerdas de alm\u00edbar de \u00d1o\u00f1o que le dej\u00f3 puestas las sedas para el temple, engarz\u00f3 taranto y los cantes de madrug\u00e1 que tanto le gusta hacer en honor a <strong>El Gallina <\/strong>y se acord\u00f3 de <em>Persecuci\u00f3n<\/em><strong>. <\/strong>Hasta aqu\u00ed la primera parte. Cinco.<\/p>\n<p>M\u00e1s cuatro y un fin de fiesta hicieron un total de diez cantes en el recital, que continu\u00f3 por tientos tangos, con letras de las que recogi\u00f3 en su \u00faltimo disco <strong><em>50 a\u00f1os de cante<\/em><\/strong> y un cartucho de tangos para el deleite. La sole\u00e1 por buler\u00edas pa ara\u00f1arse las vestiduras. Tribut\u00f3 a su cuna cantando por jaleos y form\u00f3 el taco por buler\u00edas echando el cerrojo con el cupl\u00e9 de <em>Coraz\u00f3n loco<\/em> y su pata\u00edta de age incluida. La familia de <strong>La Parre\u00f1a<\/strong>, <strong>Segundo Falc\u00f3n<\/strong> y <strong>Kotoha Setoguchi<\/strong> se subieron al fin de fiesta que pueden ver y juzgar m\u00e1s abajo. Fue la guinda del pastel.<\/p>\n<p><strong>Enrique El Extreme\u00f1o volvi\u00f3 a alegrarme las pajarillas.<\/strong> Provoc\u00f3 que me quemara el asiento y que arrojara un surtido de oles por incontinencia de aficionao. Si no, c\u00f3mo podr\u00eda yo escribir de estas cosas. Los jartibles nos fuimos al <strong>Attila<\/strong> a seguir celebrando la noche, rebosantes de alegr\u00eda, con el subid\u00f3n que el t\u00edo Enrique te pincha, con las pilas puestas. S\u00ed, me gusta. \u00bfY qu\u00e9? Me encant\u00f3 El Extreme\u00f1o, su maestr\u00eda y sus rea\u00f1os.<\/p>\n<p>&nbsp;<\/p>\n<p><strong>Ficha art\u00edstica<\/strong><\/p>\n<p>Recital de Enrique El Extreme\u00f1o<br \/>\nPe\u00f1a Flamenca Torres Macarena, Sevilla<br \/>\n24 de enero de 2026<br \/>\nCante: Enrique El Extreme\u00f1o<br \/>\nGuitarra: Antonio Santiago &#8216;\u00d1o\u00f1o&#8217;<br \/>\nPalmas: Juan Diego Valencia y Antonio Amaya El Petete<\/p>\n<p>&nbsp;<\/p>\n<div class=\"jeg_video_container jeg_video_content\"><iframe title=\"Enrique El Extreme\u00f1o - Torres Macarena\" width=\"500\" height=\"281\" src=\"https:\/\/www.youtube.com\/embed\/uFbxhYl4Juk?feature=oembed\" frameborder=\"0\" allow=\"accelerometer; autoplay; clipboard-write; encrypted-media; gyroscope; picture-in-picture; web-share\" referrerpolicy=\"strict-origin-when-cross-origin\" allowfullscreen><\/iframe><\/div>\n<div class=\"jeg_video_container jeg_video_content\"><iframe title=\"Enrique El Extreme\u00f1o - Fin de fiesta\" width=\"500\" height=\"281\" src=\"https:\/\/www.youtube.com\/embed\/OxyegPF7Yho?feature=oembed\" frameborder=\"0\" allow=\"accelerometer; autoplay; clipboard-write; encrypted-media; gyroscope; picture-in-picture; web-share\" referrerpolicy=\"strict-origin-when-cross-origin\" allowfullscreen><\/iframe><\/div>\n<p>&nbsp;<\/p>\n","protected":false,"gt_translate_keys":[{"key":"rendered","format":"html"}]},"excerpt":{"rendered":"<p>El Extreme\u00f1o se encerr\u00f3 en la Pe\u00f1a Flamenca Torres Macarena para entregarse a pecho descubierto en un recital arrolladoramente flamenco.<\/p>\n","protected":false,"gt_translate_keys":[{"key":"rendered","format":"html"}]},"author":63,"featured_media":4230,"comment_status":"open","ping_status":"open","sticky":false,"template":"","format":"standard","meta":{"_acf_changed":false,"pmpro_default_level":"","jnews-multi-image_gallery":[],"jnews_single_post":{"format":"standard","override":[{"template":"3","parallax":"1","fullscreen":"1","layout":"right-sidebar","sidebar":"default-sidebar","second_sidebar":"default-sidebar","sticky_sidebar":"1","share_position":"top","share_float_style":"share-monocrhome","show_share_counter":"1","show_featured":"1","show_post_meta":"1","show_post_author":"1","show_post_author_image":"1","show_post_date":"1","post_date_format":"default","post_date_format_custom":"Y\/m\/d","show_post_reading_time":"1","post_reading_time_wpm":"250","post_calculate_word_method":"str_word_count","show_zoom_button":"1","zoom_button_out_step":"2","zoom_button_in_step":"3","show_popup_post":"1","show_comment_section":"1","number_popup_post":"1","show_author_box":"1","show_post_related":"1","show_inline_post_related":"1"}],"image_override":[{"single_post_thumbnail_size":"crop-500","single_post_gallery_size":"crop-500"}],"trending_post_position":"meta","trending_post_label":"Trending","sponsored_post_label":"Sponsored by","disable_ad":"0","subtitle":"El Extreme\u00f1o se encerr\u00f3 en la Pe\u00f1a Flamenca Torres Macarena para entregarse a pecho descubierto en un recital arrolladoramente flamenco."},"jnews_primary_category":{"id":"46"},"jnews_override_bookmark_settings":{"override_bookmark_button":"0","override_show_bookmark_button":"0"},"jnews_social_meta":[],"jnews_review":[],"enable_review":"","type":"percentage","name":"","summary":"","brand":"","sku":"","good":[],"bad":[],"score_override":"","override_value":"","rating":[],"price":[],"jnews_override_counter":{"view_counter_number":"0","share_counter_number":"0","like_counter_number":"0","dislike_counter_number":"0"},"footnotes":""},"categories":[46,38],"tags":[54,1020,70],"class_list":["post-4229","post","type-post","status-publish","format-standard","has-post-thumbnail","hentry","category-cronicas","category-en-portada","tag-cantaor-flamenco","tag-enrique-el-extremeno","tag-pena-flamenca-torres-macarena-de-sevilla","pmpro-has-access"],"acf":[],"aioseo_notices":[],"gt_translate_keys":[{"key":"link","format":"url"}],"_links":{"self":[{"href":"https:\/\/expoflamenco.com\/revista\/wp-json\/wp\/v2\/posts\/4229","targetHints":{"allow":["GET"]}}],"collection":[{"href":"https:\/\/expoflamenco.com\/revista\/wp-json\/wp\/v2\/posts"}],"about":[{"href":"https:\/\/expoflamenco.com\/revista\/wp-json\/wp\/v2\/types\/post"}],"author":[{"embeddable":true,"href":"https:\/\/expoflamenco.com\/revista\/wp-json\/wp\/v2\/users\/63"}],"replies":[{"embeddable":true,"href":"https:\/\/expoflamenco.com\/revista\/wp-json\/wp\/v2\/comments?post=4229"}],"version-history":[{"count":2,"href":"https:\/\/expoflamenco.com\/revista\/wp-json\/wp\/v2\/posts\/4229\/revisions"}],"predecessor-version":[{"id":4269,"href":"https:\/\/expoflamenco.com\/revista\/wp-json\/wp\/v2\/posts\/4229\/revisions\/4269"}],"wp:featuredmedia":[{"embeddable":true,"href":"https:\/\/expoflamenco.com\/revista\/wp-json\/wp\/v2\/media\/4230"}],"wp:attachment":[{"href":"https:\/\/expoflamenco.com\/revista\/wp-json\/wp\/v2\/media?parent=4229"}],"wp:term":[{"taxonomy":"category","embeddable":true,"href":"https:\/\/expoflamenco.com\/revista\/wp-json\/wp\/v2\/categories?post=4229"},{"taxonomy":"post_tag","embeddable":true,"href":"https:\/\/expoflamenco.com\/revista\/wp-json\/wp\/v2\/tags?post=4229"}],"curies":[{"name":"wp","href":"https:\/\/api.w.org\/{rel}","templated":true}]}}