{"id":4222,"date":"2026-01-25T21:08:30","date_gmt":"2026-01-25T20:08:30","guid":{"rendered":"https:\/\/expoflamenco.com\/revista\/?p=4222"},"modified":"2026-02-18T18:28:21","modified_gmt":"2026-02-18T17:28:21","slug":"cantes-de-caldera-para-el-frio-mes-de-enero","status":"publish","type":"post","link":"https:\/\/expoflamenco.com\/revista\/cantes-de-caldera-para-el-frio-mes-de-enero\/","title":{"rendered":"Cantes de caldera para el fr\u00edo mes de enero","gt_translate_keys":[{"key":"rendered","format":"text"}]},"content":{"rendered":"<p>Recuerden que estamos en la secci\u00f3n #<em>DesdeDentro<\/em>, tras un peque\u00f1o par\u00f3n que nos hemos permitido por las citas navide\u00f1as y las primeras semanas tristes de enero. Aqu\u00ed, en estas l\u00edneas, trasmito emociones vividas, sentimientos que florecen en los momentos que presencio, con un lenguaje cercano y alejado de la mera cr\u00edtica period\u00edstica, quiz\u00e1s tampoco me acerque a la cr\u00f3nica como tal. Tal como me gusta expresarme en estos art\u00edculos, desenfadado y abierto al disfrute, acud\u00ed a la <a href=\"https:\/\/perladecadiz.com\/noticias\/index.php\" target=\"_blank\" rel=\"noopener\">Pe\u00f1a La Perla de C\u00e1diz<\/a>, que hab\u00eda conseguido unir en un mismo cartel a dos de las figuras m\u00e1s atractivas del cante flamenco contempor\u00e1neo.<\/p>\n<p><strong>Na\u00edm Real<\/strong>, palmero habitual en citas flamencas y miembro directivo de la entidad, est\u00e1 consiguiendo grandes hitos y puede asegurarse que ha revitalizado uno de los centros culturales de la <em>Tacita de Plata<\/em>. En plena fase de preliminares del concurso carnavalero en el <strong>Teatro Falla<\/strong>, en la m\u00e1s profunda cuesta de enero, con una noche desapacible en viento, lluvia y fr\u00edo, el amplio sal\u00f3n de La Perla se llen\u00f3 de p\u00fablico, y no solamente de gaditanos. Incluso desde Zamora vinieron algunos para presenciar tal acontecimiento que, aunque <strong>puede darse tambi\u00e9n en otros festivales del verano, rara vez ocurre en una pe\u00f1a. Aquello parec\u00eda una caldera, iba subiendo la temperatura por momentos. <\/strong><\/p>\n<p>Sent\u00ed la necesidad de reiniciarme y quise no perderme tal acontecimiento para tambi\u00e9n contarlo en esta revista que ha de ser testigo de este tipo de hitos. Para acceder a la pe\u00f1a hab\u00eda que pagar un donativo que revierte luego en la manutenci\u00f3n de la misma, ya que rara vez cuentan con subvenciones. Ambientazo en el interior con caras conocidas, con expectativas altas, con inter\u00e9s en recorrer un repertorio que ambos llevan a la excelencia.<\/p>\n<p>Fue <strong>Javier Villar<\/strong>, compa\u00f1ero de <em>Calle Lecher\u00eda<\/em>, de Radio Puerto, quien present\u00f3 escuetamente y con certeza a quienes se subir\u00edan al escenario. Poco m\u00e1s de las diez y cuarto y aquello empezaba a coger cuerpo, a subir la temperatura, a tenor de los comentarios en voz alta de los asistentes. No fue la solemnidad la principal cualidad del respetable, todo lo contrario, pero no lo digo en tono peyorativo. <strong>Aquello era una fiesta, sabiendo escuchar, pero esa sensaci\u00f3n de familiaridad permit\u00eda sacar el mejor jugo de cada interpretaci\u00f3n.<\/strong><\/p>\n<p>&nbsp;<\/p>\n<blockquote><p><em>\u00abUna ronda de fandangos, primero Antonio Reyes a solas y luego junto a Grana\u00edno, dieron por cerrada la noche memorable de dos cantaores que hicieron temblar las murallas de Puerta Tierra\u00bb<\/em><\/p><\/blockquote>\n<p>&nbsp;<\/p>\n<figure id=\"attachment_4224\" aria-describedby=\"caption-attachment-4224\" style=\"width: 1600px\" class=\"wp-caption aligncenter\"><a href=\"https:\/\/expoflamenco.com\/revista\/wp-content\/uploads\/sites\/46\/2026\/01\/antonio-reyes-y-pedro-el-granaino-2-pena-la-perla-de-cadiz-ene26-foto-juan-garrido.webp\"><img fetchpriority=\"high\" decoding=\"async\" class=\"size-full wp-image-4224\" src=\"https:\/\/expoflamenco.com\/revista\/wp-content\/uploads\/sites\/46\/2026\/01\/antonio-reyes-y-pedro-el-granaino-2-pena-la-perla-de-cadiz-ene26-foto-juan-garrido.webp\" alt=\"Antonio Reyes y Pedro El Grana\u00edno, en la Pe\u00f1a La Perla de C\u00e1diz. Enero 2026. Foto: Juan Garrido\" width=\"1600\" height=\"915\" srcset=\"https:\/\/expoflamenco.com\/revista\/wp-content\/uploads\/sites\/46\/2026\/01\/antonio-reyes-y-pedro-el-granaino-2-pena-la-perla-de-cadiz-ene26-foto-juan-garrido.webp 1600w, https:\/\/expoflamenco.com\/revista\/wp-content\/uploads\/sites\/46\/2026\/01\/antonio-reyes-y-pedro-el-granaino-2-pena-la-perla-de-cadiz-ene26-foto-juan-garrido-300x172.webp 300w, https:\/\/expoflamenco.com\/revista\/wp-content\/uploads\/sites\/46\/2026\/01\/antonio-reyes-y-pedro-el-granaino-2-pena-la-perla-de-cadiz-ene26-foto-juan-garrido-1024x586.webp 1024w, https:\/\/expoflamenco.com\/revista\/wp-content\/uploads\/sites\/46\/2026\/01\/antonio-reyes-y-pedro-el-granaino-2-pena-la-perla-de-cadiz-ene26-foto-juan-garrido-768x439.webp 768w, https:\/\/expoflamenco.com\/revista\/wp-content\/uploads\/sites\/46\/2026\/01\/antonio-reyes-y-pedro-el-granaino-2-pena-la-perla-de-cadiz-ene26-foto-juan-garrido-1536x878.webp 1536w, https:\/\/expoflamenco.com\/revista\/wp-content\/uploads\/sites\/46\/2026\/01\/antonio-reyes-y-pedro-el-granaino-2-pena-la-perla-de-cadiz-ene26-foto-juan-garrido-750x429.webp 750w, https:\/\/expoflamenco.com\/revista\/wp-content\/uploads\/sites\/46\/2026\/01\/antonio-reyes-y-pedro-el-granaino-2-pena-la-perla-de-cadiz-ene26-foto-juan-garrido-1140x652.webp 1140w\" sizes=\"(max-width: 1600px) 100vw, 1600px\" \/><\/a><figcaption id=\"caption-attachment-4224\" class=\"wp-caption-text\">Antonio Reyes y Pedro El Grana\u00edno, en la Pe\u00f1a La Perla de C\u00e1diz. Enero 2026. Foto: Juan Garrido<\/figcaption><\/figure>\n<p>&nbsp;<\/p>\n<p><strong>Pedro El Grana\u00edno<\/strong> sonri\u00f3 nada m\u00e1s salir. Con el infalible <strong>Patrocinio Hijo<\/strong>, a quien se le lleg\u00f3 a preguntar desde el p\u00fablico \u201c\u00bfcu\u00e1ntos dedos tiene esa mano?\u201d, dise\u00f1\u00f3 un recital en el que parti\u00f3 de su tierra con la grana\u00edna y media grana\u00edna, hilvanando sus bajos con gui\u00f1os a <strong>Camar\u00f3n<\/strong> y <strong>Tom\u00e1s Pav\u00f3n<\/strong> en los <em>fandangos abandolaos<\/em> de despu\u00e9s. Se atrevi\u00f3 con las alegr\u00edas, quiz\u00e1s por estar en C\u00e1diz, poco habitual en sus \u00faltimas apariciones, y nos regal\u00f3 unos tangos propios de su cuerda, con dedicaci\u00f3n especial a <strong>Macarena Reyes<\/strong>, hija de su compa\u00f1ero Antonio, que miraba desde \u201cbastidores\u201d. Las palmas de Na\u00edm,<strong> Edu G\u00f3mez y Miguel Heredia<\/strong> no fallaron ni un comp\u00e1s. En las seguiriyas profundiz\u00f3 en los silencios, hiriendo con el <em>Reniego<\/em> de Tom\u00e1s y su versi\u00f3n de <strong>Manuel Torres<\/strong> del <em>Santiago y Santa Ana. <\/em>P\u00fablico en pie y ellos dispuestos a coronarse por buler\u00edas.<\/p>\n<p>Tras un breve descanso, segunda parte para el otro metal de la noche que llegaba igualmente relajado (dentro del siempre nerviosismo propio) a \u201cmi segunda casa\u201d. <strong>Antonio Reyes<\/strong>, el de Chiclana, aterriz\u00f3 para reventar el term\u00f3metro. M\u00e1s y m\u00e1s calidez, m\u00e1s y m\u00e1s calidad. Unas frescas y resultantes alegr\u00edas compuestas por <strong>Cepero<\/strong> le ayudaron a conquistar pronto. <strong>Nono Reyes<\/strong> es otro de los talentos a tener en cuenta en la guitarra de acompa\u00f1amiento, estuvo sublime. Le sobraron las palmas en la sole\u00e1, solo voz\u00a0 y guitarra, con much\u00edsimo gusto en la ejecuci\u00f3n y nada meloso, sino firme. Se refugi\u00f3 en letras menos escuchadas en la seguiriya, doliente igualmente, para eclosionar en las buler\u00edas con un comp\u00e1s excelso, sobrado de matices y referencias\u2026 \u201ccorreo tu qu\u00e9 vas a Espa\u00f1a\u2026\u201d.<\/p>\n<p>Camar\u00f3n, muy presente en todo momento. De hecho, la propuesta se llam\u00f3 <strong><em>Con alma de Camar\u00f3n<\/em><\/strong>, aunque no fue el \u00fanico maestro que sali\u00f3 a la luz en la memoria. Una ronda de fandangos, primero \u00e9l solo y luego junto a Grana\u00edno, dieron por cerrada la noche memorable de dos cantaores que hicieron temblar las murallas de Puerta Tierra.<\/p>\n<p>Aunque los he escuchado bastantes veces, en todo tipo de escenario, creo que enero invitaba a la concentraci\u00f3n, a las no prisas de dobletes veraniegos, ni a cumplir con las diarias, as\u00ed como loables, apariciones en otros momentos del a\u00f1o. Esa paz emocional e interior creo que fue clave para que ellos mismos se gustaran y por eso el respetable hablaba de \u201cnoche hist\u00f3rica\u201d. \u2666<\/p>\n<p>&nbsp;<\/p>\n<figure id=\"attachment_4225\" aria-describedby=\"caption-attachment-4225\" style=\"width: 1600px\" class=\"wp-caption aligncenter\"><a href=\"https:\/\/expoflamenco.com\/revista\/wp-content\/uploads\/sites\/46\/2026\/01\/antonio-reyes-y-pedro-el-granaino-3-pena-la-perla-de-cadiz-ene26-foto-juan-garrido.webp\"><img decoding=\"async\" class=\"size-full wp-image-4225\" src=\"https:\/\/expoflamenco.com\/revista\/wp-content\/uploads\/sites\/46\/2026\/01\/antonio-reyes-y-pedro-el-granaino-3-pena-la-perla-de-cadiz-ene26-foto-juan-garrido.webp\" alt=\"Antonio Reyes y Pedro El Grana\u00edno, en la Pe\u00f1a La Perla de C\u00e1diz. Enero 2026. Foto: Juan Garrido\" width=\"1600\" height=\"1200\" srcset=\"https:\/\/expoflamenco.com\/revista\/wp-content\/uploads\/sites\/46\/2026\/01\/antonio-reyes-y-pedro-el-granaino-3-pena-la-perla-de-cadiz-ene26-foto-juan-garrido.webp 1600w, https:\/\/expoflamenco.com\/revista\/wp-content\/uploads\/sites\/46\/2026\/01\/antonio-reyes-y-pedro-el-granaino-3-pena-la-perla-de-cadiz-ene26-foto-juan-garrido-300x225.webp 300w, https:\/\/expoflamenco.com\/revista\/wp-content\/uploads\/sites\/46\/2026\/01\/antonio-reyes-y-pedro-el-granaino-3-pena-la-perla-de-cadiz-ene26-foto-juan-garrido-1024x768.webp 1024w, https:\/\/expoflamenco.com\/revista\/wp-content\/uploads\/sites\/46\/2026\/01\/antonio-reyes-y-pedro-el-granaino-3-pena-la-perla-de-cadiz-ene26-foto-juan-garrido-768x576.webp 768w, https:\/\/expoflamenco.com\/revista\/wp-content\/uploads\/sites\/46\/2026\/01\/antonio-reyes-y-pedro-el-granaino-3-pena-la-perla-de-cadiz-ene26-foto-juan-garrido-1536x1152.webp 1536w, https:\/\/expoflamenco.com\/revista\/wp-content\/uploads\/sites\/46\/2026\/01\/antonio-reyes-y-pedro-el-granaino-3-pena-la-perla-de-cadiz-ene26-foto-juan-garrido-750x563.webp 750w, https:\/\/expoflamenco.com\/revista\/wp-content\/uploads\/sites\/46\/2026\/01\/antonio-reyes-y-pedro-el-granaino-3-pena-la-perla-de-cadiz-ene26-foto-juan-garrido-1140x855.webp 1140w\" sizes=\"(max-width: 1600px) 100vw, 1600px\" \/><\/a><figcaption id=\"caption-attachment-4225\" class=\"wp-caption-text\">Antonio Reyes y Pedro El Grana\u00edno, en la Pe\u00f1a La Perla de C\u00e1diz. Enero 2026. Foto: Juan Garrido<\/figcaption><\/figure>\n<figure id=\"attachment_4226\" aria-describedby=\"caption-attachment-4226\" style=\"width: 1600px\" class=\"wp-caption aligncenter\"><a href=\"https:\/\/expoflamenco.com\/revista\/wp-content\/uploads\/sites\/46\/2026\/01\/antonio-reyes-y-pedro-el-granaino-4-pena-la-perla-de-cadiz-ene26-foto-juan-garrido.webp\"><img decoding=\"async\" class=\"size-full wp-image-4226\" src=\"https:\/\/expoflamenco.com\/revista\/wp-content\/uploads\/sites\/46\/2026\/01\/antonio-reyes-y-pedro-el-granaino-4-pena-la-perla-de-cadiz-ene26-foto-juan-garrido.webp\" alt=\"Antonio Reyes y Pedro El Grana\u00edno, en la Pe\u00f1a La Perla de C\u00e1diz. Enero 2026. Foto: Juan Garrido\" width=\"1600\" height=\"943\" srcset=\"https:\/\/expoflamenco.com\/revista\/wp-content\/uploads\/sites\/46\/2026\/01\/antonio-reyes-y-pedro-el-granaino-4-pena-la-perla-de-cadiz-ene26-foto-juan-garrido.webp 1600w, https:\/\/expoflamenco.com\/revista\/wp-content\/uploads\/sites\/46\/2026\/01\/antonio-reyes-y-pedro-el-granaino-4-pena-la-perla-de-cadiz-ene26-foto-juan-garrido-300x177.webp 300w, https:\/\/expoflamenco.com\/revista\/wp-content\/uploads\/sites\/46\/2026\/01\/antonio-reyes-y-pedro-el-granaino-4-pena-la-perla-de-cadiz-ene26-foto-juan-garrido-1024x604.webp 1024w, https:\/\/expoflamenco.com\/revista\/wp-content\/uploads\/sites\/46\/2026\/01\/antonio-reyes-y-pedro-el-granaino-4-pena-la-perla-de-cadiz-ene26-foto-juan-garrido-768x453.webp 768w, https:\/\/expoflamenco.com\/revista\/wp-content\/uploads\/sites\/46\/2026\/01\/antonio-reyes-y-pedro-el-granaino-4-pena-la-perla-de-cadiz-ene26-foto-juan-garrido-1536x905.webp 1536w, https:\/\/expoflamenco.com\/revista\/wp-content\/uploads\/sites\/46\/2026\/01\/antonio-reyes-y-pedro-el-granaino-4-pena-la-perla-de-cadiz-ene26-foto-juan-garrido-750x442.webp 750w, https:\/\/expoflamenco.com\/revista\/wp-content\/uploads\/sites\/46\/2026\/01\/antonio-reyes-y-pedro-el-granaino-4-pena-la-perla-de-cadiz-ene26-foto-juan-garrido-1140x672.webp 1140w\" sizes=\"(max-width: 1600px) 100vw, 1600px\" \/><\/a><figcaption id=\"caption-attachment-4226\" class=\"wp-caption-text\">Antonio Reyes y Pedro El Grana\u00edno, en la Pe\u00f1a La Perla de C\u00e1diz. Enero 2026. Foto: Juan Garrido<\/figcaption><\/figure>\n<p>&nbsp;<\/p>\n","protected":false,"gt_translate_keys":[{"key":"rendered","format":"html"}]},"excerpt":{"rendered":"<p>DESDE DENTRO (XXXI). Pedro El Grana\u00edno y Antonio Reyes consuman una actuaci\u00f3n que se fijar\u00e1 en la memoria de la afici\u00f3n que acudi\u00f3 a la Pe\u00f1a La Perla de C\u00e1diz con ansias de emocionarse.<\/p>\n","protected":false,"gt_translate_keys":[{"key":"rendered","format":"html"}]},"author":34,"featured_media":4223,"comment_status":"open","ping_status":"open","sticky":false,"template":"","format":"standard","meta":{"_acf_changed":false,"pmpro_default_level":"","jnews-multi-image_gallery":[],"jnews_single_post":{"format":"standard","override":[{"template":"3","parallax":"1","fullscreen":"1","layout":"right-sidebar","sidebar":"default-sidebar","second_sidebar":"default-sidebar","sticky_sidebar":"1","share_position":"top","share_float_style":"share-monocrhome","show_share_counter":"1","show_featured":"1","show_post_meta":"1","show_post_author":"1","show_post_author_image":"1","show_post_date":"1","post_date_format":"default","post_date_format_custom":"Y\/m\/d","show_post_reading_time":"1","post_reading_time_wpm":"250","post_calculate_word_method":"str_word_count","show_zoom_button":"1","zoom_button_out_step":"2","zoom_button_in_step":"3","show_popup_post":"1","show_comment_section":"1","number_popup_post":"1","show_author_box":"1","show_post_related":"1","show_inline_post_related":"1"}],"image_override":[{"single_post_thumbnail_size":"crop-500","single_post_gallery_size":"crop-500"}],"trending_post_position":"meta","trending_post_label":"Trending","sponsored_post_label":"Sponsored by","disable_ad":"0","subtitle":"DESDE DENTRO (XXXI). Pedro El Grana\u00edno y Antonio Reyes consuman una actuaci\u00f3n que se fijar\u00e1 en la memoria de la afici\u00f3n que acudi\u00f3 a la Pe\u00f1a La Perla de C\u00e1diz con ansias de emocionarse."},"jnews_primary_category":{"id":"94"},"jnews_override_bookmark_settings":{"override_bookmark_button":"0","override_show_bookmark_button":"0"},"jnews_social_meta":[],"jnews_review":[],"enable_review":"","type":"percentage","name":"","summary":"","brand":"","sku":"","good":[],"bad":[],"score_override":"","override_value":"","rating":[],"price":[],"jnews_override_counter":{"view_counter_number":"0","share_counter_number":"0","like_counter_number":"0","dislike_counter_number":"0"},"footnotes":""},"categories":[339,38,94],"tags":[648,510,54,2760,6978],"class_list":["post-4222","post","type-post","status-publish","format-standard","has-post-thumbnail","hentry","category-desde-dentro","category-en-portada","category-firmas","tag-antonio-reyes","tag-pedro-el-granaino","tag-cantaor-flamenco","tag-desde-dentro","tag-pena-la-perla-de-cadiz","pmpro-has-access"],"acf":[],"aioseo_notices":[],"gt_translate_keys":[{"key":"link","format":"url"}],"_links":{"self":[{"href":"https:\/\/expoflamenco.com\/revista\/wp-json\/wp\/v2\/posts\/4222","targetHints":{"allow":["GET"]}}],"collection":[{"href":"https:\/\/expoflamenco.com\/revista\/wp-json\/wp\/v2\/posts"}],"about":[{"href":"https:\/\/expoflamenco.com\/revista\/wp-json\/wp\/v2\/types\/post"}],"author":[{"embeddable":true,"href":"https:\/\/expoflamenco.com\/revista\/wp-json\/wp\/v2\/users\/34"}],"replies":[{"embeddable":true,"href":"https:\/\/expoflamenco.com\/revista\/wp-json\/wp\/v2\/comments?post=4222"}],"version-history":[{"count":1,"href":"https:\/\/expoflamenco.com\/revista\/wp-json\/wp\/v2\/posts\/4222\/revisions"}],"predecessor-version":[{"id":4227,"href":"https:\/\/expoflamenco.com\/revista\/wp-json\/wp\/v2\/posts\/4222\/revisions\/4227"}],"wp:featuredmedia":[{"embeddable":true,"href":"https:\/\/expoflamenco.com\/revista\/wp-json\/wp\/v2\/media\/4223"}],"wp:attachment":[{"href":"https:\/\/expoflamenco.com\/revista\/wp-json\/wp\/v2\/media?parent=4222"}],"wp:term":[{"taxonomy":"category","embeddable":true,"href":"https:\/\/expoflamenco.com\/revista\/wp-json\/wp\/v2\/categories?post=4222"},{"taxonomy":"post_tag","embeddable":true,"href":"https:\/\/expoflamenco.com\/revista\/wp-json\/wp\/v2\/tags?post=4222"}],"curies":[{"name":"wp","href":"https:\/\/api.w.org\/{rel}","templated":true}]}}