{"id":3802,"date":"2025-11-04T21:14:28","date_gmt":"2025-11-04T20:14:28","guid":{"rendered":"https:\/\/expoflamenco.com\/revistanew\/noviembre-flamenco-un-mes-para-disfrutar-del-cante-el-toque-y-el-baile-en-mairena-del-alcor\/"},"modified":"2025-11-04T21:14:28","modified_gmt":"2025-11-04T20:14:28","slug":"noviembre-flamenco-un-mes-para-disfrutar-del-cante-el-toque-y-el-baile-en-mairena-del-alcor","status":"publish","type":"post","link":"https:\/\/expoflamenco.com\/revista\/noviembre-flamenco-un-mes-para-disfrutar-del-cante-el-toque-y-el-baile-en-mairena-del-alcor\/","title":{"rendered":"Noviembre Flamenco: un mes para disfrutar del cante, el toque y el baile en Mairena del Alcor","gt_translate_keys":[{"key":"rendered","format":"text"}]},"content":{"rendered":"<p>El <a href=\"https:\/\/www.mairenadelalcor.org\/es\/\" target=\"_blank\" rel=\"noopener\">Ayuntamiento de Mairena del Alcor<\/a> (Sevilla), a trav\u00e9s de su Delegaci\u00f3n de Flamenco, ha presentado en la Delegaci\u00f3n del Gobierno de la Junta de Andaluc\u00eda en Sevilla una nueva edici\u00f3n de <strong>Noviembre Flamenco<\/strong>, \u201cun programa cultural con artistas de primer nivel que consolida el firme compromiso de nuestro municipio con la difusi\u00f3n, la formaci\u00f3n y la conservaci\u00f3n del arte jondo\u201d, ha se\u00f1alado el alcalde <strong>Juanma L\u00f3pez<\/strong>.<\/p>\n<p>El delegado de la Junta de Andaluc\u00eda en Sevilla, <strong>Ricardo S\u00e1nchez<\/strong>, ha felicitado al Ayuntamiento de Mairena del Alcor \u201cpor la calidad de la programaci\u00f3n que tendr\u00e1 lugar durante este bonito mes\u201d, y ha resaltado la importancia de estos ciclos \u201cque dan a conocer la historia y la esencia del flamenco\u201d.<\/p>\n<p>Ricardo S\u00e1nchez ha destacado las actividades formativas que sobre el flamenco integra la programaci\u00f3n de Noviembre Flamenco, \u201cporque es una buena manera de hacerlo accesible y que llegue a todas las generaciones\u201d. El delegado ha animado a los municipios sevillanos \u201ca potenciar y fomentar este espl\u00e9ndido patrimonio que es nuestro flamenco\u201d.<\/p>\n<p>Mairena del Alcor, cuna de los maestros <strong>Antonio Mairena<\/strong> y <strong>Calixto S\u00e1nchez<\/strong>, y referente internacional del cante, vuelve a situarse en el centro del panorama flamenco andaluz con una amplia programaci\u00f3n que se desarrollar\u00e1 a lo largo del mes de noviembre, para celebrar por todo lo alto la conmemoraci\u00f3n del <strong>D\u00eda Internacional del Flamenco<\/strong>.<\/p>\n<p>El programa incluye actividades de car\u00e1cter art\u00edstico y educativo: recitales, conciertos, la gala de <strong>Temple y Pureza<\/strong> y proyectos educativos que acercan el flamenco al alumnado, especialmente a los m\u00e1s j\u00f3venes, fomentando la transmisi\u00f3n de una tradici\u00f3n viva que forma parte esencial de nuestra identidad colectiva.<\/p>\n<p>&nbsp;<\/p>\n<blockquote><p><em>\u00abNoviembre Flamenco comienza el 14 de noviembre con el concierto Sonoridad M de la cantaora Argentina. El bailaor David P\u00e9rez llega al teatro\u00a0el d\u00eda 15. En la pe\u00f1a flamenca ofrecer\u00e1 un recital Jeromo Segura el d\u00eda 16. Y Radiol\u00e9 vuelve a celebrar en Mairena la Gala Temple y Pureza el d\u00eda 19 con un cartel de lujo: Remedios Reyes, Caracolillo de C\u00e1diz, Juan de Mairena, Mar\u00eda Vargas, Julio Romero y Antonio Carri\u00f3n\u00bb<\/em><\/p><\/blockquote>\n<p>&nbsp;<\/p>\n<p><a href=\"https:\/\/expoflamenco.com\/revista\/wp-content\/uploads\/sites\/17\/2025\/11\/cartel-noviembre-flamenco-mairena-del-alcor-2025.jpg\"><img fetchpriority=\"high\" decoding=\"async\" class=\"aligncenter size-full wp-image-83773\" src=\"https:\/\/expoflamenco.com\/revista\/wp-content\/uploads\/sites\/17\/2025\/11\/cartel-noviembre-flamenco-mairena-del-alcor-2025.jpg\" alt=\"\" width=\"1600\" height=\"1600\" \/><\/a><\/p>\n<p>&nbsp;<\/p>\n<p>Noviembre Flamenco comienza el 14 de noviembre a las 21 horas en el Teatro Municipal Calixto S\u00e1nchez con el concierto <em>Sonoridad M<\/em> de la cantaora <strong>Argentina<\/strong>. El bailaor <strong>David P\u00e9rez<\/strong> llega al teatro con su espect\u00e1culo <em>A solas<\/em> el d\u00eda 15 a las 21 horas. En la pe\u00f1a flamenca ofrecer\u00e1 un recital <strong>Jeromo Segura<\/strong> el d\u00eda 16 a las 13 horas. Radiol\u00e9 vuelve a celebrar en Mairena la Gala Temple y Pureza el d\u00eda 19 con un cartel de lujo: <strong>Remedios Reyes, Caracolillo de C\u00e1diz y Juan de Mairena<\/strong> al cante, <strong>Mar\u00eda Vargas<\/strong> como invitada de honor, <strong>Julio Romero<\/strong> a la guitarra y Antonio Carri\u00f3n como guitarra solista.<\/p>\n<p><em>Mis 50 a\u00f1os de escenarios<\/em> es el concierto con el que el guitarrista <strong>Antonio Carri\u00f3n<\/strong> conmemora en su tierra natal esta importante efem\u00e9ride, el d\u00eda 21 de noviembre a las 21 horas en el Teatro Municipal Calixto S\u00e1nchez. Le seguir\u00e1 el recital del jerezano <strong>Jes\u00fas M\u00e9ndez<\/strong> el d\u00eda 28 de noviembre, que llega Mairena del Alcor a trav\u00e9s del 107 Programa Cultural de la Diputaci\u00f3n de Sevilla.<\/p>\n<p>Noviembre Flamenco pone su broche de oro con el <strong>Seminario Antonio Mairena<\/strong>, que alcanza su octava edici\u00f3n consolidado como un espacio de encuentro, reflexi\u00f3n y aprendizaje en torno a la figura del maestro mairenero y la esencia m\u00e1s profunda del cante jondo. Bajo el t\u00edtulo <strong><em>Antonio Mairena: el cante como escuela<\/em><\/strong>, esta edici\u00f3n que se celebra el 29 de noviembre, propone aprender escuchando, comprender cantando y ense\u00f1ar sintiendo.<\/p>\n<p>En esta nueva cita, el seminario adquiere un car\u00e1cter marcadamente did\u00e1ctico, reafirmando la idea de que Antonio Mairena no solo fue un int\u00e9rprete genial, sino tambi\u00e9n un maestro en el arte de transmitir un referente que convirti\u00f3 el cante en una verdadera escuela de conocimiento, sensibilidad y cultura popular.<\/p>\n<p>L\u00f3pez ha explicado que \u201ccon esta iniciativa, el Ayuntamiento de Mairena del Alcor reafirma su vocaci\u00f3n de proteger y promover el flamenco como patrimonio cultural inmaterial de la humanidad, contribuyendo a que siga siendo un elemento de encuentro, emoci\u00f3n y orgullo para todos los maireneros y maireneras\u201d.<\/p>\n<p>El alcalde de Mairena invita \u201ca participar activamente en las distintas propuestas de este Noviembre Flamenco 2025, un espacio para el disfrute, el aprendizaje y la celebraci\u00f3n de uno de los legados culturales m\u00e1s valiosos de Andaluc\u00eda que en Mairena del Alcor tiene grandes referentes\u201d.<\/p>\n<p>&nbsp;<\/p>\n","protected":false,"gt_translate_keys":[{"key":"rendered","format":"html"}]},"excerpt":{"rendered":"<p>Noviembre Flamenco es un programa cultural con artistas de primer nivel \u2013Argentina, Mar\u00eda Vargas, Jeromo Segura, Jes\u00fas M\u00e9ndez, Antonio Carri\u00f3n, David P\u00e9rez, Remedios Reyes&#8230;\u2013 y el VIII Seminario Antonio Mairena.<\/p>\n","protected":false,"gt_translate_keys":[{"key":"rendered","format":"html"}]},"author":5,"featured_media":3803,"comment_status":"open","ping_status":"open","sticky":false,"template":"","format":"standard","meta":{"_acf_changed":false,"pmpro_default_level":"","jnews-multi-image_gallery":[],"jnews_single_post":null,"jnews_primary_category":{"id":"4226"},"jnews_override_bookmark_settings":{"override_bookmark_button":"0","override_show_bookmark_button":"0"},"jnews_social_meta":[],"jnews_review":[],"enable_review":"","type":"percentage","name":"","summary":"","brand":"","sku":"","good":[],"bad":[],"score_override":"","override_value":"","rating":[],"price":[],"jnews_override_counter":{"view_counter_number":"0","share_counter_number":"0","like_counter_number":"0","dislike_counter_number":"0"},"footnotes":""},"categories":[37,38],"tags":[85,1362,1906],"class_list":["post-3802","post","type-post","status-publish","format-standard","has-post-thumbnail","hentry","category-actualidad","category-en-portada","tag-ciclo-flamenco","tag-mairena-del-alcor","tag-noviembre-flamenco","pmpro-has-access"],"acf":[],"aioseo_notices":[],"gt_translate_keys":[{"key":"link","format":"url"}],"_links":{"self":[{"href":"https:\/\/expoflamenco.com\/revista\/wp-json\/wp\/v2\/posts\/3802","targetHints":{"allow":["GET"]}}],"collection":[{"href":"https:\/\/expoflamenco.com\/revista\/wp-json\/wp\/v2\/posts"}],"about":[{"href":"https:\/\/expoflamenco.com\/revista\/wp-json\/wp\/v2\/types\/post"}],"author":[{"embeddable":true,"href":"https:\/\/expoflamenco.com\/revista\/wp-json\/wp\/v2\/users\/5"}],"replies":[{"embeddable":true,"href":"https:\/\/expoflamenco.com\/revista\/wp-json\/wp\/v2\/comments?post=3802"}],"version-history":[{"count":0,"href":"https:\/\/expoflamenco.com\/revista\/wp-json\/wp\/v2\/posts\/3802\/revisions"}],"wp:featuredmedia":[{"embeddable":true,"href":"https:\/\/expoflamenco.com\/revista\/wp-json\/wp\/v2\/media\/3803"}],"wp:attachment":[{"href":"https:\/\/expoflamenco.com\/revista\/wp-json\/wp\/v2\/media?parent=3802"}],"wp:term":[{"taxonomy":"category","embeddable":true,"href":"https:\/\/expoflamenco.com\/revista\/wp-json\/wp\/v2\/categories?post=3802"},{"taxonomy":"post_tag","embeddable":true,"href":"https:\/\/expoflamenco.com\/revista\/wp-json\/wp\/v2\/tags?post=3802"}],"curies":[{"name":"wp","href":"https:\/\/api.w.org\/{rel}","templated":true}]}}