{"id":3658,"date":"2025-10-23T18:35:49","date_gmt":"2025-10-23T16:35:49","guid":{"rendered":"https:\/\/expoflamenco.com\/revistanew\/mari-angeles-cruzado-y-francis-gomez-desde-la-tierra-del-verso\/"},"modified":"2025-10-23T18:35:49","modified_gmt":"2025-10-23T16:35:49","slug":"mari-angeles-cruzado-y-francis-gomez-desde-la-tierra-del-verso","status":"publish","type":"post","link":"https:\/\/expoflamenco.com\/revista\/mari-angeles-cruzado-y-francis-gomez-desde-la-tierra-del-verso\/","title":{"rendered":"Mari \u00c1ngeles Cruzado y Francis G\u00f3mez, desde la tierra del verso","gt_translate_keys":[{"key":"rendered","format":"text"}]},"content":{"rendered":"<p>Y de la tierra del verso nos llegaron Mari \u00c1ngeles y Francis. Dos amigos que se conocieron cuando ni\u00f1os en la escuela de tamborileros de Moguer, y que hoy d\u00eda son flamencos reconocidos de una tierra que con su simple nombre trasmina buen cante y buena afici\u00f3n.<\/p>\n<p><strong>Mari \u00c1ngeles Cruzado<\/strong> es cantaora con unas potencialidades innatas. Lejos de hacer alardes de ellas, desde ni\u00f1a las ha ido fortaleciendo con tes\u00f3n y formaci\u00f3n continua. Llegado este momento, dejando de lado subjetividades y preferencias, no me duelen prendas en reconocerla cantaora en may\u00fasculas. Francisco G\u00f3mez Cruzado \u2013<strong>Francis G\u00f3mez<\/strong>\u2013 es una realidad latente, un flamenco sin complejos. Una guitarra de acompa\u00f1amiento imprescindible. Un m\u00fasico que, como ya he expresado en algunas ocasiones, convierte <strong>la m\u00fasica en flamenco y flamenco en m\u00fasica de alta calidad<\/strong>. A trav\u00e9s de los poros de su guitarra observamos que es un apasionado de su trabajo, sobre todo en la composici\u00f3n y elaboraci\u00f3n de arreglos, siendo la versatilidad una de sus caracter\u00edsticas m\u00e1s acentuada.<\/p>\n<p><em>Donde fueron los cantes \/ de jara y trilla. \/ Vinieron otros cantes \/ ya no se estilan<\/em>. As\u00ed nos desgranaba con su voz portentosa la primera de sus interpretaciones. El cante de la trilla, llevado en su justo comp\u00e1s. Nada de estridencias. Bajos y melod\u00edas perfectas, poniendo sobre aviso que no iba a subir a las tablas a dejarse nada dentro. Seguidamente, la malague\u00f1a del Canario da paso al jabegote y varias letras de abandolao. Y por un momento <em>mastiqu\u00e9 <\/em>que la que cantaba por ca\u00f1a era la guitarra de Francis G\u00f3mez. \u00a1Qu\u00e9 melod\u00eda de entrada!\u00a0\u00a1Qu\u00e9 ritmo y que comp\u00e1s! En ese instante me transport\u00e9, disculpen el s\u00edmil poco flamenco, en esos mediocentros de f\u00fatbol que sirven constantemente balones al pie de sus delanteros. Por supuesto que no se desaprovech\u00f3 la ocasi\u00f3n y recordando al maestro adujare\u00f1o <strong>Rafael Romero <em>El Gallina<\/em><\/strong> nos record\u00f3 aquella letra de a <em>servir a Dios y al rey\u2026.<\/em><\/p>\n<p>&nbsp;<\/p>\n<blockquote><p><em>\u00abLa moguere\u00f1a se adentr\u00f3 en la mirabr\u00e1s y en las canti\u00f1as, navegando para terminar en los aires de Huelva. La tierra te llama: Qu\u00e9 dolor de tierra m\u00eda \/ Viva Huelva, viva Huelva \/ Qu\u00e9 dolor de tierra m\u00eda.\/ Nunca estuvo mejor un \u00e1rbol \/ que en tierra donde se cr\u00eda. \/ Viva Huelva y sus fandangos\u00bb<\/em><\/p><\/blockquote>\n<p>&nbsp;<\/p>\n<figure id=\"attachment_83534\" aria-describedby=\"caption-attachment-83534\" style=\"width: 1600px\" class=\"wp-caption aligncenter\"><a href=\"https:\/\/expoflamenco.com\/revista\/wp-content\/uploads\/sites\/17\/2025\/10\/mari-angeles-cruzado-2-fundacion-cajasol-huelva-oct25-foto-jesus-naranjo.webp\"><img fetchpriority=\"high\" decoding=\"async\" class=\"size-full wp-image-83534\" src=\"https:\/\/expoflamenco.com\/revista\/wp-content\/uploads\/sites\/17\/2025\/10\/mari-angeles-cruzado-2-fundacion-cajasol-huelva-oct25-foto-jesus-naranjo.webp\" alt=\"Mari \u00c1ngeles Cruzado y Francis G\u00f3mez. Ciclo Mujeres en la Fundaci\u00f3n Cajasol, Huelva. 22 oct 2025. Foto: Jes\u00fas Naranjo\" width=\"1600\" height=\"1205\" \/><\/a><figcaption id=\"caption-attachment-83534\" class=\"wp-caption-text\">Mari \u00c1ngeles Cruzado y Francis G\u00f3mez. Ciclo Mujeres en la Fundaci\u00f3n Cajasol, Huelva. 22 oct 2025. Foto: Jes\u00fas Naranjo<\/figcaption><\/figure>\n<p>&nbsp;<\/p>\n<p>March\u00f3 de And\u00fajar a la poes\u00eda de <strong>Moreno Galv\u00e1n<\/strong> en la ejecuci\u00f3n de las marianas, remat\u00e1ndolas por tangos, donde nos dio un abanico desde Extremadura a Granada. Acto seguido, para m\u00ed lo m\u00e1s acertado de la tarde, el cante por siguiriyas. No tuvo contemplaci\u00f3n.\u00a0 Se busc\u00f3 Mari \u00c1ngeles hasta lo m\u00e1s adentro de su persona y luch\u00f3 con valent\u00eda en los tercios de <strong>Tom\u00e1s El Nitri<\/strong> y los ayes del <strong>Marrurro<\/strong>. No contenta con ello <em>quiso abrir la tierra<\/em>, llevando la cabal de Silverio a su voz y a sus maneras expresivas. Qu\u00e9 m\u00e1s se le puede pedir a quien lo da todo en el momento en que no hay que esconderse y decir: aqu\u00ed est\u00e1n mis credenciales.<\/p>\n<p>La moguere\u00f1a se hab\u00eda vaciado, se hab\u00eda dolido, mas no quiso marcharse sin dejarnos un poquito de sabor salobre. Se adentr\u00f3 en la mirabr\u00e1s y en las canti\u00f1as, navegando para terminar en los aires de Huelva. La tierra te llama: <em>Qu\u00e9 dolor de tierra m\u00eda \/ Viva Huelva, viva Huelva \/ Qu\u00e9 dolor de tierra m\u00eda.\/ Nunca estuvo mejor un \u00e1rbol \/ que en tierra donde se cr\u00eda. \/ Viva Huelva y sus fandangos.<\/em>\u00a0Sin micr\u00f3fono y a pie de escenario nos regal\u00f3 su valent\u00eda en los cantes de <strong>Rengel<\/strong> y <strong>Pepe Sanz<\/strong>, para cambiar a la bravura y valent\u00eda alosnera. Finaliz\u00f3 con el recuerdo a su paisano <strong>Pepe Rebollo<\/strong>: <em>Tiene el tesoro mayor \/ to\u2019aquel que le vive su mare \u2026.<\/em><\/p>\n<p>El tesoro mayor de una tierra son sus gentes. Y cuando parte ellas son embajadores de su cultura, en este caso a trav\u00e9s de la m\u00fasica y m\u00e1s concretamente del flamenco, ese tesoro gana en riqueza. En Mari \u00c1ngeles y en Francis, en Francis y Mari \u00c1ngeles, esa riqueza se ha ido construyendo y seguir\u00e1 haci\u00e9ndose a trav\u00e9s no solo del esfuerzo y el trabajo, sino del conocimiento y del amor por lo que hacen. Y yo, por qu\u00e9 no decirlo, me enorgullezco de ello y de contarlo al mundo.<\/p>\n<p>&nbsp;<\/p>\n<p><strong>Ficha Art\u00edstica<\/strong><\/p>\n<p>Recital de Mari \u00c1ngeles Cruzado<br \/>\nCiclo Mujeres en la Fundaci\u00f3n Cajasol<br \/>\nFundaci\u00f3n Cajasol (Huelva)<br \/>\n22 de octubre de 2025<br \/>\nCante: Mari \u00c1ngeles Cruzado<br \/>\nGuitarra: Francis G\u00f3mez<\/p>\n<p>&nbsp;<\/p>\n","protected":false,"gt_translate_keys":[{"key":"rendered","format":"html"}]},"excerpt":{"rendered":"<p>El ciclo Mujeres en la Fundaci\u00f3n Cajasol de Huelva acogi\u00f3 a dos amigos que se conocieron cuando ni\u00f1os en la escuela de tamborileros de Moguer, y que hoy d\u00eda son flamencos reconocidos de una tierra que con su simple nombre trasmina buen cante y buena afici\u00f3n.<\/p>\n","protected":false,"gt_translate_keys":[{"key":"rendered","format":"html"}]},"author":29,"featured_media":3659,"comment_status":"open","ping_status":"open","sticky":false,"template":"","format":"standard","meta":{"_acf_changed":false,"pmpro_default_level":"","jnews-multi-image_gallery":[],"jnews_single_post":null,"jnews_primary_category":{"id":"248"},"jnews_override_bookmark_settings":{"override_bookmark_button":"0","override_show_bookmark_button":"0"},"jnews_social_meta":[],"jnews_review":[],"enable_review":"","type":"percentage","name":"","summary":"","brand":"","sku":"","good":[],"bad":[],"score_override":"","override_value":"","rating":[],"price":[],"jnews_override_counter":{"view_counter_number":"0","share_counter_number":"0","like_counter_number":"0","dislike_counter_number":"0"},"footnotes":""},"categories":[46,38],"tags":[58,3240,3241,2824],"class_list":["post-3658","post","type-post","status-publish","format-standard","has-post-thumbnail","hentry","category-cronicas","category-en-portada","tag-cantaora-flamenca","tag-francis-gomez","tag-fundacion-cajasol-huelva","tag-mari-angeles-cruzado","pmpro-has-access"],"acf":[],"aioseo_notices":[],"gt_translate_keys":[{"key":"link","format":"url"}],"_links":{"self":[{"href":"https:\/\/expoflamenco.com\/revista\/wp-json\/wp\/v2\/posts\/3658","targetHints":{"allow":["GET"]}}],"collection":[{"href":"https:\/\/expoflamenco.com\/revista\/wp-json\/wp\/v2\/posts"}],"about":[{"href":"https:\/\/expoflamenco.com\/revista\/wp-json\/wp\/v2\/types\/post"}],"author":[{"embeddable":true,"href":"https:\/\/expoflamenco.com\/revista\/wp-json\/wp\/v2\/users\/29"}],"replies":[{"embeddable":true,"href":"https:\/\/expoflamenco.com\/revista\/wp-json\/wp\/v2\/comments?post=3658"}],"version-history":[{"count":0,"href":"https:\/\/expoflamenco.com\/revista\/wp-json\/wp\/v2\/posts\/3658\/revisions"}],"wp:featuredmedia":[{"embeddable":true,"href":"https:\/\/expoflamenco.com\/revista\/wp-json\/wp\/v2\/media\/3659"}],"wp:attachment":[{"href":"https:\/\/expoflamenco.com\/revista\/wp-json\/wp\/v2\/media?parent=3658"}],"wp:term":[{"taxonomy":"category","embeddable":true,"href":"https:\/\/expoflamenco.com\/revista\/wp-json\/wp\/v2\/categories?post=3658"},{"taxonomy":"post_tag","embeddable":true,"href":"https:\/\/expoflamenco.com\/revista\/wp-json\/wp\/v2\/tags?post=3658"}],"curies":[{"name":"wp","href":"https:\/\/api.w.org\/{rel}","templated":true}]}}