{"id":3516,"date":"2025-08-31T23:20:00","date_gmt":"2025-08-31T21:20:00","guid":{"rendered":"https:\/\/expoflamenco.com\/revistanew\/diego-de-moron-figura-irrepetible\/"},"modified":"2025-08-31T23:20:00","modified_gmt":"2025-08-31T21:20:00","slug":"diego-de-moron-figura-irrepetible","status":"publish","type":"post","link":"https:\/\/expoflamenco.com\/revista\/diego-de-moron-figura-irrepetible\/","title":{"rendered":"Diego de Mor\u00f3n, figura irrepetible","gt_translate_keys":[{"key":"rendered","format":"text"}]},"content":{"rendered":"<p class=\"p1\"><strong>Mor\u00f3n de la Frontera<\/strong>. Pueblo ciudad de 27 mil habitantes en la Andaluc\u00eda profunda donde no llega el tren. Donde los gastore\u00f1os, as\u00ed llamados por ser familia del legendario guitarrista <strong>Diego del Gastor<\/strong>, abanderan su forma original de expresar una manera distinta de poner m\u00fasica al flamenco. Lo mismo que Jerez o Granada, es tierra de guitarra con sello absolutamente inconfundible. A <strong>Diego de Mor\u00f3n<\/strong> tambi\u00e9n le dec\u00edamos <strong>Dieguito<\/strong>. Imprevisible tirando a exc\u00e9ntrico, siempre admirado por la afici\u00f3n m\u00e1s arraigada.<\/p>\n<p class=\"p1\">Esta ma\u00f1ana me lleg\u00f3 la noticia del fallecimiento de <strong>Diego Torres Amaya<\/strong> \u201cDiego de Mor\u00f3n\u201d, sobrino de Diego del Gastor e hijo del cantaor <strong>Joselero de Mor\u00f3n<\/strong>. A pesar de la condici\u00f3n delicada de Dieguito, no esperamos este triste final precisamente ahora. La muerte no entiende de citas. En estos d\u00edas se ha editado su biograf\u00eda del flamenc\u00f3logo <strong>Juan Toro<\/strong>, una triste coincidencia.<\/p>\n<p class=\"p1\">Diego fue el guitarrista que m\u00e1s conservaba las formas de su t\u00edo Diego del Gastor, objeto de adulaci\u00f3n para cientos de extranjeros que llegaron a Mor\u00f3n para conocer al que consideraban el maestro.<\/p>\n<p>&nbsp;<\/p>\n<blockquote><p><em>\u00abA pesar de la condici\u00f3n delicada de Dieguito, no esperamos este triste final precisamente ahora. La muerte no entiende de citas. En estos d\u00edas se ha editado su biograf\u00eda del flamenc\u00f3logo Juan Toro, una triste coincidencia\u00bb<\/em><\/p><\/blockquote>\n<p>&nbsp;<\/p>\n<p class=\"p1\">Una segunda generaci\u00f3n de seguidores del toque de Mor\u00f3n que nacieron tarde para haber conocido a Diego el viejo, adoptaron a Diego de Mor\u00f3n como su maestro porque pose\u00eda la magia de la sencillez, cuando menos es m\u00e1s y los silencios son m\u00e1s elocuentes que los sonidos.<\/p>\n<p class=\"p1\">Ahora recuerdo hace unos veinte a\u00f1os, la <strong>Bienal de Flamenco de Sevilla<\/strong> cuando nuestro Diego de Mor\u00f3n tocaba de guitarrista de recital. Pens\u00e9 que era un desprop\u00f3sito, una locura, que su toque era simp\u00e1tico para Mor\u00f3n pero en la \u00e9poca de <strong>Paco de Luc\u00eda<\/strong> quedar\u00eda demasiado simple. Primero toc\u00f3 por sole\u00e1 con agresivos golpes en la tapa de la guitarra, y piernas pataleando. El p\u00fablico no conoc\u00eda a Diego y se preguntaban unos a otros qui\u00e9n era este hombre que tocaba tan raro. Hab\u00eda aplausos g\u00e9lidos, y Diego se lanz\u00f3 por buler\u00eda. De pronto empez\u00f3 a fluir la magia, le brillaban los ojos, sus dedos bailaban sin esfuerzo sobre las cuerdas contando verdades punzantes, y entonces las caricias sonoras m\u00e1s caramelizadas. Escuch\u00e9 a algunos decir entonces que era un tema de <strong>Pata Negra<\/strong>, <em>Blues de la Frontera<\/em>\u2026 Calcula, la famosa falseta original de Diego del Gastor representa Mor\u00f3n, pero el gran p\u00fablico la atribuye a Pata Negra. Diego de Mor\u00f3n nos ha dejado pero la magia de su m\u00fasica nos sigue fascinando.<\/p>\n<p>&nbsp;<\/p>\n<p><a href=\"https:\/\/expoflamenco.com\/revista\/wp-content\/uploads\/sites\/17\/2019\/01\/diego-de-moron.jpg\"><img fetchpriority=\"high\" decoding=\"async\" class=\"aligncenter size-full wp-image-72002\" src=\"https:\/\/expoflamenco.com\/revista\/wp-content\/uploads\/sites\/17\/2019\/01\/diego-de-moron.jpg\" alt=\"\" width=\"605\" height=\"403\" \/><\/a><\/p>\n<p>&nbsp;<\/p>\n","protected":false,"gt_translate_keys":[{"key":"rendered","format":"html"}]},"excerpt":{"rendered":"<p>El guitarrista Diego de Mor\u00f3n nos ha dejado, pero la magia de su m\u00fasica nos sigue fascinando.<\/p>\n","protected":false,"gt_translate_keys":[{"key":"rendered","format":"html"}]},"author":35,"featured_media":3517,"comment_status":"open","ping_status":"open","sticky":false,"template":"","format":"standard","meta":{"_acf_changed":false,"pmpro_default_level":"","jnews-multi-image_gallery":[],"jnews_single_post":{"format":"standard","override":[{"template":"2","parallax":"1","fullscreen":"1","layout":"right-sidebar","sidebar":"default-sidebar","second_sidebar":"default-sidebar","sticky_sidebar":"1","share_position":"top","share_float_style":"share-monocrhome","show_share_counter":"1","show_view_counter":"1","show_featured":"1","show_post_meta":"1","show_post_author":"1","show_post_author_image":"1","show_post_date":"1","post_date_format":"default","post_date_format_custom":"Y\/m\/d","show_post_reading_time":"1","post_reading_time_wpm":"250","post_calculate_word_method":"str_word_count","show_zoom_button":"1","zoom_button_out_step":"2","zoom_button_in_step":"3","show_post_tag":"1","show_popup_post":"1","number_popup_post":"1","show_post_related":"1","show_inline_post_related":"1"}],"image_override":[{"single_post_thumbnail_size":"no-crop","single_post_gallery_size":"crop-500"}],"trending_post_position":"meta","trending_post_label":"Trending","sponsored_post_label":"Sponsored by","disable_ad":"0","subtitle":"El guitarrista Diego de Mor\u00f3n nos ha dejado, pero la magia de su m\u00fasica nos sigue fascinando."},"jnews_primary_category":{"id":"69"},"jnews_override_bookmark_settings":{"override_bookmark_button":"0","override_show_bookmark_button":"0"},"jnews_social_meta":[],"jnews_review":[],"enable_review":"","type":"percentage","name":"","summary":"","brand":"","sku":"","good":[],"bad":[],"score_override":"","override_value":"","rating":[],"price":[],"jnews_override_counter":{"view_counter_number":"0","share_counter_number":"0","like_counter_number":"0","dislike_counter_number":"0"},"footnotes":""},"categories":[38,95,94],"tags":[3111,3112,149,100],"class_list":["post-3516","post","type-post","status-publish","format-standard","has-post-thumbnail","hentry","category-en-portada","category-estela-flamenca","category-firmas","tag-diego-de-moron","tag-diego-torres-amaya","tag-guitarrista-flamenco","tag-muerte","pmpro-has-access"],"acf":[],"aioseo_notices":[],"gt_translate_keys":[{"key":"link","format":"url"}],"_links":{"self":[{"href":"https:\/\/expoflamenco.com\/revista\/wp-json\/wp\/v2\/posts\/3516","targetHints":{"allow":["GET"]}}],"collection":[{"href":"https:\/\/expoflamenco.com\/revista\/wp-json\/wp\/v2\/posts"}],"about":[{"href":"https:\/\/expoflamenco.com\/revista\/wp-json\/wp\/v2\/types\/post"}],"author":[{"embeddable":true,"href":"https:\/\/expoflamenco.com\/revista\/wp-json\/wp\/v2\/users\/35"}],"replies":[{"embeddable":true,"href":"https:\/\/expoflamenco.com\/revista\/wp-json\/wp\/v2\/comments?post=3516"}],"version-history":[{"count":0,"href":"https:\/\/expoflamenco.com\/revista\/wp-json\/wp\/v2\/posts\/3516\/revisions"}],"wp:featuredmedia":[{"embeddable":true,"href":"https:\/\/expoflamenco.com\/revista\/wp-json\/wp\/v2\/media\/3517"}],"wp:attachment":[{"href":"https:\/\/expoflamenco.com\/revista\/wp-json\/wp\/v2\/media?parent=3516"}],"wp:term":[{"taxonomy":"category","embeddable":true,"href":"https:\/\/expoflamenco.com\/revista\/wp-json\/wp\/v2\/categories?post=3516"},{"taxonomy":"post_tag","embeddable":true,"href":"https:\/\/expoflamenco.com\/revista\/wp-json\/wp\/v2\/tags?post=3516"}],"curies":[{"name":"wp","href":"https:\/\/api.w.org\/{rel}","templated":true}]}}