{"id":3500,"date":"2025-09-04T19:02:52","date_gmt":"2025-09-04T17:02:52","guid":{"rendered":"https:\/\/expoflamenco.com\/revistanew\/la-madurez-jonda-de-eva\/"},"modified":"2025-09-04T19:02:52","modified_gmt":"2025-09-04T17:02:52","slug":"la-madurez-jonda-de-eva","status":"publish","type":"post","link":"https:\/\/expoflamenco.com\/revista\/la-madurez-jonda-de-eva\/","title":{"rendered":"La madurez jonda de Eva","gt_translate_keys":[{"key":"rendered","format":"text"}]},"content":{"rendered":"<p>El silencio en las tablas enmudeci\u00f3 al grader\u00edo. Los artistas del cartel fueron saliendo uno a uno coloc\u00e1ndose en el proscenio. Y se hizo la fiesta. La buler\u00eda por sole\u00e1 desat\u00f3 el baile de <strong>Eva Yerbabuena<\/strong> que, arropada por la atinada percusi\u00f3n de <strong>Dani Su\u00e1rez<\/strong>, la guitarra magistral de su inseparable compa\u00f1ero <strong>Paco Jarana<\/strong>, el cante fino y almibarado de <strong>Ezequiel Montoya<\/strong>, el quej\u00edo lastimero de <strong>Manuel de Gines<\/strong> y las campanas gordas de trap\u00edo que tiene el palaciego <strong>Miguel Ortega<\/strong> en el ga\u00f1ote, comenz\u00f3 a cortejar a la afici\u00f3n, que asisti\u00f3 al ritual del baile por el baile de la madurez jonda de Eva.<\/p>\n<p>Vino sin concesiones a la vanguardia, sin tonter\u00edas. Su discurso fue la jondura y el gozo de bailar porque s\u00ed, reencontr\u00e1ndose con su Eva m\u00e1s visceral, flamenca y rotunda. Sin necesidad de demostrar nada. Y cuando Eva baila, manda. Punto. No hay m\u00e1s alegaciones. Eva es Eva. Y lo de Yerbabuena \u2018sobra\u2019 porque a todo el mundo le tiemblan las telillas del coraz\u00f3n y se le eriza la piel cuando imagina su estampa regando el aroma de su apellido derechito al paladar de los que saben istingu\u00ed. Eva zamarre\u00f3 los cimientos del baile volviendo a su esencia ante los flamencos cabales de Mairena. Fue en los previos del <strong>LXIV Festival de Cante Jondo Antonio Mairena<\/strong> en el <strong>Teatro Municipal<\/strong> mairenero, en el <strong>Calixto S\u00e1nchez<\/strong>. Y se naj\u00f3 con la talega repleta de oles y palmas a comp\u00e1s por una actuaci\u00f3n sublime, m\u00e1s que a la altura de lo que se le exige a una maestra del baile actual de su magna categor\u00eda.<\/p>\n<p>La buler\u00eda por sole\u00e1 supo a juerga, a espontaneidad y a flamenco mamao. <strong>Entre jaleos y palmas, Eva liber\u00f3 sus caderas al son de la amalgama<\/strong>, con un braceo redondo y colmao de recortes, los pies precisos y fuertes, los contoneos en su momento justo, sobr\u00e1 de comp\u00e1s y con el gesto oportuno. Bail\u00f3 con todo el cuerpo, con el coraz\u00f3n y el alma, d\u00e1ndose enterita, desnudando su exquisita sabidur\u00eda ante un p\u00fablico enardecido que disfrut\u00f3 la faena. Desde la punta del tac\u00f3n al caracol del flequillo todo era age. Y su mir\u00e1 cuchillitos penetrantes que perfilaron la silueta del duende en cada uno de los desplantes y sus hechuras al recogerse.<\/p>\n<p>&nbsp;<\/p>\n<blockquote><p><em>\u00abVino sin concesiones a la vanguardia, sin tonter\u00edas. Su discurso fue la jondura y el gozo de bailar porque s\u00ed, reencontr\u00e1ndose con su Eva m\u00e1s visceral, flamenca y rotunda. Sin necesidad de demostrar nada. Y cuando Eva baila, manda. Punto. No hay m\u00e1s alegaciones. Eva es Eva\u00bb<\/em><\/p><\/blockquote>\n<p>&nbsp;<\/p>\n<div class=\"jeg_video_container jeg_video_content\"><iframe title=\"Eva Yerbabuena - Festival Cante Jondo Antonio Mairena\" width=\"500\" height=\"375\" src=\"https:\/\/www.youtube.com\/embed\/MmVXkY700sI?feature=oembed\" frameborder=\"0\" allow=\"accelerometer; autoplay; clipboard-write; encrypted-media; gyroscope; picture-in-picture; web-share\" referrerpolicy=\"strict-origin-when-cross-origin\" allowfullscreen><\/iframe><\/div>\n<p>&nbsp;<\/p>\n<p>Los cenitales dieron su lugar a los cantaores, que alternaron unas cuantas letras, rebuscando en las ton\u00e1s y la trilla de Ezequiel, las mieles de los corr\u00edos y la debla del de Gines o los pregones mec\u00edos y rajaos de Miguel Ortega, que estuvo especialmente enjundioso durante toda la noche. Precedieron la negrura abisal de una seguiriya punzante en la que Eva, que principi\u00f3 en la silla, bail\u00f3 sobre la navaja de las duquelas estirando la tensi\u00f3n emocional, doli\u00e9ndose y estremeciendo de escalofr\u00edos al respetable, mudo ante el ofrecimiento de una bailaora que abri\u00f3 su pecho en canal mostrando la sangre de sus m\u00e1s profundas heridas. Y con un halo de intimismo apu\u00f1al\u00f3 el aire callado con el macho de <strong>Juan Junquera<\/strong> la nuez privilegiada y sentida de Ortega, doblegando el cuerpo men\u00fao de Eva a la que le crujieron hasta las costillas dibujando el fin de la verea seguiriyera.<\/p>\n<p>El dichoso pitido de una alarma enturbi\u00f3 los comienzos del solo de guitarra de Jarana. Pero despu\u00e9s derriti\u00f3 por sole\u00e1, derramando sobre los seis r\u00edos de plata de sus cuerdas la sensibilidad musical que muy poquitos poseen. Paco es de los que est\u00e1n tocados por la varita. Pero se mantiene a la sombra siendo uno de los mejores guitarristas y compositores flamencos del panorama actual. Y desde hace mucho tiempo. Un bicharraco de los g\u00fcenos.<\/p>\n<p>Canti\u00f1as de Lebrija, la de <strong>Carapiera<\/strong> y alegr\u00edas de C\u00f3rdoba se rifaron las voces del cuadro: Ezequiel, Manuel de Gines y Miguel Ortega. Y en una esquinita de los maderos Eva le bail\u00f3 al cante, solita pa ellos, pre\u00f1\u00e1 de gitaner\u00eda \u2013lo s\u00e9, que no vende cal\u2013, zalamera y picantona, flamencona y risue\u00f1a. Con los hombros, con los ojos, con los brazos, con el culo\u2026 Tronaron los aplausos. <strong>El p\u00fablico en pie. Eva bail\u00f3 como le dio la gana. Eva bail\u00f3 como baila Eva.<\/strong><\/p>\n<p>&nbsp;<\/p>\n<p><strong>Ficha art\u00edstica<\/strong><\/p>\n<p>Espect\u00e1culo flamenco de Eva Yerbabuena<br \/>\nPrevios del LXIV Festival de Cante Jondo Antonio Mairena<br \/>\nTeatro Municipal Calixto S\u00e1nchez, Mairena del Alcor, Sevilla<br \/>\n3 de septiembre de 2025<\/p>\n<p>Baile: Eva Yerbabuena<br \/>\nCante: Ezequiel Montoya, Manuel de Gines y Miguel Ortega<br \/>\nGuitarra: Paco Jarana<br \/>\nComp\u00e1s: El Oruco<br \/>\nPercusi\u00f3n: Dani Su\u00e1rez<\/p>\n<p>&nbsp;<\/p>\n\n<p>&nbsp;<\/p>\n","protected":false,"gt_translate_keys":[{"key":"rendered","format":"html"}]},"excerpt":{"rendered":"<p>Eva Yerbabuena zamarre\u00f3 los cimientos del baile volviendo a su esencia ante los flamencos cabales de Mairena. Fue el 3 de septiembre en los previos del Festival de Cante Jondo, sobre los maderos del Teatro Municipal Calixto S\u00e1nchez.<\/p>\n","protected":false,"gt_translate_keys":[{"key":"rendered","format":"html"}]},"author":63,"featured_media":3501,"comment_status":"open","ping_status":"open","sticky":false,"template":"","format":"standard","meta":{"_acf_changed":false,"pmpro_default_level":"","jnews-multi-image_gallery":[],"jnews_single_post":{"format":"standard","override":[{"template":"2","parallax":"1","fullscreen":"1","layout":"right-sidebar","sidebar":"default-sidebar","second_sidebar":"default-sidebar","sticky_sidebar":"1","share_position":"top","share_float_style":"share-monocrhome","show_share_counter":"1","show_view_counter":"1","show_featured":"1","show_post_meta":"1","show_post_author":"1","show_post_author_image":"1","show_post_date":"1","post_date_format":"default","post_date_format_custom":"Y\/m\/d","show_post_reading_time":"1","post_reading_time_wpm":"250","post_calculate_word_method":"str_word_count","show_zoom_button":"1","zoom_button_out_step":"2","zoom_button_in_step":"3","show_post_tag":"1","show_popup_post":"1","number_popup_post":"1","show_post_related":"1","show_inline_post_related":"1"}],"image_override":[{"single_post_thumbnail_size":"no-crop","single_post_gallery_size":"crop-500"}],"trending_post_position":"meta","trending_post_label":"Trending","sponsored_post_label":"Sponsored by","disable_ad":"0","subtitle":"Eva Yerbabuena zamarre\u00f3 los cimientos del baile volviendo a su esencia ante los flamencos cabales de Mairena. Fue el 3 de septiembre en los previos del Festival de Cante Jondo, sobre los maderos del Teatro Municipal Calixto S\u00e1nchez."},"jnews_primary_category":{"id":"248"},"jnews_override_bookmark_settings":{"override_bookmark_button":"0","override_show_bookmark_button":"0"},"jnews_social_meta":[],"jnews_review":[],"enable_review":"","type":"percentage","name":"","summary":"","brand":"","sku":"","good":[],"bad":[],"score_override":"","override_value":"","rating":[],"price":[],"jnews_override_counter":{"view_counter_number":"0","share_counter_number":"0","like_counter_number":"0","dislike_counter_number":"0"},"footnotes":""},"categories":[46,38],"tags":[1596,732,3102],"class_list":["post-3500","post","type-post","status-publish","format-standard","has-post-thumbnail","hentry","category-cronicas","category-en-portada","tag-eva-yerbabuena","tag-festival-de-cante-jondo-antonio-mairena","tag-teatro-municipal-calixto-sanchez","pmpro-has-access"],"acf":[],"aioseo_notices":[],"gt_translate_keys":[{"key":"link","format":"url"}],"_links":{"self":[{"href":"https:\/\/expoflamenco.com\/revista\/wp-json\/wp\/v2\/posts\/3500","targetHints":{"allow":["GET"]}}],"collection":[{"href":"https:\/\/expoflamenco.com\/revista\/wp-json\/wp\/v2\/posts"}],"about":[{"href":"https:\/\/expoflamenco.com\/revista\/wp-json\/wp\/v2\/types\/post"}],"author":[{"embeddable":true,"href":"https:\/\/expoflamenco.com\/revista\/wp-json\/wp\/v2\/users\/63"}],"replies":[{"embeddable":true,"href":"https:\/\/expoflamenco.com\/revista\/wp-json\/wp\/v2\/comments?post=3500"}],"version-history":[{"count":0,"href":"https:\/\/expoflamenco.com\/revista\/wp-json\/wp\/v2\/posts\/3500\/revisions"}],"wp:featuredmedia":[{"embeddable":true,"href":"https:\/\/expoflamenco.com\/revista\/wp-json\/wp\/v2\/media\/3501"}],"wp:attachment":[{"href":"https:\/\/expoflamenco.com\/revista\/wp-json\/wp\/v2\/media?parent=3500"}],"wp:term":[{"taxonomy":"category","embeddable":true,"href":"https:\/\/expoflamenco.com\/revista\/wp-json\/wp\/v2\/categories?post=3500"},{"taxonomy":"post_tag","embeddable":true,"href":"https:\/\/expoflamenco.com\/revista\/wp-json\/wp\/v2\/tags?post=3500"}],"curies":[{"name":"wp","href":"https:\/\/api.w.org\/{rel}","templated":true}]}}