{"id":3480,"date":"2025-09-10T12:47:43","date_gmt":"2025-09-10T10:47:43","guid":{"rendered":"https:\/\/expoflamenco.com\/revistanew\/el-ballet-flamenco-de-andalucia-piropea-a-granada-en-su-primera-bienal\/"},"modified":"2025-09-10T12:47:43","modified_gmt":"2025-09-10T10:47:43","slug":"el-ballet-flamenco-de-andalucia-piropea-a-granada-en-su-primera-bienal","status":"publish","type":"post","link":"https:\/\/expoflamenco.com\/revista\/el-ballet-flamenco-de-andalucia-piropea-a-granada-en-su-primera-bienal\/","title":{"rendered":"El Ballet Flamenco de Andaluc\u00eda piropea a Granada en su primera Bienal","gt_translate_keys":[{"key":"rendered","format":"text"}]},"content":{"rendered":"<p>Desde que la extraordinaria bailaora <strong>Patricia Guerrero<\/strong> asumi\u00f3 la direcci\u00f3n del <a href=\"https:\/\/www.juntadeandalucia.es\/cultura\/flamenco\/ballet-flamenco-andalucia\" target=\"_blank\" rel=\"noopener\">Ballet Flamenco de Andaluc\u00eda<\/a>, el cuadro goza de una salud de hierro. No solo ha sabido reclutar a un elenco de incuestionable categor\u00eda art\u00edstica, sino que sus producciones son ovacionadas con innegables merecimientos por la calidad de sus propuestas.<\/p>\n<p>El patio del <strong>Colegio Mayor Santa Cruz la Real<\/strong> de la ciudad de la Alhambra acogi\u00f3 la <strong>Gala del XV aniversario de la proclamaci\u00f3n del flamenco como patrimonio inmaterial de la humanidad<\/strong> con todo el papel vendido y un p\u00fablico entregado al disfrute de esta nueva obra de su paisana, ya que Guerrero recibi\u00f3 el primer beso de luz en Granada, a quien la bailaora piropea sobre los maderos en su primera Bienal.<\/p>\n<p>El espect\u00e1culo carece de hilo argumental o historia que lo vertebre. Se trata de una sucesi\u00f3n de piezas sueltas hilvanadas entre s\u00ed con simples pero resolutivas transiciones. Y a modo de homenajes continuos, tributan a flamencos insignes, palos, territorios o grandes maestros, como <strong>Arturo Pav\u00f3n<\/strong>, los romances, M\u00e1laga, <strong>Mario Maya<\/strong>, el Sacromonte y los cantes y cantaores grana\u00ednos, reparando con especial relevancia en la figura de <strong>Enrique Morente<\/strong>.<\/p>\n<p><strong>Luc\u00eda La Bronce<\/strong> abri\u00f3 bordando un pasaje protagonizado por el mant\u00f3n. La m\u00fasica pregrabada la rubricaba Arturo Pav\u00f3n. Parte del cuerpo de baile \u2013<strong>Adriana G\u00f3mez, \u00c1ngel Fari\u00f1a, Blanca Lorente, David Vargas, <\/strong>Luc\u00eda La Bronce y <strong>Jasiel Nahin<\/strong>, seg\u00fan figura en el programa\u2013 danz\u00f3 la ca\u00f1a, musicalizada con exquisita originalidad por el guitarrista <strong>Jes\u00fas Rodr\u00edguez<\/strong>, espl\u00e9ndido en la composici\u00f3n y al toque, como su compa\u00f1ero en la baja\u00f1\u00ed <strong>Jos\u00e9<\/strong> <strong>Luis Medina<\/strong>, el cante de <strong>Amparo Lagares<\/strong>, <strong>Manuel de Gines<\/strong> y <strong>Sergio El Colorao<\/strong> y la precisa percusi\u00f3n de <strong>David Chupete<\/strong>. <strong>Mar\u00eda Carrasco<\/strong> brill\u00f3 en la petenera. Intensa, profunda, henchida de jondura. Lo hizo al socaire de la garganta melosa, contenida, sensible y bien timbrada de Manuel de Gines, que riz\u00f3 <em>la remediaora<\/em> y el <em>quisiera yo reneg\u00e1<\/em> de <strong>La Ni\u00f1a de los Peines<\/strong> con vaivenes sedosos. Mar\u00eda culmin\u00f3 su baile igual que empez\u00f3: con los volantes de la bata alzados, ocultando su rostro. Prosiguieron algunos componentes del elenco masculino \u2013<strong>\u00c1lvaro Aguilera, Arturo Fajardo<\/strong> y <strong>Hugo Aguilar<\/strong>\u2013 con virajes de rodillas, casta\u00f1uelas y pasos cl\u00e1sicos evocando con pulcritud ecos lorquianos en la memoria, por verdiales. <strong>Araceli Mu\u00f1oz<\/strong> descoll\u00f3 con elegancia en los marcajes y flamencura en los contoneos al llegar a los corridos y romances junto a la utrerana <strong>Sof\u00eda Su\u00e1rez<\/strong> y la grana\u00edna <strong>Claudia La Debla<\/strong>, portento de bailaora de insultante juventud. Tremendos los cantaores en esta pieza.<\/p>\n<p>&nbsp;<\/p>\n<blockquote><p><em>\u00abExcelsas las coreograf\u00edas, ideadas casi siempre por los mismos ejecutantes. De sobrada val\u00eda cada uno de los componentes del cuerpo de baile. Dos guitarras de lujo. Tres voces dotadas y distintas. Muy buena la percusi\u00f3n. (&#8230;) El Ballet Flamenco de Andaluc\u00eda, con Patricia Guerrero a la direcci\u00f3n, ha vuelto a cautivarme. Las palmas todav\u00eda siguen sonando en Granada\u00bb<\/em><\/p><\/blockquote>\n<p>&nbsp;<\/p>\n<figure id=\"attachment_82358\" aria-describedby=\"caption-attachment-82358\" style=\"width: 1280px\" class=\"wp-caption aligncenter\"><a href=\"https:\/\/expoflamenco.com\/revista\/wp-content\/uploads\/sites\/17\/2025\/09\/ballet-flamenco-de-andalucia-3-bienal-de-granada-sep25-foto-fermin-rodriguez.jpeg\"><img fetchpriority=\"high\" decoding=\"async\" class=\"size-full wp-image-82358\" src=\"https:\/\/expoflamenco.com\/revista\/wp-content\/uploads\/sites\/17\/2025\/09\/ballet-flamenco-de-andalucia-3-bienal-de-granada-sep25-foto-fermin-rodriguez.jpeg\" alt=\"Ballet Flamenco de Andaluc\u00eda. I Bienal de Granada. Colegio Mayor Santa Cruz la Real, Granada. 9 sep 2025. Foto: Ferm\u00edn Rodr\u00edguez\" width=\"1280\" height=\"1600\" \/><\/a><figcaption id=\"caption-attachment-82358\" class=\"wp-caption-text\">Ballet Flamenco de Andaluc\u00eda. I Bienal de Granada. Colegio Mayor Santa Cruz la Real, Granada. 9 sep 2025. Foto: Ferm\u00edn Rodr\u00edguez<\/figcaption><\/figure>\n<p>&nbsp;<\/p>\n<p>Sergio meci\u00f3 su garganta por grana\u00edna y media grana\u00edna en un ejercicio de renuevo del cante, sin desvirtuar la esencia y con mucho gusto. El mismo que tuvo al acompa\u00f1ar por buler\u00edas a Patricia Guerrero, que visti\u00f3 de rojo y con flecos. Sin instrumentaci\u00f3n alguna, solo a comp\u00e1s, conformaron uno de los momentos memorables de la noche por su frescura y la magn\u00edfica coreograf\u00eda, plena de soniquete, figuras personal\u00edsimas y gestos muy flamencos. Patricia luci\u00f3 en el braceo y en la definici\u00f3n de sus pies, adem\u00e1s de los recortes que perfilaron sus hechuras en mudanzas propias que no se parecen a las de nadie. Tiene su propio sello.<\/p>\n<p>Sali\u00f3 a los maderos del patio todo el elenco femenino con panderos en las manos para dibujar un cuadro costumbrista, \u2018folcl\u00f3rico\u2019, tradicional. Pose\u00eddas por la brisa del <strong><em>Sacromonte<\/em><\/strong>, las mujeres bailaron desatadas y alegres los cantes grana\u00ednos, evocando la zambra, la cachucha, la albore\u00e1, la mosca y hasta la roa, perge\u00f1ando un hermoso ritual que encendi\u00f3 al respetable, tocando las fibras de los corazoncitos locales por la querencia a sus particulares sonidos flamencos y costumbres populares. Claudia se atrevi\u00f3 con age a entonarse por tangos de Gran\u00e1, recordando tambi\u00e9n los de <strong>Pepillo<\/strong>. La estampa final fue aplaudida hasta la saciedad.<\/p>\n<p>Y cambiaron las tornas a la solemnidad que Guerrero quiso darle a <strong><em>Maestro<\/em><\/strong>, en honor a Mario Maya, fragmento en el que ella misma en pantalones y junto a todo el cuerpo de baile masculino recre\u00f3 con respeto y una brillant\u00edsima ejecuci\u00f3n el pasaje donde la agarran de los brazos y lucha bailando por su liberaci\u00f3n. Absolutamente sublime.<\/p>\n<p>Para abrochar el asunto se inspiraron en la obra de Morente, cuya voz escuchamos enred\u00e1 entre los quej\u00edos y los tercios del resto de cantaores ubicados en los balcones, bater\u00eda de Chupete incluida, dejando el escenario vac\u00edo y rescatando las dimensiones ortodoxas y modernas de Enrique escenificadas desde el eclecticismo musical y la genialidad con la que proyect\u00f3 su visi\u00f3n del flamenco. Esto se llam\u00f3 <strong><em>Eterno<\/em><\/strong>. Y acab\u00f3 entre lamentos seguiriyeros, precedidos por el mantra morentiano \u2014<em>aunque era de noche<\/em>\u2014, llorado por Sergio El Colorao.<\/p>\n<p>Excelsas las coreograf\u00edas, ideadas casi siempre por los mismos ejecutantes. De sobrada val\u00eda cada uno de los componentes del cuerpo de baile. Dos guitarras de lujo. Tres voces dotadas y distintas. Muy buena la percusi\u00f3n. Con estos ingredientes llegaron a la hora y media de espect\u00e1culo, piropeando a Granada. Con una sonorizaci\u00f3n algo deficiente que a veces emborron\u00f3 la m\u00fasica con las voces y los pies, haciendo que en el empaste se confundieran en una bola de graves con reverberaciones molestas. Quiz\u00e1s la \u00fanica pega que le vi. Porque el Ballet Flamenco de Andaluc\u00eda, con Patricia Guerrero a la direcci\u00f3n, ha vuelto a cautivarme. Las palmas todav\u00eda siguen sonando en Granada.<\/p>\n<p><strong>\u00a0<\/strong><\/p>\n<p><strong>Ficha art\u00edstica<\/strong><\/p>\n<p>Ballet Flamenco de Andaluc\u00eda<br \/>\nGala del XV aniversario de la proclamaci\u00f3n del flamenco como patrimonio inmaterial de la humanidad<br \/>\nI Bienal de Granada<br \/>\nColegio Mayor Santa Cruz la Real, Granada<br \/>\n9 de septiembre de 2025<\/p>\n<p>Baile y direcci\u00f3n art\u00edstica: Patricia Guerrero<\/p>\n<p>Cuerpo de baile: Adriana G\u00f3mez, Araceli Mu\u00f1oz, Blanca Lorente, Claudia La Debla, Luc\u00eda La Bronce, Mar\u00eda Carrasco, Sof\u00eda Su\u00e1rez, \u00c1lvaro Aguilera, \u00c1ngel Fari\u00f1a, Arturo Fajardo, David Vargas, Hugo Aguilar y Jasiel Nahin<\/p>\n<p>Cante: Manuel de Gines y Amparo Lagares<br \/>\nArtista invitado al cante: Sergio El Colorao<br \/>\nGuitarras: Jes\u00fas Rodr\u00edguez y Jos\u00e9 Luis Medina<br \/>\nPercusi\u00f3n: David Chupete<\/p>\n<p>&nbsp;<\/p>\n<figure id=\"attachment_82359\" aria-describedby=\"caption-attachment-82359\" style=\"width: 1280px\" class=\"wp-caption aligncenter\"><a href=\"https:\/\/expoflamenco.com\/revista\/wp-content\/uploads\/sites\/17\/2025\/09\/ballet-flamenco-de-andalucia-4-bienal-de-granada-sep25-foto-fermin-rodriguez.jpeg\"><img decoding=\"async\" class=\"size-full wp-image-82359\" src=\"https:\/\/expoflamenco.com\/revista\/wp-content\/uploads\/sites\/17\/2025\/09\/ballet-flamenco-de-andalucia-4-bienal-de-granada-sep25-foto-fermin-rodriguez.jpeg\" alt=\"Ballet Flamenco de Andaluc\u00eda. I Bienal de Granada. Colegio Mayor Santa Cruz la Real, Granada. 9 sep 2025. Foto: Ferm\u00edn Rodr\u00edguez\" width=\"1280\" height=\"1600\" \/><\/a><figcaption id=\"caption-attachment-82359\" class=\"wp-caption-text\">Ballet Flamenco de Andaluc\u00eda. I Bienal de Granada. Colegio Mayor Santa Cruz la Real, Granada. 9 sep 2025. Foto: Ferm\u00edn Rodr\u00edguez<\/figcaption><\/figure>\n<figure id=\"attachment_82357\" aria-describedby=\"caption-attachment-82357\" style=\"width: 1600px\" class=\"wp-caption aligncenter\"><a href=\"https:\/\/expoflamenco.com\/revista\/wp-content\/uploads\/sites\/17\/2025\/09\/ballet-flamenco-de-andalucia-2-bienal-de-granada-sep25-foto-fermin-rodriguez.jpeg\"><img decoding=\"async\" class=\"size-full wp-image-82357\" src=\"https:\/\/expoflamenco.com\/revista\/wp-content\/uploads\/sites\/17\/2025\/09\/ballet-flamenco-de-andalucia-2-bienal-de-granada-sep25-foto-fermin-rodriguez.jpeg\" alt=\"Ballet Flamenco de Andaluc\u00eda. I Bienal de Granada. Colegio Mayor Santa Cruz la Real, Granada. 9 sep 2025. Foto: Ferm\u00edn Rodr\u00edguez\" width=\"1600\" height=\"1066\" \/><\/a><figcaption id=\"caption-attachment-82357\" class=\"wp-caption-text\">Ballet Flamenco de Andaluc\u00eda. I Bienal de Granada. Colegio Mayor Santa Cruz la Real, Granada. 9 sep 2025. Foto: Ferm\u00edn Rodr\u00edguez<\/figcaption><\/figure>\n<figure id=\"attachment_82360\" aria-describedby=\"caption-attachment-82360\" style=\"width: 1600px\" class=\"wp-caption aligncenter\"><a href=\"https:\/\/expoflamenco.com\/revista\/wp-content\/uploads\/sites\/17\/2025\/09\/ballet-flamenco-de-andalucia-5-bienal-de-granada-sep25-foto-fermin-rodriguez.jpeg\"><img loading=\"lazy\" decoding=\"async\" class=\"size-full wp-image-82360\" src=\"https:\/\/expoflamenco.com\/revista\/wp-content\/uploads\/sites\/17\/2025\/09\/ballet-flamenco-de-andalucia-5-bienal-de-granada-sep25-foto-fermin-rodriguez.jpeg\" alt=\"Ballet Flamenco de Andaluc\u00eda. I Bienal de Granada. Colegio Mayor Santa Cruz la Real, Granada. 9 sep 2025. Foto: Ferm\u00edn Rodr\u00edguez\" width=\"1600\" height=\"1066\" \/><\/a><figcaption id=\"caption-attachment-82360\" class=\"wp-caption-text\">Ballet Flamenco de Andaluc\u00eda. I Bienal de Granada. Colegio Mayor Santa Cruz la Real, Granada. 9 sep 2025. Foto: Ferm\u00edn Rodr\u00edguez<\/figcaption><\/figure>\n<p>&nbsp;<\/p>\n","protected":false,"gt_translate_keys":[{"key":"rendered","format":"html"}]},"excerpt":{"rendered":"<p>El patio del Colegio Mayor Santa Cruz la Real de la capital granadina alberg\u00f3 la \u00faltima propuesta del Ballet Flamenco de Andaluc\u00eda conmemorando el XV aniversario de la proclamaci\u00f3n del flamenco como patrimonio inmaterial de la humanidad.<\/p>\n","protected":false,"gt_translate_keys":[{"key":"rendered","format":"html"}]},"author":63,"featured_media":3481,"comment_status":"open","ping_status":"open","sticky":false,"template":"","format":"standard","meta":{"_acf_changed":false,"pmpro_default_level":"","jnews-multi-image_gallery":[],"jnews_single_post":null,"jnews_primary_category":{"id":"248"},"jnews_override_bookmark_settings":{"override_bookmark_button":"0","override_show_bookmark_button":"0"},"jnews_social_meta":[],"jnews_review":[],"enable_review":"","type":"percentage","name":"","summary":"","brand":"","sku":"","good":[],"bad":[],"score_override":"","override_value":"","rating":[],"price":[],"jnews_override_counter":{"view_counter_number":"0","share_counter_number":"0","like_counter_number":"0","dislike_counter_number":"0"},"footnotes":""},"categories":[46,38],"tags":[619,3089,3082],"class_list":["post-3480","post","type-post","status-publish","format-standard","has-post-thumbnail","hentry","category-cronicas","category-en-portada","tag-ballet-flamenco-de-andalucia","tag-bienal-de-granada","tag-colegio-mayor-santa-cruz-la-real","pmpro-has-access"],"acf":[],"aioseo_notices":[],"gt_translate_keys":[{"key":"link","format":"url"}],"_links":{"self":[{"href":"https:\/\/expoflamenco.com\/revista\/wp-json\/wp\/v2\/posts\/3480","targetHints":{"allow":["GET"]}}],"collection":[{"href":"https:\/\/expoflamenco.com\/revista\/wp-json\/wp\/v2\/posts"}],"about":[{"href":"https:\/\/expoflamenco.com\/revista\/wp-json\/wp\/v2\/types\/post"}],"author":[{"embeddable":true,"href":"https:\/\/expoflamenco.com\/revista\/wp-json\/wp\/v2\/users\/63"}],"replies":[{"embeddable":true,"href":"https:\/\/expoflamenco.com\/revista\/wp-json\/wp\/v2\/comments?post=3480"}],"version-history":[{"count":0,"href":"https:\/\/expoflamenco.com\/revista\/wp-json\/wp\/v2\/posts\/3480\/revisions"}],"wp:featuredmedia":[{"embeddable":true,"href":"https:\/\/expoflamenco.com\/revista\/wp-json\/wp\/v2\/media\/3481"}],"wp:attachment":[{"href":"https:\/\/expoflamenco.com\/revista\/wp-json\/wp\/v2\/media?parent=3480"}],"wp:term":[{"taxonomy":"category","embeddable":true,"href":"https:\/\/expoflamenco.com\/revista\/wp-json\/wp\/v2\/categories?post=3480"},{"taxonomy":"post_tag","embeddable":true,"href":"https:\/\/expoflamenco.com\/revista\/wp-json\/wp\/v2\/tags?post=3480"}],"curies":[{"name":"wp","href":"https:\/\/api.w.org\/{rel}","templated":true}]}}