{"id":3462,"date":"2025-09-14T21:38:43","date_gmt":"2025-09-14T19:38:43","guid":{"rendered":"https:\/\/expoflamenco.com\/revistanew\/antonio-reyes-juan-de-juan-y-la-veterania-de-el-extremeno-cancanilla-y-nano-de-jerez-lucieron-en-el-viso\/"},"modified":"2025-09-14T21:38:43","modified_gmt":"2025-09-14T19:38:43","slug":"antonio-reyes-juan-de-juan-y-la-veterania-de-el-extremeno-cancanilla-y-nano-de-jerez-lucieron-en-el-viso","status":"publish","type":"post","link":"https:\/\/expoflamenco.com\/revista\/antonio-reyes-juan-de-juan-y-la-veterania-de-el-extremeno-cancanilla-y-nano-de-jerez-lucieron-en-el-viso\/","title":{"rendered":"Antonio Reyes, Juan de Juan y la veteran\u00eda de El Extreme\u00f1o, Cancanilla y Nano de Jerez lucieron en El Viso","gt_translate_keys":[{"key":"rendered","format":"text"}]},"content":{"rendered":"<p>El <strong>Festival de Cante Grande de El Viso del Alcor<\/strong> vivi\u00f3 este a\u00f1o un momento hist\u00f3rico. Su cuadrag\u00e9simo cuarta edici\u00f3n rend\u00eda honores al cantaor <strong>Segundo Falc\u00f3n<\/strong> y cambi\u00f3 su designaci\u00f3n a perpetuidad como <strong>Festival de Cante Grande Ni\u00f1o Colch\u00f3n<\/strong>, tributando al ilustre flamenco visue\u00f1o \u2013hijo predilecto de su pueblo a t\u00edtulo p\u00f3stumo\u2013 que desde las balconadas del cielo bien lo estar\u00e1 agradeciendo de la misma manera que se regocijaron sus familiares y amigos ante tal reconocimiento.<\/p>\n<p>Quedar\u00e1 para el anecdotario el desliz con los n\u00fameros romanos en el dise\u00f1o del cartel y dado el trabajo, la dedicaci\u00f3n y entrega de la <strong>Pe\u00f1a Flamenca El Rinc\u00f3n del Pilar<\/strong> se recordar\u00e1n muchos y buenos momentos sobre los maderos del escenario, donde hubo un poco de todo.<\/p>\n<p>Vayamos con las carencias para quedarnos despu\u00e9s con buen sabor de boca. Porque as\u00ed fue como me vine a reposarlo en la almohada. Molestaron los vac\u00edos esc\u00e9nicos y las transiciones descuidadas. Y\u2026 a poco que cualquier aficionao haya acudido a un pu\u00f1ao de festivales, sin saber a ciencia cierta la dotaci\u00f3n econ\u00f3mica de la que dispon\u00edan, vislumbrar\u00eda un festival con no demasiados recursos. Y probablemente casi todo sea achacable a esta causa. Vaya as\u00ed un peque\u00f1o tir\u00f3n de orejas al Ayuntamiento del municipio \u2013el justo para que no se enfade y se deje caer\u2013 para que prevea el asunto y estire sus arcas respondiendo con el jurd\u00f3 que merece un evento cultural de esta categor\u00eda. <strong>El Festival de El Viso goza siempre de una envidiable asistencia de p\u00fablico, colmao de cabales de todos sitios<\/strong> y al que tienen a bien asistir numerosos artistas. No es de recibo quedarse cortos de manteca. De esta forma se puede ofrecer una iluminaci\u00f3n y un sonido que est\u00e9n a la altura, ya que fueron deficientes, y conformar un cartel en el que todos los flamencos tengan una val\u00eda art\u00edstica, cuanto menos, parecida y no tan dispares. Porque ya sabemos que todos ponen el coraz\u00f3n, pero cada uno canta y suena como canta y suena. Y los cach\u00e9s son una realidad. Con mis respetos para todos.<\/p>\n<p>El pescao se vendi\u00f3 caro tras el descanso, con el baile de <strong>Juan de Juan<\/strong>, la actuaci\u00f3n del homenajeado Segundo Falc\u00f3n y el cante de <strong>Antonio Reyes<\/strong>, adem\u00e1s del enjundioso fin de fiesta floreado por tres autoridades del cante como son los veteranos <strong>Enrique El Extreme\u00f1o<\/strong>, <strong>Cancanilla de M\u00e1laga<\/strong> y <strong>Nano de Jerez<\/strong>. A <strong>Sonia Miranda<\/strong> le toc\u00f3 romper el hielo y la sigui\u00f3 <strong>Manuela Cordero<\/strong>. Estas dos mujeres ofrecieron un aperitivo escaso para lo que vino despu\u00e9s. Y os lo cuento.<\/p>\n<p>&nbsp;<\/p>\n<blockquote><p><em>\u00abAntonio Reyes se rebusc\u00f3 en la \u00fanica seguiriya de la noche. Era hora. La fundi\u00f3 con el macho de yunque, fraguas y martillos despu\u00e9s de dos cuerpos escarbaos de la barriga, llorando una herida vieja. Se abandon\u00f3 luego con libertad al soniquete disfrut\u00f3n por buler\u00edas. Y no se fue sin levantar del asiento a la afici\u00f3n, que recogi\u00f3 con ganas cinco o seis fandangazos, algunos de ellos al aire, para guard\u00e1rselos en el pecho\u00bb<\/em><\/p><\/blockquote>\n<p>&nbsp;<\/p>\n<div class=\"jeg_video_container jeg_video_content\"><iframe title=\"Segundo Falc\u00f3n - XLIV Festival de Cante Grande Ni\u00f1o Colch\u00f3n\" width=\"500\" height=\"281\" src=\"https:\/\/www.youtube.com\/embed\/sF0uX1I424g?feature=oembed\" frameborder=\"0\" allow=\"accelerometer; autoplay; clipboard-write; encrypted-media; gyroscope; picture-in-picture; web-share\" referrerpolicy=\"strict-origin-when-cross-origin\" allowfullscreen><\/iframe><\/div>\n<div class=\"jeg_video_container jeg_video_content\"><iframe title=\"Juan de Juan - Festival de Cante Grande Ni\u00f1o Colch\u00f3n\" width=\"500\" height=\"281\" src=\"https:\/\/www.youtube.com\/embed\/h6PQLxT-HnA?feature=oembed\" frameborder=\"0\" allow=\"accelerometer; autoplay; clipboard-write; encrypted-media; gyroscope; picture-in-picture; web-share\" referrerpolicy=\"strict-origin-when-cross-origin\" allowfullscreen><\/iframe><\/div>\n<p>&nbsp;<\/p>\n<p>La maestr\u00eda en la palabra del amigo y compa\u00f1ero <strong>Manuel Curao<\/strong> llev\u00f3 la presentaci\u00f3n todo lo bien que acostumbra a hacerlo, con esa parsimonia, seguridad, campechan\u00eda y aplomo que le dan la sabidur\u00eda y la experiencia en estas lides. Y tras el entra\u00f1able acto protocolario del homenaje en el que Curao se deshizo en halagos y Falc\u00f3n en agradecimientos, son\u00f3 el cante de Miranda.<\/p>\n<h3><strong>Sonia Miranda<\/strong><\/h3>\n<p>Sonia solt\u00f3 <em>perlas a millares<\/em> fundiendo los aires de Almer\u00eda con los ecos levantinos, cosidos por abandolaos. Se enton\u00f3 en recuerdo de <strong>Pastora<\/strong> por bamberas, busc\u00e1ndole con relativo desacierto nuevas sonoridades mel\u00f3dicas. Se meci\u00f3 en la farruca y acab\u00f3 con un recorrido por canti\u00f1as: la del contrabandista, el gui\u00f1o a <strong>Pinini<\/strong>, alegr\u00edas de C\u00f3rdoba\u2026 proyectando una voz \u2018relajante\u2019, suave, tibia, dulzona y acancion\u00e1 que no entusiasm\u00f3 demasiado. Se fueron mis o\u00eddos derechitos a la boca de la guitarra del jovenc\u00edsimo <strong>\u00c1lvaro Moreno<\/strong>, un guitarrista que viene creciendo como la espuma por su buen sentido del comp\u00e1s, la originalidad de sus falsetas, la digitaci\u00f3n y la flamencura que le imprime a sus composiciones solistas y de acompa\u00f1amiento.<\/p>\n<h3><strong>Manuela Cordero<\/strong><\/h3>\n<p>A Manuela Cordero la arrop\u00f3 la baja\u00f1\u00ed infalible y gustosa de <strong>Antonio Carri\u00f3n<\/strong>, al que Sevilla le debe unos cuantos homenajes por su medio siglo abrazando las curvas de los aleros del cipr\u00e9s con el que ha escudado a los mejores del cante durante todo este tiempo.\u00a0 La familia a las palmas. Retom\u00f3 Manuela el testigo de Sonia y comenz\u00f3 tambi\u00e9n por alegr\u00edas. Busco el templ\u00e9 por sole\u00e1, se fue a Huelva por fandangos y termin\u00f3 por buler\u00edas evocando a <strong>Luis de la Pica<\/strong>, <strong>Pansequito<\/strong>, <strong>El Turronero<\/strong>, <strong>Juanito Villar<\/strong> y unos pocos m\u00e1s, entre ellos al propio Carri\u00f3n, a quien le dedic\u00f3 una letra. Le sobraron estrofas en todos los cantes. Y m\u00e1s que lucirlo como un alarde de conocimientos se hizo un poco largo. Cant\u00f3 algo historiada, pero apuntando maneras m\u00e1s flamencas llegando solo al decente en su actuaci\u00f3n.<\/p>\n<h3><strong>Juan de Juan<\/strong><\/h3>\n<p><strong>El Canito<\/strong> y los melismas resquebrajaos del ga\u00f1ote de bronce de <strong>David El Galli<\/strong> echaron el cante a los pies de Juan de Juan. <strong>El Petete<\/strong> marc\u00f3 sin mancha el comp\u00e1s. La guitarra pulcra y fina de son\u00edos marcheneros de <strong>Paco Iglesias<\/strong> redonde\u00f3 el cuadro para iniciar el baile por romances a Mor\u00f3n, continuar con un interludio por fandangos y abrochar el \u00faltimo baile por sole\u00e1. Aqu\u00ed empez\u00f3 el disfrute del festival. Porque <strong>Juan est\u00e1 extraordinariamente loquito y te zarandea con el calambre de sus recortes y el fuego de los desplantes, siempre rotundos y potentes, cuajaos de jondura.<\/strong> Juega a acordarse de los viejos y cada uno de los pasos que regala lo recrea tamizado por un prisma de genialidad que roba miradas y oles. Fueron muchos los bailaores en el p\u00fablico los que no se contuvieron en llenarle la talega de jaleos. La sole\u00e1 cruji\u00f3 por solemne. Pes\u00f3 cien quintales por la contenci\u00f3n en los paseos, la intensidad de sus ojos, el gesto de desolaci\u00f3n y dolor. Se masc\u00f3 en los arrastres, en sus pu\u00f1os y cuando desat\u00f3 el grito en sus pies precisos y contumaces. La est\u00e9tica cuenta. Y Juan se ci\u00f1e en un vestuario tradicional que lo imbuye de un halo especial de bailaores rancios y modernos a la vez, porque los reinterpreta aunando la frescura de quien tiene la sesera bien amueblada para esto con el venero esencial de la raigambre. Ahondar por aqu\u00ed en su definici\u00f3n es casi una ofensa. Ten\u00e9is que sentirlo.<\/p>\n<h3><strong>Segundo Falc\u00f3n<\/strong><\/h3>\n<p><strong>Paco Jarana<\/strong> es un aut\u00e9ntico maestro de la guitarra que ha crecido a la sombra. Pero los que saben istingu\u00ed lo aclaman. Tremendo su acompa\u00f1amiento, la pulsaci\u00f3n que le imprime a los seis r\u00edos de plata y su excelencia en la composici\u00f3n. Sencillamente sublime. Y Segundo Falc\u00f3n tiene el o\u00eddo y la suerte de llevarlo a su izquierda. Es garant\u00eda de calidad. El agasajado de esta edici\u00f3n quiso el calor de la segunda guitarra de \u00c1lvaro Moreno, los coros y palmas de <strong>Juan El Moreno<\/strong>, <strong>Juan Cantarote<\/strong> e <strong>Inma Rivero<\/strong>, con la percusi\u00f3n de <strong>Nani Su\u00e1rez<\/strong>. As\u00ed present\u00f3 su propuesta romanceando con la diligencia de Carmona, cuidando la media voz, diciendo el cante. Encontr\u00f3 cadencias singulares a la malague\u00f1a con ronde\u00f1a y fandango de <strong>Frasquito Yerbabuena<\/strong>. Se gust\u00f3 luego en la sole\u00e1 apol\u00e1 y de Triana, dando un repaso con paladar por los estilos melosos y de empaque del arrabal sevillano. Le vienen bien a su nuez esas tesituras, para hilvanar sobre su amplio registro de tonalidades los vaivenes del pentagrama trianero. Los coros entraron por jaleos extreme\u00f1os y buler\u00edas, donde si bien no alcanz\u00f3 el aroma de lleno, toc\u00f3 con sobrados conocimientos las aristas del cante de Extremadura, con una entrega y entereza dignas del aplauso. <strong>Segundo estaba emocionado y contento. Y lo reflej\u00f3 en su garganta.<\/strong> Tuvo un buen d\u00eda en el que fue creciendo de menos a m\u00e1s. Despu\u00e9s ech\u00f3 el cerrojo con una tanda de fandangos. Dos naturales, cuatro de Huelva y otro m\u00e1s al aire despellejando su corazoncito antes de despedirse.<\/p>\n<p>&nbsp;<\/p>\n<blockquote><p><em>\u00abSubieron a las tablas tres autoridades del cante: Enrique El Extreme\u00f1o, Cancanilla de M\u00e1laga y Nano de Jerez. Formaron un l\u00edo desde que abrieron la boca. La veteran\u00eda es un grado. Y yo a\u00f1adir\u00eda que una virtud. Porque ya est\u00e1n pre\u00f1aos de ese perfume del que no queda. Estos sabios del cante con m\u00e1s vivencias que canas pusieron a hervir el grader\u00edo, derramando el sabor por el entarimao\u00bb<\/em><\/p><\/blockquote>\n<p>&nbsp;<\/p>\n<div class=\"jeg_video_container jeg_video_content\"><iframe title=\"Antonio Reyes - Festival de Cante Grande Ni\u00f1o Colch\u00f3n\" width=\"500\" height=\"281\" src=\"https:\/\/www.youtube.com\/embed\/1FM9FACL9jk?feature=oembed\" frameborder=\"0\" allow=\"accelerometer; autoplay; clipboard-write; encrypted-media; gyroscope; picture-in-picture; web-share\" referrerpolicy=\"strict-origin-when-cross-origin\" allowfullscreen><\/iframe><\/div>\n<div class=\"jeg_video_container jeg_video_content\"><iframe title=\"Cancanilla, Enrique El Extreme\u00f1o y Nano de Jerez - Festival de Cante Grande Ni\u00f1o Colch\u00f3n\" width=\"500\" height=\"281\" src=\"https:\/\/www.youtube.com\/embed\/fxiEIo2bV8U?feature=oembed\" frameborder=\"0\" allow=\"accelerometer; autoplay; clipboard-write; encrypted-media; gyroscope; picture-in-picture; web-share\" referrerpolicy=\"strict-origin-when-cross-origin\" allowfullscreen><\/iframe><\/div>\n<div class=\"jeg_video_container jeg_video_content\"><iframe title=\"Yuka, Pepa Montes, Mar\u00eda T\u00e1vora, Petete, Eva Yerbabuena y Juan de Juan - Fin de fiesta en El Viso\" width=\"500\" height=\"281\" src=\"https:\/\/www.youtube.com\/embed\/YDBQFmkrDOo?feature=oembed\" frameborder=\"0\" allow=\"accelerometer; autoplay; clipboard-write; encrypted-media; gyroscope; picture-in-picture; web-share\" referrerpolicy=\"strict-origin-when-cross-origin\" allowfullscreen><\/iframe><\/div>\n<p>&nbsp;<\/p>\n<h3><strong>Antonio Reyes<\/strong><\/h3>\n<p><strong>Manuel Vinaza<\/strong> y <strong>Ram\u00f3n Reyes<\/strong> pusieron con discreci\u00f3n las palmas para el cantaor chiclanero. <strong>Antonio Reyes<\/strong> calent\u00f3 las mieles de su tragaero y expuso su cante m\u00e1s que habitualmente. El p\u00fablico lo agradeci\u00f3 ovacion\u00e1ndolo con merecimientos justificados. Un paso m\u00e1s all\u00e1 del alivio, Antonio deleit\u00f3 al respetable. Me gust\u00f3. Como tambi\u00e9n me agrad\u00f3 la guitarra de <strong>Paco Le\u00f3n<\/strong>, de tintes ceperianos y colores propios, con bordoneos gordos y trinos en las primeras, brisa en los silencios y gusto en todo. Empezaron por tientos tangos al bamboleo ralentizao que tan bien le funciona como caricia de gitaner\u00eda. Lo cerr\u00f3 calz\u00e1ndole en el comp\u00e1s un fandango. Se rebusc\u00f3 en la \u00fanica seguiriya de la noche. Era hora. La fundi\u00f3 con el macho de <em>yunque, fraguas y martillos<\/em> despu\u00e9s de dos cuerpos escarbaos de la barriga, llorando una herida vieja. Se abandon\u00f3 luego con libertad al soniquete disfrut\u00f3n por buler\u00edas. Y no se fue sin levantar del asiento a la afici\u00f3n, que recogi\u00f3 con ganas cinco o seis fandangazos, algunos de ellos al aire, para guard\u00e1rselos en el pecho.<\/p>\n<h3><strong>El Extreme\u00f1o, Cancanilla y Nano de Jerez<\/strong><\/h3>\n<p>Subieron a las tablas tres autoridades del cante: Enrique El Extreme\u00f1o, Cancanilla de M\u00e1laga y Nano de Jerez. Formaron un l\u00edo desde que abrieron la boca. La veteran\u00eda es un grado. Y yo a\u00f1adir\u00eda que una virtud. Porque ya est\u00e1n pre\u00f1aos de ese perfume del que no queda. Estos sabios del cante con m\u00e1s vivencias que canas pusieron a hervir el grader\u00edo, derramando el sabor por el entarimao y demostrando que la edad no es m\u00e1s que un n\u00famero al que, en estos casos, hay que apostar. Es m\u00e1s: me hubiera encantao que se alargaran en sus recitales lo que otras debieron acortar. Que me perdonen. Es cuesti\u00f3n de gustos y opiniones. Por cierto, aparentemente compartidas por los corrillos de los que pululaban por all\u00ed.<\/p>\n<p>Con las guitarras de Moreno, Jarana y Carri\u00f3n y las palmas de Juan El Moreno y El Petete empezaron a formarla. El Extreme\u00f1o sentenci\u00f3 con las campanas gordas de su nuez su querencia por los tarantos, midiendo los tiempos, a embest\u00edas con fuerza, parti\u00e9ndose las costillas, con los ojitos desencajaos. Nano se aferr\u00f3 a la buler\u00eda, rezumando la esencia mairenista, con su pata\u00edta de sal, olvid\u00e1ndose de la petaca del micro de diadema que acab\u00f3 enrollando en su chaqueta con gracia. Y Cancanilla se peg\u00f3 unos bailecitos de age, cant\u00f3 con su sello particular por buler\u00edas, llev\u00e1ndose a sus entra\u00f1as las cosas de Gaspar jalonadas entre las suyas, regalando momentos inolvidables para el festival.<\/p>\n<p>El fin de fiesta fue portentoso. <strong>Yuka<\/strong>, <strong>Pepa Montes<\/strong>, <strong>Eva Yerbabuena<\/strong>, <strong>Mar\u00eda T\u00e1vora<\/strong>, <strong>Roc\u00edo S\u00e1nchez<\/strong>, El Petete, Juan de Juan\u2026 fueron saliendo a bailar al cante de Segundo Falc\u00f3n, El Galli, <strong>Manuel de Gines<\/strong>, El Extreme\u00f1o\u2026 acompa\u00f1ados en el proscenio por una multitud de compa\u00f1eros, amigos y flamencos que le profesaron cari\u00f1o con su presencia a Falc\u00f3n.<\/p>\n<p>Despu\u00e9s hubo segundo tiempo para los jartibles ya en el bar del festival, que lo cerramos a las seis de la ma\u00f1ana con ratitos de charla, risas, cante y baile en el ritual de lo jondo, el gozo y la verdad. Eso no estaba pagao. Ni hab\u00eda dinero pa comprarlo. Surge y se lo lleva uno en las carnes. Solo se quedaron los \u2018viejos\u2019, estos tres ases, aguantando la juerga y con ganas de m\u00e1s. L\u00e1stima que haya pocos buj\u00edos donde encerrarse hasta que les d\u00e9 la gana o los rinda el cuerpo a los dos o tres d\u00edas. Siguen anhelando las vivencias. Y dispuestos a ofrecerlas a los j\u00f3venes. Pero ya se hab\u00edan ido.<\/p>\n<p>&nbsp;<\/p>\n<p><strong>Ficha art\u00edstica<br \/>\n<\/strong>XLIV Festival de Cante Grande Ni\u00f1o Colch\u00f3n<br \/>\nParque de la Constituci\u00f3n, El Viso del Alcor (Sevilla)<br \/>\n13 de septiembre de 2025<br \/>\nCante: Segundo Falc\u00f3n, Antonio Reyes, Manuela Cordero, Sonia Miranda<br \/>\nGuitarras: Paco Jarana, Paco Le\u00f3n, Antonio Carri\u00f3n, \u00c1lvaro Moreno<br \/>\nBaile: Juan de Juan<br \/>\nCante: El Canito y David El Galli<br \/>\nGuitarra: Paco Iglesias<br \/>\nPalmas: El Petete<br \/>\nArtistas de honor al cante: Enrique El Extreme\u00f1o, Cancanilla de M\u00e1laga, Nano de Jerez<br \/>\nPresentador: Manuel Curao<\/p>\n<p>&nbsp;<\/p>\n\n","protected":false,"gt_translate_keys":[{"key":"rendered","format":"html"}]},"excerpt":{"rendered":"<p>El Festival de Cante Grande Ni\u00f1o Colch\u00f3n de El Viso del Alcor (Sevilla) se dedic\u00f3 a Segundo Falc\u00f3n con momentos entra\u00f1ables para el recuerdo <\/p>\n","protected":false,"gt_translate_keys":[{"key":"rendered","format":"html"}]},"author":63,"featured_media":3463,"comment_status":"open","ping_status":"open","sticky":false,"template":"","format":"standard","meta":{"_acf_changed":false,"pmpro_default_level":"","jnews-multi-image_gallery":[],"jnews_single_post":null,"jnews_primary_category":{"id":"248"},"jnews_override_bookmark_settings":{"override_bookmark_button":"0","override_show_bookmark_button":"0"},"jnews_social_meta":[],"jnews_review":[],"enable_review":"","type":"percentage","name":"","summary":"","brand":"","sku":"","good":[],"bad":[],"score_override":"","override_value":"","rating":[],"price":[],"jnews_override_counter":{"view_counter_number":"0","share_counter_number":"0","like_counter_number":"0","dislike_counter_number":"0"},"footnotes":""},"categories":[46,38],"tags":[648,3068,1555,1020,3069,60,1458],"class_list":["post-3462","post","type-post","status-publish","format-standard","has-post-thumbnail","hentry","category-cronicas","category-en-portada","tag-antonio-reyes","tag-el-viso-del-alcor","tag-cancanilla-de-malaga","tag-enrique-el-extremeno","tag-festival-de-cante-grande-nino-colchon","tag-festival-flamenco","tag-nano-de-jerez","pmpro-has-access"],"acf":[],"aioseo_notices":[],"gt_translate_keys":[{"key":"link","format":"url"}],"_links":{"self":[{"href":"https:\/\/expoflamenco.com\/revista\/wp-json\/wp\/v2\/posts\/3462","targetHints":{"allow":["GET"]}}],"collection":[{"href":"https:\/\/expoflamenco.com\/revista\/wp-json\/wp\/v2\/posts"}],"about":[{"href":"https:\/\/expoflamenco.com\/revista\/wp-json\/wp\/v2\/types\/post"}],"author":[{"embeddable":true,"href":"https:\/\/expoflamenco.com\/revista\/wp-json\/wp\/v2\/users\/63"}],"replies":[{"embeddable":true,"href":"https:\/\/expoflamenco.com\/revista\/wp-json\/wp\/v2\/comments?post=3462"}],"version-history":[{"count":0,"href":"https:\/\/expoflamenco.com\/revista\/wp-json\/wp\/v2\/posts\/3462\/revisions"}],"wp:featuredmedia":[{"embeddable":true,"href":"https:\/\/expoflamenco.com\/revista\/wp-json\/wp\/v2\/media\/3463"}],"wp:attachment":[{"href":"https:\/\/expoflamenco.com\/revista\/wp-json\/wp\/v2\/media?parent=3462"}],"wp:term":[{"taxonomy":"category","embeddable":true,"href":"https:\/\/expoflamenco.com\/revista\/wp-json\/wp\/v2\/categories?post=3462"},{"taxonomy":"post_tag","embeddable":true,"href":"https:\/\/expoflamenco.com\/revista\/wp-json\/wp\/v2\/tags?post=3462"}],"curies":[{"name":"wp","href":"https:\/\/api.w.org\/{rel}","templated":true}]}}