{"id":3446,"date":"2025-09-19T21:24:49","date_gmt":"2025-09-19T19:24:49","guid":{"rendered":"https:\/\/expoflamenco.com\/revistanew\/las-raices-profundas-de-marina-heredia-y-del-pueblo-gitano\/"},"modified":"2025-09-19T21:24:49","modified_gmt":"2025-09-19T19:24:49","slug":"las-raices-profundas-de-marina-heredia-y-del-pueblo-gitano","status":"publish","type":"post","link":"https:\/\/expoflamenco.com\/revista\/las-raices-profundas-de-marina-heredia-y-del-pueblo-gitano\/","title":{"rendered":"Las ra\u00edces profundas de Marina Heredia y del pueblo gitano","gt_translate_keys":[{"key":"rendered","format":"text"}]},"content":{"rendered":"<p>Fue el espect\u00e1culo m\u00e1s esperado de toda la programaci\u00f3n de esta <a href=\"https:\/\/bienalgranada.com\/\" target=\"_blank\" rel=\"noopener\">I Bienal de flamenco de Granada<\/a>. Las entradas se agotaron al poco de ponerlas a la venta. Hab\u00eda expectaci\u00f3n y se cumplieron los pron\u00f3sticos. <strong>Marina Heredia<\/strong> es, hoy por hoy, la primera figura del cante de Granada, la que suena m\u00e1s flamenca y la que mejor ha proyectado su carrera. No me cabe duda. Se suma su capacidad para innovar con el paso de los a\u00f1os creando un lenguaje que avanza conforme a los tiempos.<\/p>\n<p>Sumamos a todo ello que se cumplen seiscientos a\u00f1os de la entrada de los gitanos a la Pen\u00ednsula Ib\u00e9rica y el c\u00f3ctel ya tiene todos los ingredientes para que sepa a gloria.<\/p>\n<p>Marina present\u00f3 sus credenciales de la mejor forma que sabe, cantando por derecho. Junto a la <strong>Orquesta Ciudad de Granada<\/strong> nos mostr\u00f3 que lo culto y lo sinf\u00f3nico encajan a la perfecci\u00f3n con el flamenco siempre que se haga con honestidad y con sabidur\u00eda. No es nueva esta conjunci\u00f3n, pero s\u00ed que es dif\u00edcil que el resultado hable por s\u00ed solo para bien. Y Marina lo consigui\u00f3. Muy a pesar del par\u00f3n incomprensible de cerca de veinte minutos entre las dos partes que separaron su nuevo espect\u00e1culo.<\/p>\n<p>&nbsp;<\/p>\n<blockquote><p>\u00abMarina Heredia es, hoy por hoy, la primera figura del cante de Granada, la que suena m\u00e1s flamenca y la que mejor ha proyectado su carrera. Se suma su capacidad para innovar con el paso de los a\u00f1os\u00bb<\/p><\/blockquote>\n<p>&nbsp;<\/p>\n<p>En un espacio singular como el <strong>Palacio de Carlos V<\/strong> en pleno coraz\u00f3n de <strong>la Alhambra<\/strong>, no qued\u00f3 m\u00e1s remedio que quedarse con el mensaje, un alegato al pueblo gitano, a su persecuci\u00f3n, al genocidio, no s\u00f3lo al de este pueblo sino a cualquiera de ellos, ahora que tan de actualidad est\u00e1. La oda a la libertad, al dif\u00edcil camino que ha recorrido el pueblo cal\u00e9, fue en la voz de Marina un misil de paz y de reivindicaci\u00f3n a la uni\u00f3n de los pueblos, pero tambi\u00e9n al sufrimiento, al castigo. \u00abSomos la raza maltratada y odiada, reprimida y dolida\u00bb fue el estribillo que escuchamos tanto en la primera parte junto a la Orquesta y los m\u00fasicos flamencos que acompa\u00f1aron a la cantaora, v\u00e9ase <strong>Jos\u00e9 Quevedo Bolita, Los Mellis <\/strong>y <strong>V\u00edctor Carrasco<\/strong> a las palmas y coros, <strong>Paquito Gonz\u00e1lez<\/strong> en la percusi\u00f3n, como en la segunda, en la que colaboraron <strong>David Pe\u00f1a Dorantes <\/strong>y<strong> Eva Yerbabuena<\/strong>, junto a la voz inconfundible del actor y rapsoda <strong>Juan Fern\u00e1ndez<\/strong> y el cante de <strong>Ezequiel Montoya.<\/strong><\/p>\n<p>La parte sinf\u00f3nica arranc\u00f3 con la voz tostada y rota de <strong>Jaime el Parr\u00f3n<\/strong>, que desde el balc\u00f3n del palacio enton\u00f3 cantes de trilla y ton\u00e1s con un cenital que le daba protagonismo. La orquesta puso su maquinaria precisa a sonar para que Marina, con una voz especialmente limpia, reivindicara sus ra\u00edces. <strong>Jos\u00e9 Trigueros<\/strong> con su batuta dio las \u00f3rdenes precisas y cumpli\u00f3 su rol con fineza organizando a sus m\u00fasicos tanto en lo sinf\u00f3nico como en lo flamenco, en las alegr\u00edas, en los tangos y en la nana. Una banda sonora trabajada y soberbia que nos pareci\u00f3 por momentos la m\u00fasica de una pel\u00edcula de Hollywood.<\/p>\n<p>&nbsp;<\/p>\n<figure id=\"attachment_82546\" aria-describedby=\"caption-attachment-82546\" style=\"width: 1600px\" class=\"wp-caption aligncenter\"><a href=\"https:\/\/expoflamenco.com\/revista\/wp-content\/uploads\/sites\/17\/2025\/09\/expoflamenco-marina-heredia-3-en-libertad-en-palacio-carlos-v-bienal-flamenco-granada-sep25-foto-gilberto-gonzalez.JPG\"><img fetchpriority=\"high\" decoding=\"async\" class=\"size-full wp-image-82546\" src=\"https:\/\/expoflamenco.com\/revista\/wp-content\/uploads\/sites\/17\/2025\/09\/expoflamenco-marina-heredia-3-en-libertad-en-palacio-carlos-v-bienal-flamenco-granada-sep25-foto-gilberto-gonzalez.JPG\" alt=\"'\u00a1En libertad! El camino de los gitanos'. Marina Heredia y la Orquesta Ciudad de Granada. I Bienal de Granada. Palacio de Carlos V. 18 sep 2025. Foto: Gilberto Gonz\u00e1lez\" width=\"1600\" height=\"1066\" \/><\/a><figcaption id=\"caption-attachment-82546\" class=\"wp-caption-text\">&#8216;\u00a1En libertad! El camino de los gitanos&#8217;. Marina Heredia y la Orquesta Ciudad de Granada. I Bienal de Granada. Palacio de Carlos V. 18 sep 2025. Foto: Gilberto Gonz\u00e1lez<\/figcaption><\/figure>\n<p>&nbsp;<\/p>\n<p>El par\u00f3n de veinte minutos, como dec\u00eda, no gust\u00f3 nada ni a nadie. Gente entrando y saliendo, alternando y charlando distendidamente, rompieron la tensi\u00f3n musical que debi\u00f3 haber entre ambas partes. Cierto que hab\u00eda que quitar las sillas de la orquesta y acondicionar el escenario, pero se excedieron.<\/p>\n<p>Menos mal que fueron capaces de retomar y redoblar esfuerzos para conseguir que conect\u00e1ramos de nuevo. El duende lo puso <strong>Juan Fern\u00e1ndez<\/strong> con su voz c\u00e1lida, intensa y directa al coraz\u00f3n recitando <em>Nuestra sangre<\/em>. Qu\u00e9 pena que los problemas de sonido, que est\u00e1n siendo m\u00e1s protagonistas que los propios artistas en esta bienal, provocaran que Juan tuviera que quitarse la felpa de micro para recitar a voz pelada sin que llegara a todo el p\u00fablico. Por otro lado, Juan no es ajeno al flamenco; pudimos apreciar su oratoria en el espect\u00e1culo de <strong>Miguel Poveda<\/strong> <em>Poema del Cante Jondo,<\/em> contando con Juan para encarnarse en uno de los mil Federicos que el cantaor badalon\u00e9s nos esta regalando con su nuevo estreno.<\/p>\n<p>&nbsp;<\/p>\n<blockquote><p>\u00abLa oda a la libertad, al dif\u00edcil camino que ha recorrido el pueblo cal\u00e9, fue en la voz de Marina un misil de paz y de reivindicaci\u00f3n a la uni\u00f3n de los pueblos, pero tambi\u00e9n al sufrimiento, al castigo. &#8216;Somos la raza maltratada y odiada, reprimida y dolida&#8217; fue el estribillo que escuchamos\u00bb<\/p><\/blockquote>\n<p>&nbsp;<\/p>\n<p>Con el piano de Dorantes, Marina enton\u00f3 la farruca <em>A Manolete<\/em> para ceder protagonismo al baile de Eva Yerbabuena, que danz\u00f3 de traje negro y mant\u00f3n bordado en oro, volando por las tablas, con la candidez propia de la sabidur\u00eda y el conocimiento. Dorantes, en lo suyo, es el maestro y as\u00ed nos lo hizo saber. Fue discreto a la par que sentencioso.<\/p>\n<p>Posteriormente, Marina a d\u00fao con Ezequiel Montoya interpretaron <em>Mi rezar cantando <\/em>con una entrega absoluta. Los tangos <em>La nieve de los a\u00f1os y Juan el egiptano <\/em>fueron la mejor elecci\u00f3n para culminar su particular reivindicaci\u00f3n a los derechos del pueblo gitano, en este caso encarnado en la figura de un conde, no yo, sino <strong>Juan de Egipto menor,<\/strong> el primer gitano que cruz\u00f3 los Pirineos rumbo a la Pen\u00ednsula para dejar la vida n\u00f3mada que arrastraron durante siglos e integrarse en el reino de Arag\u00f3n. Y con ese rumbo y por rumbas, las catalanas, las del ventilador, quiso Marina homenajear al <strong>Pesca\u00edlla,<\/strong>\u00a0a <strong>Peret <\/strong>y a tantos otros catalanes que defendieron su particular forma de entender el flamenco.<\/p>\n<p>&nbsp;<\/p>\n<p><strong>Ficha art\u00edstica<\/strong><\/p>\n<p><em>\u00a1En libertad! El camino de los gitanos<\/em><br \/>\nMarina Heredia y la Orquesta Ciudad de Granada<br \/>\nI Bienal de flamenco de Granada<br \/>\nPalacio de Carlos V<br \/>\n18 de septiembre de 2025<br \/>\nOrquesta Ciudad de Granada<br \/>\nDirecci\u00f3n: Jos\u00e9 Trigueros<br \/>\nCante: Marina Heredia<br \/>\nGuitarra: Jos\u00e9 Quevedo Bolita<br \/>\nPercusi\u00f3n: Paquito Gonz\u00e1lez<br \/>\nPalmas y coros: Los Mellis, V\u00edctor Carrasco<br \/>\nColaboraciones especiales: Jaime Heredia el Parr\u00f3n, Dorantes, Eva Yerbabuena<br \/>\nVoz narrativa: Juan Fern\u00e1ndez<br \/>\nVoz: Ezequiel Montoya<\/p>\n<p>&nbsp;<\/p>\n<figure id=\"attachment_82545\" aria-describedby=\"caption-attachment-82545\" style=\"width: 1600px\" class=\"wp-caption aligncenter\"><a href=\"https:\/\/expoflamenco.com\/revista\/wp-content\/uploads\/sites\/17\/2025\/09\/expoflamenco-marina-heredia-2-en-libertad-en-palacio-carlos-v-bienal-flamenco-granada-sep25-foto-gilberto-gonzalez.JPG\"><img decoding=\"async\" class=\"size-full wp-image-82545\" src=\"https:\/\/expoflamenco.com\/revista\/wp-content\/uploads\/sites\/17\/2025\/09\/expoflamenco-marina-heredia-2-en-libertad-en-palacio-carlos-v-bienal-flamenco-granada-sep25-foto-gilberto-gonzalez.JPG\" alt=\"'\u00a1En libertad! El camino de los gitanos'. Marina Heredia y la Orquesta Ciudad de Granada. I Bienal de Granada. Palacio de Carlos V. 18 sep 2025. Foto: Gilberto Gonz\u00e1lez\" width=\"1600\" height=\"1066\" \/><\/a><figcaption id=\"caption-attachment-82545\" class=\"wp-caption-text\">&#8216;\u00a1En libertad! El camino de los gitanos&#8217;. Marina Heredia y la Orquesta Ciudad de Granada. I Bienal de Granada. Palacio de Carlos V. 18 sep 2025. Foto: Gilberto Gonz\u00e1lez<\/figcaption><\/figure>\n<p>&nbsp;<\/p>\n","protected":false,"gt_translate_keys":[{"key":"rendered","format":"html"}]},"excerpt":{"rendered":"<p>La cantaora granadina reivindic\u00f3 los derechos y libertades del pueblo gitano adem\u00e1s de la hist\u00f3rica persecuci\u00f3n que han sufrido en un concierto doble, sinf\u00f3nico y flamenco celebrado en el marco de la I Bienal de Flamenco.<\/p>\n","protected":false,"gt_translate_keys":[{"key":"rendered","format":"html"}]},"author":65,"featured_media":3447,"comment_status":"open","ping_status":"open","sticky":false,"template":"","format":"standard","meta":{"_acf_changed":false,"pmpro_default_level":"","jnews-multi-image_gallery":[],"jnews_single_post":null,"jnews_primary_category":{"id":"248"},"jnews_override_bookmark_settings":{"override_bookmark_button":"0","override_show_bookmark_button":"0"},"jnews_social_meta":[],"jnews_review":[],"enable_review":"","type":"percentage","name":"","summary":"","brand":"","sku":"","good":[],"bad":[],"score_override":"","override_value":"","rating":[],"price":[],"jnews_override_counter":{"view_counter_number":"0","share_counter_number":"0","like_counter_number":"0","dislike_counter_number":"0"},"footnotes":""},"categories":[46,38],"tags":[58,3052,2942,1623,3053],"class_list":["post-3446","post","type-post","status-publish","format-standard","has-post-thumbnail","hentry","category-cronicas","category-en-portada","tag-cantaora-flamenca","tag-en-livertad-el-camino-de-los-gitanos","tag-i-bienal-de-flamenco-de-granada","tag-marina-heredia","tag-orquesta-ciudad-de-granada","pmpro-has-access"],"acf":[],"aioseo_notices":[],"gt_translate_keys":[{"key":"link","format":"url"}],"_links":{"self":[{"href":"https:\/\/expoflamenco.com\/revista\/wp-json\/wp\/v2\/posts\/3446","targetHints":{"allow":["GET"]}}],"collection":[{"href":"https:\/\/expoflamenco.com\/revista\/wp-json\/wp\/v2\/posts"}],"about":[{"href":"https:\/\/expoflamenco.com\/revista\/wp-json\/wp\/v2\/types\/post"}],"author":[{"embeddable":true,"href":"https:\/\/expoflamenco.com\/revista\/wp-json\/wp\/v2\/users\/65"}],"replies":[{"embeddable":true,"href":"https:\/\/expoflamenco.com\/revista\/wp-json\/wp\/v2\/comments?post=3446"}],"version-history":[{"count":0,"href":"https:\/\/expoflamenco.com\/revista\/wp-json\/wp\/v2\/posts\/3446\/revisions"}],"wp:featuredmedia":[{"embeddable":true,"href":"https:\/\/expoflamenco.com\/revista\/wp-json\/wp\/v2\/media\/3447"}],"wp:attachment":[{"href":"https:\/\/expoflamenco.com\/revista\/wp-json\/wp\/v2\/media?parent=3446"}],"wp:term":[{"taxonomy":"category","embeddable":true,"href":"https:\/\/expoflamenco.com\/revista\/wp-json\/wp\/v2\/categories?post=3446"},{"taxonomy":"post_tag","embeddable":true,"href":"https:\/\/expoflamenco.com\/revista\/wp-json\/wp\/v2\/tags?post=3446"}],"curies":[{"name":"wp","href":"https:\/\/api.w.org\/{rel}","templated":true}]}}