{"id":3444,"date":"2025-09-19T22:02:17","date_gmt":"2025-09-19T20:02:17","guid":{"rendered":"https:\/\/expoflamenco.com\/revistanew\/el-reventon-de-jondura-de-el-pele-en-torres-macarena\/"},"modified":"2025-09-19T22:02:17","modified_gmt":"2025-09-19T20:02:17","slug":"el-reventon-de-jondura-de-el-pele-en-torres-macarena","status":"publish","type":"post","link":"https:\/\/expoflamenco.com\/revista\/el-reventon-de-jondura-de-el-pele-en-torres-macarena\/","title":{"rendered":"El revent\u00f3n de jondura de El Pele en Torres Macarena","gt_translate_keys":[{"key":"rendered","format":"text"}]},"content":{"rendered":"<p>Est\u00e1 <strong>El Pele<\/strong> y luego el resto de cantaores. Juega en otra liga. Baj\u00f3 a Sevilla a los benditos maderos de <strong>Torres Macarena<\/strong> \u00abporque tambi\u00e9n hay que estar en las pe\u00f1as, que son las que le echan el agua y el trigo al flamenco durante todo el a\u00f1o\u00bb. Se jinc\u00f3 de un tir\u00f3n hora y cuarto de recital colmao de inspiraci\u00f3n, gusto y sensibilidad. Se entreg\u00f3 sin dobleces. \u00abNo todo es el dinero\u00bb. Este gitano men\u00fao se faj\u00f3 los machos y acarici\u00f3, doli\u00f3, peg\u00f3 pellizcos y bocaos conformando un ritual de transmisi\u00f3n que zamarre\u00f3 como un revent\u00f3n de jondura. La guitarra de filigranas y pulsaci\u00f3n rotunda de <strong>Ni\u00f1o Seve<\/strong> lo llev\u00f3 mejor que en brazos durante toda la noche. <strong>Entre los dos pusieron la pe\u00f1a bocabajo rubricando de escalofr\u00edos una actuaci\u00f3n dif\u00edcilmente superable. El que pueda que empate.<\/strong><\/p>\n<p>La guitarra acall\u00f3 el bullicio y el <strong>Moreno<\/strong> se encomend\u00f3 a Undib\u00e9 desde la escalera tejiendo con su ga\u00f1ote trenzao de melismas dulces los primeros lamentos de la noche. Mientras <em>La luna suelta un suspiro<\/em>, la afici\u00f3n principi\u00f3 a acurrucarlo con oles, con el mismo calor que El Pele templ\u00f3 su nuez en Sevilla. <strong>Y aqu\u00ed comenz\u00f3 el cortejo. Y la gloria. Se trajo al duende de la mano y surgi\u00f3 la magia.<\/strong><\/p>\n<p>Ech\u00f3 con maestr\u00eda a tierra los bajos rumiando los tercios de dos pares de malague\u00f1as, evocando a <strong>La Trini<\/strong> en distintas versiones \u2013entre las que masc\u00f3 la chaconiana\u2013 engarz\u00e1ndolas unas con otras de seguido, comi\u00e9ndose los hilvanes de los finales y abroch\u00e1ndolas por abandolaos con fandangos de Lucena y el z\u00e1ngano de Puente Genil.<\/p>\n<p>Le dedic\u00f3 la sole\u00e1 a la bailaora <strong>Carmen Ledesma<\/strong>, all\u00ed presente, y a todos los grandes flamencos que Sevilla ha dao, erigi\u00e9ndole un monumento al palo que ya lleva su nombre. Da lo mismo que se acordara de Alcal\u00e1 y <strong>Talega<\/strong>, de <strong>Joaqu\u00edn el de La Paula<\/strong>, de <strong>La Andonda<\/strong>, de <strong>Paquirr\u00ed<\/strong>, de la Triana del Zurraque o la apol\u00e1 de <strong>El Portugu\u00e9s<\/strong> porque todas arribaron al saco cuya impronta sabe y huele a la fragancia que llega a C\u00f3rdoba. En definitiva, aquello fue, con may\u00fasculas, la sole\u00e1 de El Pele. <strong>Sent\u00edo, original, pre\u00f1ao de paladares a\u00f1ejos pero moderno y fresco cada vez que abri\u00f3 la boca. Soberbio. De otro mundo.<\/strong> Pa entreg\u00e1 la cuchara con las embest\u00edas valientes por arriba y los descensos tonales que escarbaron los tropezones de los repelucos, sirvi\u00e9ndose de esa envidiable amplitud de registro que empuja del pecho a su tragaero para hacer las delicias del respetable jugando con el cante como le dio la real gana. Se despellej\u00f3 transfigur\u00e1ndose en la silla, atravesao por la pu\u00f1ala\u00edta negra que marca el coraz\u00f3n de los gitanos. Y se acord\u00f3 al ver la foto tras de s\u00ed de una letrilla de aquel d\u00fao irrepetible como fue <strong>Lole y Manuel<\/strong>.<\/p>\n<p>&nbsp;<\/p>\n<blockquote><p><em>\u00abEst\u00e1 El Pele y luego el resto de cantaores. Juega en otra liga. Baj\u00f3 a Sevilla a los benditos maderos de Torres Macarena &#8216;porque tambi\u00e9n hay que estar en las pe\u00f1as, que son las que le echan el agua y el trigo al flamenco durante todo el a\u00f1o&#8217;. Se jinc\u00f3 de un tir\u00f3n hora y cuarto de recital colmao de inspiraci\u00f3n, gusto y sensibilidad\u00bb<\/em><\/p><\/blockquote>\n<p>&nbsp;<\/p>\n\n<p>&nbsp;<\/p>\n<p>Ya el p\u00fablico estaba loco y lo termin\u00f3 de ensiroc\u00e1 con una ensal\u00e1 por canti\u00f1as que pint\u00f3 entrando y saliendo de los tiempos con un dominio absoluto del comp\u00e1s. El Pele est\u00e1 sobrao. Chorre\u00f3 un salpic\u00f3n de espuma entrando en Sanl\u00facar y abandon\u00e1ndose en C\u00e1diz.<\/p>\n<p>Se quej\u00f3 sin ostentaciones llorando la seguiriya, recio, sufr\u00edo\u2026 Perfum\u00f3 de <em>clavito y canela <\/em>los muros de la ensolerada pe\u00f1a, que acogi\u00f3 la duca gorda entre sus paredes confidentes de los tormentos oscuros de los flamencos. Mastic\u00f3 el cante. Se mir\u00f3 en <strong>Mairena<\/strong>, meci\u00f3 la cabal de <strong>El Planeta<\/strong> y pespunte\u00f3 la herida con el cambio de <em>los d\u00edas se\u00f1ala\u00edtos de Santiago y Santa Ana<\/em>. \u00a1Vaya repaso!<\/p>\n<p>Dio el cerrojazo por fandangos, con sorpresa incluida, cuando empezaron a rifarse tercios entre El Pele y su joven amigo <strong>David Carrasco<\/strong>, grand\u00edsimo aficionao onubense que espet\u00f3 los primeros le\u00f1azos desde la puerta del camerino y derram\u00f3 el sabor de Huelva para celebrar sobre las tablas de Torres Macarena que va a ser padre. Se vivieron momentazos de flamencura y empaque que redondearon un recital que guardar\u00e9 liao en papel de estraza en la talega de los instantes cabales.<\/p>\n<p>El Pele es \u00fanico, personal\u00edsimo, un cantaor de instinto e inspiraci\u00f3n. Se trata de transmitir. Son m\u00e1s de setenta a\u00f1os y tiene su mochila llena, el izquierdo rebosante y el ga\u00f1ote pleno de facultades. <strong>Es de los pocos creadores que le quedan al flamenco. Lo que hizo all\u00ed ni lo sabe \u00e9l ni lo sabe nadie.<\/strong> Pero quedar\u00e1 tatuado a perpetuidad en la colecci\u00f3n de ara\u00f1azos que llevan mis carnes.<\/p>\n<p>&nbsp;<\/p>\n<p><strong>Ficha art\u00edstica<\/strong><\/p>\n<p>Recital de El Pele<br \/>\nPe\u00f1a Flamenca Torres Macarena, Sevilla<br \/>\n18 de septiembre de 2025<br \/>\nCante: El Pele<br \/>\nGuitarra: Ni\u00f1o Seve<\/p>\n<p>&nbsp;<\/p>\n<div class=\"jeg_video_container jeg_video_content\"><iframe title=\"El Pele, por seguiriya - Torres Macarena\" width=\"500\" height=\"281\" src=\"https:\/\/www.youtube.com\/embed\/p6WyCJYIKGc?feature=oembed\" frameborder=\"0\" allow=\"accelerometer; autoplay; clipboard-write; encrypted-media; gyroscope; picture-in-picture; web-share\" referrerpolicy=\"strict-origin-when-cross-origin\" allowfullscreen><\/iframe><\/div>\n<div class=\"jeg_video_container jeg_video_content\"><iframe title=\"El Pele - Pe\u00f1a Torres Macarena\" width=\"500\" height=\"281\" src=\"https:\/\/www.youtube.com\/embed\/oOnezHO6zos?feature=oembed\" frameborder=\"0\" allow=\"accelerometer; autoplay; clipboard-write; encrypted-media; gyroscope; picture-in-picture; web-share\" referrerpolicy=\"strict-origin-when-cross-origin\" allowfullscreen><\/iframe><\/div>\n<div class=\"jeg_video_container jeg_video_content\"><iframe title=\"El Pele y David Carrasco - Torres Macarena\" width=\"500\" height=\"281\" src=\"https:\/\/www.youtube.com\/embed\/Wjft0rBTcS0?feature=oembed\" frameborder=\"0\" allow=\"accelerometer; autoplay; clipboard-write; encrypted-media; gyroscope; picture-in-picture; web-share\" referrerpolicy=\"strict-origin-when-cross-origin\" allowfullscreen><\/iframe><\/div>\n<p>&nbsp;<\/p>\n","protected":false,"gt_translate_keys":[{"key":"rendered","format":"html"}]},"excerpt":{"rendered":"<p>El genial cantaor cordob\u00e9s puso la pe\u00f1a sevillana bocabajo en un recital colmao de inspiraci\u00f3n, gusto y sensibilidad. La guitarra de Ni\u00f1o Seve lo llev\u00f3 mejor que en brazos durante toda la noche.<\/p>\n","protected":false,"gt_translate_keys":[{"key":"rendered","format":"html"}]},"author":63,"featured_media":3445,"comment_status":"open","ping_status":"open","sticky":false,"template":"","format":"standard","meta":{"_acf_changed":false,"pmpro_default_level":"","jnews-multi-image_gallery":[],"jnews_single_post":null,"jnews_primary_category":{"id":"248"},"jnews_override_bookmark_settings":{"override_bookmark_button":"0","override_show_bookmark_button":"0"},"jnews_social_meta":[],"jnews_review":[],"enable_review":"","type":"percentage","name":"","summary":"","brand":"","sku":"","good":[],"bad":[],"score_override":"","override_value":"","rating":[],"price":[],"jnews_override_counter":{"view_counter_number":"0","share_counter_number":"0","like_counter_number":"0","dislike_counter_number":"0"},"footnotes":""},"categories":[46,38],"tags":[502,54,402,70],"class_list":["post-3444","post","type-post","status-publish","format-standard","has-post-thumbnail","hentry","category-cronicas","category-en-portada","tag-el-pele-2","tag-cantaor-flamenco","tag-nino-seve","tag-pena-flamenca-torres-macarena-de-sevilla","pmpro-has-access"],"acf":[],"aioseo_notices":[],"gt_translate_keys":[{"key":"link","format":"url"}],"_links":{"self":[{"href":"https:\/\/expoflamenco.com\/revista\/wp-json\/wp\/v2\/posts\/3444","targetHints":{"allow":["GET"]}}],"collection":[{"href":"https:\/\/expoflamenco.com\/revista\/wp-json\/wp\/v2\/posts"}],"about":[{"href":"https:\/\/expoflamenco.com\/revista\/wp-json\/wp\/v2\/types\/post"}],"author":[{"embeddable":true,"href":"https:\/\/expoflamenco.com\/revista\/wp-json\/wp\/v2\/users\/63"}],"replies":[{"embeddable":true,"href":"https:\/\/expoflamenco.com\/revista\/wp-json\/wp\/v2\/comments?post=3444"}],"version-history":[{"count":0,"href":"https:\/\/expoflamenco.com\/revista\/wp-json\/wp\/v2\/posts\/3444\/revisions"}],"wp:featuredmedia":[{"embeddable":true,"href":"https:\/\/expoflamenco.com\/revista\/wp-json\/wp\/v2\/media\/3445"}],"wp:attachment":[{"href":"https:\/\/expoflamenco.com\/revista\/wp-json\/wp\/v2\/media?parent=3444"}],"wp:term":[{"taxonomy":"category","embeddable":true,"href":"https:\/\/expoflamenco.com\/revista\/wp-json\/wp\/v2\/categories?post=3444"},{"taxonomy":"post_tag","embeddable":true,"href":"https:\/\/expoflamenco.com\/revista\/wp-json\/wp\/v2\/tags?post=3444"}],"curies":[{"name":"wp","href":"https:\/\/api.w.org\/{rel}","templated":true}]}}