{"id":3442,"date":"2025-09-20T21:22:23","date_gmt":"2025-09-20T19:22:23","guid":{"rendered":"https:\/\/expoflamenco.com\/revistanew\/festival-el-bucaro-noche-grande-de-cante-en-san-jose-de-la-rinconada\/"},"modified":"2025-09-20T21:22:23","modified_gmt":"2025-09-20T19:22:23","slug":"festival-el-bucaro-noche-grande-de-cante-en-san-jose-de-la-rinconada","status":"publish","type":"post","link":"https:\/\/expoflamenco.com\/revista\/festival-el-bucaro-noche-grande-de-cante-en-san-jose-de-la-rinconada\/","title":{"rendered":"Festival El B\u00facaro: noche grande de cante en San Jos\u00e9 de la Rinconada","gt_translate_keys":[{"key":"rendered","format":"text"}]},"content":{"rendered":"<p class=\"p1\">Abre sus puertas un a\u00f1o m\u00e1s la <strong>Hacienda Santa Cruz<\/strong> para deleitarnos con la 42\u00aa edici\u00f3n del <strong>Festival de Cante Flamenco El B\u00facaro<\/strong>. Todo est\u00e1 perfectamente dispuesto como resultado de los desvelos del gran guitarrista <strong>Antonio Carri\u00f3n<\/strong>, director y organizador incansable de este evento que lo enorgullece tanto. C\u00f3mo se nota cuando alguien que ama y dedica su vida al flamenco organiza las cosas, todos los detalles est\u00e1n cuidados y los que no est\u00e1n perfectos ya est\u00e1n anotados para que no pase el a\u00f1o que viene. Son muchas las personas diciendo lo que hay que hacer, y eso hace que el trabajo de direcci\u00f3n en dise\u00f1ar y decidir sea m\u00e1s complicado. Pero a la vista del p\u00fablico todo est\u00e1 en su sitio. Hasta la noche es c\u00e1lida y agradable como quiere este verano incansable que se ha alojado en Andaluc\u00eda.<\/p>\n<p class=\"p1\">Una de las sensaciones m\u00e1s agradables que te regala el flamenco es encontrarte con tanta gente conocida y recordar el cari\u00f1o rec\u00edproco. As\u00ed llegamos a la barra del ambig\u00fa, estrat\u00e9gicamente alejada del escenario, saludando a diestro y siniestro. A los aficionados nos gusta seguir ese ritual no escrito, que supone el encuentro en un festival o cualquier otro evento. Hay mucho y buen aficionado entre el p\u00fablico que asiste al B\u00facaro y eso le da categor\u00eda y prestigio al acontecimiento.<\/p>\n<p class=\"p1\">Rompe el azogue de la noche <strong>Salvador Milla<\/strong>, presentador habitual en este festival, con la bienvenida de las instituciones que patrocinan la cita: el presidente de la Diputaci\u00f3n de Sevilla y alcalde de San Jos\u00e9 de la Rinconada, la primera teniente de alcalde, a la vez que madrina de la Pe\u00f1a El B\u00facaro, el presidente de la pe\u00f1a y miembros de la directiva, sin olvidar a los patrocinadores locales privados que, sin salir en la foto, tambi\u00e9n colaboran.<\/p>\n<p class=\"p1\">Contamos esta noche con un cartel de buenas primeras figuras del cante. Tengo que acordarme de aquellos carteles de anta\u00f1o donde luc\u00edan los nombres m\u00e1s exitosos de aquellos gloriosos tiempos. Debe ser que la organizaci\u00f3n busca lucir elencos que queden en el recuerdo del p\u00fablico con las actuaciones memorables de sus artistas. La nostalgia nos suele traer buenas ense\u00f1anzas que est\u00e1 bien poner en pr\u00e1ctica.<\/p>\n<p class=\"p1\">Sin m\u00e1s pre\u00e1mbulos, la primera actuaci\u00f3n se deja en manos de dos aficionados locales, porque es importante que la afici\u00f3n propia tambi\u00e9n participe en la muestra y dejen ver sus intenciones flamencas, como hicieron <strong>Fernando El Goyo<\/strong>, al cante, y <strong>Juan Quir\u00f3s<\/strong>, a la guitarra. Regal\u00f3 El Goyo al p\u00fablico unas correctas buler\u00edas por sole\u00e1, la milonga dedicada al abuelo, que enterneci\u00f3 al p\u00fablico, y remat\u00f3 por fandangos, poniendo en el escenario toda su devoci\u00f3n cantaora. Si hay algo en Goyo es su sinceridad en el cante, que naveg\u00f3<span class=\"Apple-converted-space\">\u00a0<\/span>sobre el toque armonioso y c\u00f3mplice de Juan Quir\u00f3s.<\/p>\n<p>&nbsp;<\/p>\n<blockquote><p><em>\u00abLa voz clara y rotunda de Manuel C\u00e1stulo se eleva por encima de los muros de la Hacienda Santa Cruz para llegar con firmeza hasta los m\u00e1s altos cielos. Es este de esos cantaores que aman el flamenco de una forma tan pasional que cuando canta pareciera que se le sale el coraz\u00f3n por la boca\u00bb<\/em><\/p><\/blockquote>\n<p>&nbsp;<\/p>\n<figure id=\"attachment_82567\" aria-describedby=\"caption-attachment-82567\" style=\"width: 1200px\" class=\"wp-caption aligncenter\"><a href=\"https:\/\/expoflamenco.com\/revista\/wp-content\/uploads\/sites\/17\/2025\/09\/expoflamenco-festival-el-bucaro-6-pedro-granaino-y-antonio-carrion-en-san-jose-rinconada-sevilla-sep25-foto-carmen-arjona.webp\"><img fetchpriority=\"high\" decoding=\"async\" class=\"size-full wp-image-82567\" src=\"https:\/\/expoflamenco.com\/revista\/wp-content\/uploads\/sites\/17\/2025\/09\/expoflamenco-festival-el-bucaro-6-pedro-granaino-y-antonio-carrion-en-san-jose-rinconada-sevilla-sep25-foto-carmen-arjona.webp\" alt=\"Pedro El Grana\u00edno y Antonio Carri\u00f3n. XLII Festival de Cante Flamenco El B\u00facaro.Hacienda Santa Cruz, San Jos\u00e9 de la Rinconada (Sevilla). 19 sep 2025. Foto: Carmen Arjona\" width=\"1200\" height=\"1600\" \/><\/a><figcaption id=\"caption-attachment-82567\" class=\"wp-caption-text\">Pedro El Grana\u00edno y Antonio Carri\u00f3n. XLII Festival de Cante Flamenco El B\u00facaro. Hacienda Santa Cruz, San Jos\u00e9 de la Rinconada (Sevilla). 19 sep 2025. Foto: Carmen Arjona<\/figcaption><\/figure>\n<p>&nbsp;<\/p>\n<p class=\"p1\">El plato fuerte de la primera parte lo sirvi\u00f3 <strong>Arc\u00e1ngel<\/strong> en bandeja de oro, escoltado por la guitarra de <strong>Benito Bernal<\/strong> y flanqueado por <strong>Los Mellis de Huelva<\/strong>, que adobaron el cante del alosnero con percusi\u00f3n, palmas y coros. <i>Nadie puede abrir semillas en el coraz\u00f3n del sue\u00f1o, s<\/i>uena <em>La leyenda del Tiempo<\/em> camaronera en la voz dulce, aquilatada y llena de melismas de Arc\u00e1ngel, que se eleva en tientos y tangos con un exquisita selecci\u00f3n de letras. Media hora continuada, sin paradas, sin descanso, que nos llevaron de los tangos a la ca\u00f1a, sonaron tercios de preg\u00f3n, se arrop\u00f3 en la sole\u00e1 con una selecci\u00f3n inmejorable y de postre con la apol\u00e1 <i>Llamarla por sole\u00e1. <\/i>Engarz\u00f3 con dos tarantas de bella ejecuci\u00f3n. Confiesa Arc\u00e1ngel que \u201ccantar de corrido [le] ayuda a concentrarse\u201d. Y al p\u00fablico le sirvi\u00f3 para quedarse embelesado, sin interrupci\u00f3n, escuchando ese manantial de m\u00fasica que sale de la garganta de Arc\u00e1ngel. Unas palabras de cari\u00f1o para <strong>Manuel Sierra<\/strong> (Escuela de cante de Paymogo), compa\u00f1ero de concursos en tiempos y buen amigo. Suenan en la guitarra los acordes de las alegr\u00edas, que m\u00e1s bien suenan a canti\u00f1as por el temple y la calma, dedicadas a <strong>El Pulga<\/strong>, que est\u00e1 entre el p\u00fablico. Luce el cantaor en el escenario, tranquilo, seguro, sabiendo lo que trae en sus manos. \u00c9l ya no necesita vender n\u00e1. Quien quiera que lo compre. Pero no puede irse sin tirarse por Alosno y el p\u00fablico en pie as\u00ed lo pide. Todos los artistas en el escenario son de Huelva, con mucho orgullo. <strong>Buen final por fandangos con las olas de nuestros corazones en calma.<\/strong><\/p>\n<p class=\"p1\">Para culminar la primera parte, el baile pone el color y el movimiento. La bailaora local <strong>Macarena L\u00f3pez<\/strong> viene acompa\u00f1ada por <strong>Cristina Tovar<\/strong> y <strong>Juan de Mairena<\/strong> al cante, <strong>Francis G\u00f3mez<\/strong> a la guitarra, <strong>Lito Manes<\/strong> a la percusi\u00f3n. <i>La rosa sigue llorando bajo la luz de la luna<\/i> en el recuerdo a <strong>Caracol<\/strong> para que Macarena se adue\u00f1e del escenario vestida de negro. Suenan los tientos y seguidos los tangos. El cuerpo de la bailaora es un lienzo donde se pintan los sentimientos del cante, con sutileza, pero con fuerza y seguridad, con un comp\u00e1s sin quiebro que la lleva a recibir su primera ovaci\u00f3n. Enlaza con unas sevillanas cargadas de emoci\u00f3n \u2013<i>Te acordar\u00e1s de los besos que te di\u2013 <\/i>que Macarena le baila a Juan de Mairena arropada con un mant\u00f3n que vuela en el aire como un abrazo hecho flecos. Cristina Tovar y Juan de Mairena hacen la transici\u00f3n al siguiente baile con un duelo por malague\u00f1as \u2013<i>Por buscar la flor que amaba<\/i>, de <strong>Manuel Torres<\/strong>, y<i> Le van a poner barreras<\/i>, al estilo del <strong>Canario<\/strong>. Y culmina Macarena L\u00f3pez con un baile por alegr\u00edas que deleit\u00f3 a su p\u00fablico, al que se entreg\u00f3 con pasi\u00f3n y orgullo de bailar en su pueblo.<\/p>\n<p class=\"p1\">Unos minutos de descanso m\u00e1s tarde, Salvador Milla anuncia la segunda parte del festival. Hay mucha expectaci\u00f3n entre el p\u00fablico. La primera parte ha cubierto los deseos del respetable y ahora la jondura se hunde a\u00fan m\u00e1s si cabe en las gargantas de los dos cantaores que a\u00fan faltan por pisar el escenario.<\/p>\n<p class=\"p1\">Abre el toque solemne de Antonio Carri\u00f3n, por sole\u00e1. La maestr\u00eda sublime del guitarrista de los Alcores, hijo adoptivo de San Jos\u00e9 de la Rinconada, conmueve los corazones del p\u00fablico, que entrega la cuchara en oles y aplausos. Llega el momento de recibir el cante rozado y sabio de <strong>Pedro el Grana\u00edno<\/strong>, que esta noche luce una voz almibarada para darle el sabor y el olor a los palos m\u00e1s gitanos del \u00e1rbol del flamenco. Lo escuchamos, en el silencio de los que saben <i>distingu\u00ed, <\/i>hacer un recorrido desde el recuerdo a su pare hasta el puente que uni\u00f3 el Genil con el Guadalquivir, un coraz\u00f3n entre dos r\u00edos. Con un cari\u00f1oso saludo a <strong>Juan Camas<\/strong> (Bar Ocho) preludi\u00f3 las seguirillas negras que cant\u00f3 a continuaci\u00f3n, <em>P<\/em><i>a\u00f1uelo que llevo al cuello anudao. <\/i>Y as\u00ed acostumbra a presentarse en el escenario, con pa\u00f1uelo de lunares, con esa estampa de pr\u00edncipe gitano, la frente alta y segura, el coraz\u00f3n recog\u00edo para luego entreg\u00e1rselo al p\u00fablico. Pedro llev\u00f3 al respetable a los m\u00e1s hondos abismos de la pena y la agon\u00eda, para trasladarnos en el recuerdo a los <i>d\u00edas se\u00f1ala\u00edtos de Santiago y Santana<\/i>. Es Pedro el Grana\u00edno cantaor de ra\u00edces, de tradici\u00f3n y de historia, sus cantes saben a verdad sin dudas y contin\u00faa versionando por buler\u00edas para escuchar aquel cigarro que se apag\u00f3 en el camino, la conocida canci\u00f3n <em>Carmen<\/em>, del Paquiro y el reniego de Tom\u00e1s, ah\u00ed es n\u00e1. Y para terminar, ronda de fandangos, como el<span class=\"Apple-converted-space\">\u00a0<\/span>de <strong>Chocolate<\/strong> <i>Me dice mi coraz\u00f3n. <\/i>Dos lujos en un solo instante, porque si es un \u00e9xtasis escuchar a Pedro el Grana\u00edno, \u00e9ste se vuelve inconmensurable con la guitarra acompa\u00f1ante donde se esconden todos los acordes y la misma cadencia andaluza, en las manos de Antonio Carri\u00f3n.<\/p>\n<p class=\"p1\">El broche de oro le toc\u00f3 en suertes a <strong>Manuel C\u00e1stulo<\/strong>, hijo de la casa cantaora de los C\u00e1stulos de Mairena del Alcor, acompa\u00f1ado a la guitarra por un maestro de las seis cuerdas que tiene la magia del arte flamenco en sus manos, <strong>Manuel Herrera<\/strong>, otro hijo de San Jos\u00e9 de la Rinconada, que actu\u00f3 con toda la humildad y nobleza en su pueblo. Vino Manuel C\u00e1stulo con ilusi\u00f3n y con un repertorio distinto para reivindicar palos bell\u00edsimos del \u00e1rbol flamenco poco frecuentes en los festivales. Comenz\u00f3 con la farruca acompa\u00f1ado por bellas falsetas de su guitarrista. Suenan nuevas letras en el repertorio de Manuel C\u00e1stulo que tambi\u00e9n engrandecen su actuaci\u00f3n. Continu\u00f3 con serrana y siviana, <i>Si vas a Andaluc\u00eda que Dios te ampare. <\/i>La voz clara y rotunda de Manuel C\u00e1stulo se eleva por encima de los muros de la Hacienda Santa Cruz para llegar con firmeza hasta los m\u00e1s altos cielos. Es este de esos cantaores que aman el flamenco de una forma tan pasional que cuando canta pareciera que se le sale el coraz\u00f3n por la boca. Porque \u00e9l cree en lo que hace y lo entrega por completo y por derecho. Manuel Herrera, a su lado, borda perfectos bordones y tr\u00e9molos y arpegios y de todo lo que se pueda hacer en el instrumento sobre el que navega este gran cantaor de la campi\u00f1a sevillana. Los tangos alegran la noche antes de que el p\u00fablico le pida seguiriyas, y aqu\u00ed es donde los cielos se rompen en dos como se rompen las camisas. Ese seguiriyazo que le dedica a la muerte de su padre estremece al respetable sin remedio y nos deja con ese broche de oro prendido en el alma.<\/p>\n<p class=\"p1\"><strong>Esta 42\u00aa edici\u00f3n me hizo disfrutar como una ni\u00f1a con zapatitos de baile nuevos<\/strong>, pero tengo que decir, con el m\u00e1s sincero \u00e1nimo de aportar que no de criticar, que ech\u00e9 de menos una voz femenina a la misma altura de los artistas rese\u00f1ados, para que, en mi modesta opini\u00f3n, fuera m\u00e1s perfecto todav\u00eda si cabe. No pude evitar que vinieran a mi recuerdo nombres grabados en aquellos carteles de anta\u00f1o: <strong>la Perla de C\u00e1diz, la Paquera, la Fernanda, la Sayago<\/strong>, entre otras&#8230; \u2666<\/p>\n<p>&nbsp;<\/p>\n<p class=\"p1\"><strong>Ficha art\u00edstica<\/strong><\/p>\n<p class=\"p1\">XLII Festival de Cante Flamenco El B\u00facaro<br \/>\nHacienda Santa Cruz, San Jos\u00e9 de la Rinconada (Sevilla)<br \/>\n19 de septiembre de 2025<br \/>\nAl cante: Arc\u00e1ngel, Pedro el Grana\u00edno, Manuel C\u00e1stulo, Fernando el Goyo<br \/>\nAl baile: Macarena L\u00f3pez y su compa\u00f1\u00eda<br \/>\nAl toque: Benito Bernal, Antonio Carri\u00f3n, Manuel Herrera, Juan Quir\u00f3s<br \/>\nPercusi\u00f3n, palmas y comp\u00e1s: Los Mellis, Concha Carri\u00f3n, \u00c1ngel Pe\u00f1a<br \/>\nPresenta: Salvador Milla<\/p>\n<p>&nbsp;<\/p>\n<figure id=\"attachment_82571\" aria-describedby=\"caption-attachment-82571\" style=\"width: 1200px\" class=\"wp-caption aligncenter\"><a href=\"https:\/\/expoflamenco.com\/revista\/wp-content\/uploads\/sites\/17\/2025\/09\/expoflamenco-festival-el-bucaro-11-macarena-lopez-en-san-jose-rinconada-sevilla-sep25-foto-carmen-arjona.webp\"><img decoding=\"async\" class=\"size-full wp-image-82571\" src=\"https:\/\/expoflamenco.com\/revista\/wp-content\/uploads\/sites\/17\/2025\/09\/expoflamenco-festival-el-bucaro-11-macarena-lopez-en-san-jose-rinconada-sevilla-sep25-foto-carmen-arjona.webp\" alt=\"Macarena L\u00f3pez. XLII Festival de Cante Flamenco El B\u00facaro.Hacienda Santa Cruz, San Jos\u00e9 de la Rinconada (Sevilla). 19 sep 2025. Foto: Carmen Arjona\" width=\"1200\" height=\"1600\" \/><\/a><figcaption id=\"caption-attachment-82571\" class=\"wp-caption-text\">Macarena L\u00f3pez. XLII Festival de Cante Flamenco El B\u00facaro. Hacienda Santa Cruz, San Jos\u00e9 de la Rinconada (Sevilla). 19 sep 2025. Foto: Carmen Arjona<\/figcaption><\/figure>\n<figure id=\"attachment_82566\" aria-describedby=\"caption-attachment-82566\" style=\"width: 1200px\" class=\"wp-caption aligncenter\"><a href=\"https:\/\/expoflamenco.com\/revista\/wp-content\/uploads\/sites\/17\/2025\/09\/expoflamenco-festival-el-bucaro-3-manuel-castulo-en-san-jose-rinconada-sevilla-sep25-foto-carmen-arjona.webp\"><img decoding=\"async\" class=\"size-full wp-image-82566\" src=\"https:\/\/expoflamenco.com\/revista\/wp-content\/uploads\/sites\/17\/2025\/09\/expoflamenco-festival-el-bucaro-3-manuel-castulo-en-san-jose-rinconada-sevilla-sep25-foto-carmen-arjona.webp\" alt=\"Manuel C\u00e1stulo. XLII Festival de Cante Flamenco El B\u00facaro.Hacienda Santa Cruz, San Jos\u00e9 de la Rinconada (Sevilla). 19 sep 2025. Foto: Carmen Arjona\" width=\"1200\" height=\"1600\" \/><\/a><figcaption id=\"caption-attachment-82566\" class=\"wp-caption-text\">Manuel C\u00e1stulo. XLII Festival de Cante Flamenco El B\u00facaro. Hacienda Santa Cruz, San Jos\u00e9 de la Rinconada (Sevilla). 19 sep 2025. Foto: Carmen Arjona<\/figcaption><\/figure>\n<figure id=\"attachment_82570\" aria-describedby=\"caption-attachment-82570\" style=\"width: 1343px\" class=\"wp-caption aligncenter\"><a href=\"https:\/\/expoflamenco.com\/revista\/wp-content\/uploads\/sites\/17\/2025\/09\/expoflamenco-festival-el-bucaro-10-macarena-lopez-en-san-jose-rinconada-sevilla-sep25-foto-carmen-arjona.webp\"><img loading=\"lazy\" decoding=\"async\" class=\"size-full wp-image-82570\" src=\"https:\/\/expoflamenco.com\/revista\/wp-content\/uploads\/sites\/17\/2025\/09\/expoflamenco-festival-el-bucaro-10-macarena-lopez-en-san-jose-rinconada-sevilla-sep25-foto-carmen-arjona.webp\" alt=\"Macarena L\u00f3pez. XLII Festival de Cante Flamenco El B\u00facaro.Hacienda Santa Cruz, San Jos\u00e9 de la Rinconada (Sevilla). 19 sep 2025. Foto: Carmen Arjona\" width=\"1343\" height=\"1600\" \/><\/a><figcaption id=\"caption-attachment-82570\" class=\"wp-caption-text\">Macarena L\u00f3pez. XLII Festival de Cante Flamenco El B\u00facaro. Hacienda Santa Cruz, San Jos\u00e9 de la Rinconada (Sevilla). 19 sep 2025. Foto: Carmen Arjona<\/figcaption><\/figure>\n<figure id=\"attachment_82575\" aria-describedby=\"caption-attachment-82575\" style=\"width: 1600px\" class=\"wp-caption aligncenter\"><a href=\"https:\/\/expoflamenco.com\/revista\/wp-content\/uploads\/sites\/17\/2025\/09\/expoflamenco-festival-el-bucaro-15-san-jose-rinconada-sevilla-sep25-foto-carmen-arjona.webp\"><img loading=\"lazy\" decoding=\"async\" class=\"size-full wp-image-82575\" src=\"https:\/\/expoflamenco.com\/revista\/wp-content\/uploads\/sites\/17\/2025\/09\/expoflamenco-festival-el-bucaro-15-san-jose-rinconada-sevilla-sep25-foto-carmen-arjona.webp\" alt=\"Miguel Gallardo, Javier Fern\u00e1ndez (Diputaci\u00f3n), Raquel Vega (primera teniente alcalde), Salvador Milla y Antonio Carri\u00f3n. XLII Festival de Cante Flamenco El B\u00facaro.Hacienda Santa Cruz, San Jos\u00e9 de la Rinconada (Sevilla). 19 sep 2025. Foto: Carmen Arjona\" width=\"1600\" height=\"878\" \/><\/a><figcaption id=\"caption-attachment-82575\" class=\"wp-caption-text\">Miguel Gallardo, Javier Fern\u00e1ndez (Diputaci\u00f3n), Raquel Vega (primera teniente alcalde), Salvador Milla y Antonio Carri\u00f3n. XLII Festival de Cante Flamenco El B\u00facaro. Hacienda Santa Cruz, San Jos\u00e9 de la Rinconada (Sevilla). 19 sep 2025. Foto: Carmen Arjona<\/figcaption><\/figure>\n<figure id=\"attachment_82568\" aria-describedby=\"caption-attachment-82568\" style=\"width: 1200px\" class=\"wp-caption aligncenter\"><a href=\"https:\/\/expoflamenco.com\/revista\/wp-content\/uploads\/sites\/17\/2025\/09\/expoflamenco-festival-el-bucaro-7-concha-carrion-y-angel-pena-en-san-jose-rinconada-sevilla-sep25-foto-carmen-arjona.webp\"><img loading=\"lazy\" decoding=\"async\" class=\"size-full wp-image-82568\" src=\"https:\/\/expoflamenco.com\/revista\/wp-content\/uploads\/sites\/17\/2025\/09\/expoflamenco-festival-el-bucaro-7-concha-carrion-y-angel-pena-en-san-jose-rinconada-sevilla-sep25-foto-carmen-arjona.webp\" alt=\"Concha Carri\u00f3n y \u00c1ngel Pe\u00f1a. XLII Festival de Cante Flamenco El B\u00facaro.Hacienda Santa Cruz, San Jos\u00e9 de la Rinconada (Sevilla). 19 sep 2025. Foto: Carmen Arjona\" width=\"1200\" height=\"1600\" \/><\/a><figcaption id=\"caption-attachment-82568\" class=\"wp-caption-text\">Concha Carri\u00f3n y \u00c1ngel Pe\u00f1a. XLII Festival de Cante Flamenco El B\u00facaro. Hacienda Santa Cruz, San Jos\u00e9 de la Rinconada (Sevilla). 19 sep 2025. Foto: Carmen Arjona<\/figcaption><\/figure>\n<figure id=\"attachment_82572\" aria-describedby=\"caption-attachment-82572\" style=\"width: 1600px\" class=\"wp-caption aligncenter\"><a href=\"https:\/\/expoflamenco.com\/revista\/wp-content\/uploads\/sites\/17\/2025\/09\/expoflamenco-festival-el-bucaro-12-arcangel-benito-bernal-y-mellis-en-san-jose-rinconada-sevilla-sep25-foto-carmen-arjona.webp\"><img loading=\"lazy\" decoding=\"async\" class=\"size-full wp-image-82572\" src=\"https:\/\/expoflamenco.com\/revista\/wp-content\/uploads\/sites\/17\/2025\/09\/expoflamenco-festival-el-bucaro-12-arcangel-benito-bernal-y-mellis-en-san-jose-rinconada-sevilla-sep25-foto-carmen-arjona.webp\" alt=\"Arc\u00e1ngel, Benito Bernal y Los Mellis de Huelva. XLII Festival de Cante Flamenco El B\u00facaro.Hacienda Santa Cruz, San Jos\u00e9 de la Rinconada (Sevilla). 19 sep 2025. Foto: Carmen Arjona\" width=\"1600\" height=\"1095\" \/><\/a><figcaption id=\"caption-attachment-82572\" class=\"wp-caption-text\">Arc\u00e1ngel, Benito Bernal y Los Mellis de Huelva. XLII Festival de Cante Flamenco El B\u00facaro. Hacienda Santa Cruz, San Jos\u00e9 de la Rinconada (Sevilla). 19 sep 2025. Foto: Carmen Arjona<\/figcaption><\/figure>\n<figure id=\"attachment_82569\" aria-describedby=\"caption-attachment-82569\" style=\"width: 1077px\" class=\"wp-caption aligncenter\"><a href=\"https:\/\/expoflamenco.com\/revista\/wp-content\/uploads\/sites\/17\/2025\/09\/expoflamenco-festival-el-bucaro-9-macarena-lopez-en-san-jose-rinconada-sevilla-sep25-foto-carmen-arjona.webp\"><img loading=\"lazy\" decoding=\"async\" class=\"size-full wp-image-82569\" src=\"https:\/\/expoflamenco.com\/revista\/wp-content\/uploads\/sites\/17\/2025\/09\/expoflamenco-festival-el-bucaro-9-macarena-lopez-en-san-jose-rinconada-sevilla-sep25-foto-carmen-arjona.webp\" alt=\"Macarena L\u00f3pez. XLII Festival de Cante Flamenco El B\u00facaro.Hacienda Santa Cruz, San Jos\u00e9 de la Rinconada (Sevilla). 19 sep 2025. Foto: Carmen Arjona\" width=\"1077\" height=\"1600\" \/><\/a><figcaption id=\"caption-attachment-82569\" class=\"wp-caption-text\">Macarena L\u00f3pez. XLII Festival de Cante Flamenco El B\u00facaro. Hacienda Santa Cruz, San Jos\u00e9 de la Rinconada (Sevilla). 19 sep 2025. Foto: Carmen Arjona<\/figcaption><\/figure>\n<figure id=\"attachment_82573\" aria-describedby=\"caption-attachment-82573\" style=\"width: 1600px\" class=\"wp-caption aligncenter\"><a href=\"https:\/\/expoflamenco.com\/revista\/wp-content\/uploads\/sites\/17\/2025\/09\/expoflamenco-festival-el-bucaro-13-arcangel-benito-bernal-y-mellis-en-san-jose-rinconada-sevilla-sep25-foto-carmen-arjona.webp\"><img loading=\"lazy\" decoding=\"async\" class=\"size-full wp-image-82573\" src=\"https:\/\/expoflamenco.com\/revista\/wp-content\/uploads\/sites\/17\/2025\/09\/expoflamenco-festival-el-bucaro-13-arcangel-benito-bernal-y-mellis-en-san-jose-rinconada-sevilla-sep25-foto-carmen-arjona.webp\" alt=\"Arc\u00e1ngel, Benito Bernal y Los Mellis de Huelva. XLII Festival de Cante Flamenco El B\u00facaro.Hacienda Santa Cruz, San Jos\u00e9 de la Rinconada (Sevilla). 19 sep 2025. Foto: Carmen Arjona\" width=\"1600\" height=\"1442\" \/><\/a><figcaption id=\"caption-attachment-82573\" class=\"wp-caption-text\">Arc\u00e1ngel, Benito Bernal y Los Mellis de Huelva. XLII Festival de Cante Flamenco El B\u00facaro. Hacienda Santa Cruz, San Jos\u00e9 de la Rinconada (Sevilla). 19 sep 2025. Foto: Carmen Arjona<\/figcaption><\/figure>\n<figure id=\"attachment_82574\" aria-describedby=\"caption-attachment-82574\" style=\"width: 1600px\" class=\"wp-caption aligncenter\"><a href=\"https:\/\/expoflamenco.com\/revista\/wp-content\/uploads\/sites\/17\/2025\/09\/expoflamenco-festival-el-bucaro-14-el-goyo-y-juan-quiros-en-san-jose-rinconada-sevilla-sep25-foto-carmen-arjona.webp\"><img loading=\"lazy\" decoding=\"async\" class=\"size-full wp-image-82574\" src=\"https:\/\/expoflamenco.com\/revista\/wp-content\/uploads\/sites\/17\/2025\/09\/expoflamenco-festival-el-bucaro-14-el-goyo-y-juan-quiros-en-san-jose-rinconada-sevilla-sep25-foto-carmen-arjona.webp\" alt=\"El Goyo y Juan Quir\u00f3s. XLII Festival de Cante Flamenco El B\u00facaro.Hacienda Santa Cruz, San Jos\u00e9 de la Rinconada (Sevilla). 19 sep 2025. Foto: Carmen Arjona\" width=\"1600\" height=\"953\" \/><\/a><figcaption id=\"caption-attachment-82574\" class=\"wp-caption-text\">El Goyo y Juan Quir\u00f3s. XLII Festival de Cante Flamenco El B\u00facaro. Hacienda Santa Cruz, San Jos\u00e9 de la Rinconada (Sevilla). 19 sep 2025. Foto: Carmen Arjona<\/figcaption><\/figure>\n<figure id=\"attachment_82565\" aria-describedby=\"caption-attachment-82565\" style=\"width: 1200px\" class=\"wp-caption aligncenter\"><a href=\"https:\/\/expoflamenco.com\/revista\/wp-content\/uploads\/sites\/17\/2025\/09\/expoflamenco-festival-el-bucaro-1-manuel-herrera-en-san-jose-rinconada-sevilla-sep25-foto-carmen-arjona.webp\"><img loading=\"lazy\" decoding=\"async\" class=\"size-full wp-image-82565\" src=\"https:\/\/expoflamenco.com\/revista\/wp-content\/uploads\/sites\/17\/2025\/09\/expoflamenco-festival-el-bucaro-1-manuel-herrera-en-san-jose-rinconada-sevilla-sep25-foto-carmen-arjona.webp\" alt=\"Manuel Herrera. XLII Festival de Cante Flamenco El B\u00facaro.Hacienda Santa Cruz, San Jos\u00e9 de la Rinconada (Sevilla). 19 sep 2025. Foto: Carmen Arjona\" width=\"1200\" height=\"1600\" \/><\/a><figcaption id=\"caption-attachment-82565\" class=\"wp-caption-text\">Manuel Herrera. XLII Festival de Cante Flamenco El B\u00facaro. Hacienda Santa Cruz, San Jos\u00e9 de la Rinconada (Sevilla). 19 sep 2025. Foto: Carmen Arjona<\/figcaption><\/figure>\n<p>&nbsp;<\/p>\n","protected":false,"gt_translate_keys":[{"key":"rendered","format":"html"}]},"excerpt":{"rendered":"<p>La Hacienda Santa Cruz de esta localidad sevillana se embriag\u00f3 de flamenco con Arc\u00e1ngel, Pedro el Grana\u00edno, Manuel C\u00e1stulo, Fernando el Goyo y el baile de Macarena L\u00f3pez.<\/p>\n","protected":false,"gt_translate_keys":[{"key":"rendered","format":"html"}]},"author":20,"featured_media":3443,"comment_status":"open","ping_status":"open","sticky":false,"template":"","format":"standard","meta":{"_acf_changed":false,"pmpro_default_level":"","jnews-multi-image_gallery":[],"jnews_single_post":null,"jnews_primary_category":{"id":"248"},"jnews_override_bookmark_settings":{"override_bookmark_button":"0","override_show_bookmark_button":"0"},"jnews_social_meta":[],"jnews_review":[],"enable_review":"","type":"percentage","name":"","summary":"","brand":"","sku":"","good":[],"bad":[],"score_override":"","override_value":"","rating":[],"price":[],"jnews_override_counter":{"view_counter_number":"0","share_counter_number":"0","like_counter_number":"0","dislike_counter_number":"0"},"footnotes":""},"categories":[46,38],"tags":[715,3049,2533,3050,3051],"class_list":["post-3442","post","type-post","status-publish","format-standard","has-post-thumbnail","hentry","category-cronicas","category-en-portada","tag-antonio-carrion","tag-festival-de-cante-flamenco-el-bucaro","tag-manuel-castulo","tag-hacienda-santa-cruz","tag-san-jose-de-la-rinconada","pmpro-has-access"],"acf":[],"aioseo_notices":[],"gt_translate_keys":[{"key":"link","format":"url"}],"_links":{"self":[{"href":"https:\/\/expoflamenco.com\/revista\/wp-json\/wp\/v2\/posts\/3442","targetHints":{"allow":["GET"]}}],"collection":[{"href":"https:\/\/expoflamenco.com\/revista\/wp-json\/wp\/v2\/posts"}],"about":[{"href":"https:\/\/expoflamenco.com\/revista\/wp-json\/wp\/v2\/types\/post"}],"author":[{"embeddable":true,"href":"https:\/\/expoflamenco.com\/revista\/wp-json\/wp\/v2\/users\/20"}],"replies":[{"embeddable":true,"href":"https:\/\/expoflamenco.com\/revista\/wp-json\/wp\/v2\/comments?post=3442"}],"version-history":[{"count":0,"href":"https:\/\/expoflamenco.com\/revista\/wp-json\/wp\/v2\/posts\/3442\/revisions"}],"wp:featuredmedia":[{"embeddable":true,"href":"https:\/\/expoflamenco.com\/revista\/wp-json\/wp\/v2\/media\/3443"}],"wp:attachment":[{"href":"https:\/\/expoflamenco.com\/revista\/wp-json\/wp\/v2\/media?parent=3442"}],"wp:term":[{"taxonomy":"category","embeddable":true,"href":"https:\/\/expoflamenco.com\/revista\/wp-json\/wp\/v2\/categories?post=3442"},{"taxonomy":"post_tag","embeddable":true,"href":"https:\/\/expoflamenco.com\/revista\/wp-json\/wp\/v2\/tags?post=3442"}],"curies":[{"name":"wp","href":"https:\/\/api.w.org\/{rel}","templated":true}]}}