{"id":3430,"date":"2025-09-22T14:38:14","date_gmt":"2025-09-22T12:38:14","guid":{"rendered":"https:\/\/expoflamenco.com\/revistanew\/alicia-morales-alvaro-martinete-y-un-poemario-acancionao\/"},"modified":"2025-09-22T14:38:14","modified_gmt":"2025-09-22T12:38:14","slug":"alicia-morales-alvaro-martinete-y-un-poemario-acancionao","status":"publish","type":"post","link":"https:\/\/expoflamenco.com\/revista\/alicia-morales-alvaro-martinete-y-un-poemario-acancionao\/","title":{"rendered":"Alicia Morales, \u00c1lvaro Martinete y un poemario acancionao","gt_translate_keys":[{"key":"rendered","format":"text"}]},"content":{"rendered":"<p>La<strong> Bienal de Sevilla<\/strong>, el <strong>Festival de Jerez<\/strong>, la <strong>Bienal de M\u00e1laga<\/strong>\u2026 Parece que todas se suman al carro de ofrecer en su programaci\u00f3n propuestas que perfilen las diferentes aristas del flamenco, queriendo parecer m\u00e1s modernos, originales, diferentes y, a veces, hasta provocadores u osados. Pero no lleg\u00f3 a tanto <strong><em>Huellas de Poemas<\/em><\/strong>, de <strong>Alicia Morales<\/strong> y <strong>\u00c1lvaro Martinete<\/strong>. Los artistas grana\u00ednos se sirvieron de una voz y una guitarra para encorsetar los versos de poetas como <strong>Lorca<\/strong>, <strong>Rosal\u00eda de Castro<\/strong>, <strong>San Juan de la Cruz<\/strong>, <strong>Alberti<\/strong>, <strong>Miguel Hern\u00e1ndez<\/strong> o <strong>Jos\u00e9 Luis Ortiz Nuevo<\/strong> en un repertorio de temas, que no cantes, muy acancionaos.<\/p>\n<p>El aficionao cabal que viniera con su entrada buscando el pellizco se fue como vino. La oferta incluy\u00f3 <strong>un pu\u00f1ao de caricias, probaturas y experimentos en una garganta bien timbrada, con afinaci\u00f3n, gusto, velocidad en la voz<\/strong>, un amplio registro tonal y trazos flamencos. No ser\u00e9 yo quien cerque el coto a la creatividad. El arte es eso. Pero aquello no fue lo que yo esperaba en un festival de lo jondo, por m\u00e1s que el acompa\u00f1amiento y la catalogaci\u00f3n de las piezas encajaran entre las ramas de ese \u00e1rbol de los palos. Y a pesar de la innegable calidad cantaora de Alicia y el trabajazo que se intuye detr\u00e1s, mis o\u00eddos se fueron con la guitarra durante todo el recital: \u00c1lvaro Martinete nos regal\u00f3 una velada de aut\u00e9ntica maestr\u00eda. Sensible en las composiciones, rotundo en la pulsaci\u00f3n, preciso en los picaos, pulcro en los tr\u00e9molos, falsetas y tira\u00edllos, y esencialmente enjundioso a la vez que servicial con el cante de Morales, a la que <strong>le tendi\u00f3 seis r\u00edos de plata para que desnudara con empalagosa suavidad todo su esplendoroso ideario musical<\/strong> cuyas letras tuvo que ir releyendo en los papeles que apoyaban sobre un atril, gesto que nunca me ha gustado de cuantas actuaciones flamencas he visto donde se haya usado este recurso. Afortunadamente han sido pocas.<\/p>\n<p>&nbsp;<\/p>\n<blockquote><p><em>\u00abA pesar de la innegable calidad cantaora de Alicia y el trabajazo que se intuye detr\u00e1s, mis o\u00eddos se fueron con la guitarra durante todo el recital. \u00c1lvaro Martinete nos regal\u00f3 una velada de aut\u00e9ntica maestr\u00eda. Sensible en las composiciones, rotundo en la pulsaci\u00f3n, preciso en los picaos, pulcro en los tr\u00e9molos, falsetas y tira\u00edllos\u00bb<\/em><\/p><\/blockquote>\n<p>&nbsp;<\/p>\n<div class=\"jeg_video_container jeg_video_content\"><iframe title=\"Alicia Morales y \u00c1lvaro Martinete - I Bienal de Granada\" width=\"500\" height=\"281\" src=\"https:\/\/www.youtube.com\/embed\/J90UWa1vHcY?feature=oembed\" frameborder=\"0\" allow=\"accelerometer; autoplay; clipboard-write; encrypted-media; gyroscope; picture-in-picture; web-share\" referrerpolicy=\"strict-origin-when-cross-origin\" allowfullscreen><\/iframe><\/div>\n<p>&nbsp;<\/p>\n<p>Los honores a <strong>Morente <\/strong>se est\u00e1n convirtiendo en un peaje en Granada. De ah\u00ed que se desdibujara su eco col\u00e1ndose cada tres por dos entre los melismas y la concepci\u00f3n de los temas que teji\u00f3 Alicia.<\/p>\n<p>La sonanta trin\u00f3 en solitario sobre los maderos. Luego apareci\u00f3 Morales de blanco impoluto por un lateral de las gradas. Templ\u00f3 <em>El llanto de la guitarra<\/em>, <em>coraz\u00f3n malher\u00edo por cinco espadas<\/em>. Y al comp\u00e1s que \u00c1lvaro dispuso sobre el golpeador de la tapa de la baja\u00f1\u00ed, <strong>calent\u00f3 su ga\u00f1ote la cantaora deambulando por aires seguiriyeros, de liviana y cabales. Magn\u00edfico el solo por grana\u00ednas de Martinete<\/strong>, preludiando el renuevo mel\u00f3dico que le dio Alicia, coron\u00e1ndolo con abandolaos y descollando en la jabera.<\/p>\n<p>Asumi\u00f3 el reto de navegar por otras historias en la sole\u00e1 <em>Noche oscura<\/em>, desvirtuando los son\u00edos negros de la tradici\u00f3n a la vez que se sinti\u00f3 en el rebusco de sensibilidades nuevas. <strong>\u00c1lvaro se deshizo derritiendo la melaza de los flamencos en una extraordinaria guajira dedicada a su madre<\/strong>, musicalizada en las entra\u00f1as, desde el rinc\u00f3n m\u00e1s heterodoxo de la ortodoxia. Un recitado de Morales, estribillos y el soniquete por Huelva condujeron hasta orillas choqueras por fandangos. Muy diferentes, pero fandangos, al fin y al cabo. Prosiguiendo por este camino a la deriva son\u00f3 la ronde\u00f1a y acab\u00f3 el recital <em>Vendiendo flores<\/em>, una creaci\u00f3n que transita entre los tientos y tangos de Gran\u00e1 que incluy\u00f3 en su disco <strong><em>La novia de cristal<\/em><\/strong> (2019).<\/p>\n<p><strong>Alicia Morales y \u00c1lvaro Martinete dieron con valent\u00eda una vuelta de tuerca a los vientos tradicionales del flamenco.<\/strong> Qued\u00f3 en pie la mayor parte del respetable que ped\u00eda otra y este cr\u00edtico cabizbajo con la piel arrullada solo con tibieza y un subid\u00f3n de az\u00facar. Yo no quer\u00eda m\u00e1s, sino diferente, porque en la saturaci\u00f3n de discursos que buscan la novedad en los poemarios y la originalidad musical, est\u00e1 el olvido de que ya se ha hecho de mil formas. Y al final, lo moderno resulta ser el retorno a las ra\u00edces para recrearlas con el refresco de la interpretaci\u00f3n y la impronta de quien tiene lo que hay que tener para decir algo en esto. No le niego su mijita de personalidad al asunto, pero no me atrapa de manera convincente. Visto lo visto y escuchado lo escuchado, solo fue una cosa m\u00e1s.<\/p>\n<p>&nbsp;<\/p>\n<p><strong>Ficha art\u00edstica<\/strong><\/p>\n<p><em>Huellas de Poemas<\/em>, de Alicia Morales y \u00c1lvaro Martinete<br \/>\nI Bienal de Granada<br \/>\nCentro Federico Garc\u00eda Lorca, Granada<br \/>\n21 de septiembre de 2025<br \/>\nCante: Alicia Morales<br \/>\nGuitarra: \u00c1lvaro Martinete<\/p>\n<p>&nbsp;<\/p>\n<figure id=\"attachment_82621\" aria-describedby=\"caption-attachment-82621\" style=\"width: 1600px\" class=\"wp-caption aligncenter\"><a href=\"https:\/\/expoflamenco.com\/revista\/wp-content\/uploads\/sites\/17\/2025\/09\/alicia-morales-y-alvaro-martinete-5-bienal-flamenco-granada-sep25-foto-bienal.webp\"><img fetchpriority=\"high\" decoding=\"async\" class=\"size-full wp-image-82621\" src=\"https:\/\/expoflamenco.com\/revista\/wp-content\/uploads\/sites\/17\/2025\/09\/alicia-morales-y-alvaro-martinete-5-bienal-flamenco-granada-sep25-foto-bienal.webp\" alt=\"'Huellas de Poemas', de Alicia Morales y \u00c1lvaro Martinete. I Bienal de Granada. Centro Federico Garc\u00eda Lorca, Granada. 21 sep 2025. Foto: Bienal\" width=\"1600\" height=\"1015\" \/><\/a><figcaption id=\"caption-attachment-82621\" class=\"wp-caption-text\">&#8216;Huellas de Poemas&#8217;, de Alicia Morales y \u00c1lvaro Martinete. I Bienal de Granada. Centro Federico Garc\u00eda Lorca, Granada. 21 sep 2025. Foto: Bienal<\/figcaption><\/figure>\n<figure id=\"attachment_82622\" aria-describedby=\"caption-attachment-82622\" style=\"width: 1600px\" class=\"wp-caption aligncenter\"><a href=\"https:\/\/expoflamenco.com\/revista\/wp-content\/uploads\/sites\/17\/2025\/09\/alicia-morales-y-alvaro-martinete-2-bienal-flamenco-granada-sep25-foto-bienal.webp\"><img decoding=\"async\" class=\"size-full wp-image-82622\" src=\"https:\/\/expoflamenco.com\/revista\/wp-content\/uploads\/sites\/17\/2025\/09\/alicia-morales-y-alvaro-martinete-2-bienal-flamenco-granada-sep25-foto-bienal.webp\" alt=\"'Huellas de Poemas', de Alicia Morales y \u00c1lvaro Martinete. I Bienal de Granada. Centro Federico Garc\u00eda Lorca, Granada. 21 sep 2025. Foto: Bienal\" width=\"1600\" height=\"1067\" \/><\/a><figcaption id=\"caption-attachment-82622\" class=\"wp-caption-text\">&#8216;Huellas de Poemas&#8217;, de Alicia Morales y \u00c1lvaro Martinete. I Bienal de Granada. Centro Federico Garc\u00eda Lorca, Granada. 21 sep 2025. Foto: Bienal<\/figcaption><\/figure>\n<figure id=\"attachment_82620\" aria-describedby=\"caption-attachment-82620\" style=\"width: 1600px\" class=\"wp-caption aligncenter\"><a href=\"https:\/\/expoflamenco.com\/revista\/wp-content\/uploads\/sites\/17\/2025\/09\/alicia-morales-y-alvaro-martinete-4-bienal-flamenco-granada-sep25-foto-bienal.webp\"><img decoding=\"async\" class=\"size-full wp-image-82620\" src=\"https:\/\/expoflamenco.com\/revista\/wp-content\/uploads\/sites\/17\/2025\/09\/alicia-morales-y-alvaro-martinete-4-bienal-flamenco-granada-sep25-foto-bienal.webp\" alt=\"'Huellas de Poemas', de Alicia Morales y \u00c1lvaro Martinete. I Bienal de Granada. Centro Federico Garc\u00eda Lorca, Granada. 21 sep 2025. Foto: Bienal\" width=\"1600\" height=\"1110\" \/><\/a><figcaption id=\"caption-attachment-82620\" class=\"wp-caption-text\">&#8216;Huellas de Poemas&#8217;, de Alicia Morales y \u00c1lvaro Martinete. I Bienal de Granada. Centro Federico Garc\u00eda Lorca, Granada. 21 sep 2025. Foto: Bienal<\/figcaption><\/figure>\n","protected":false,"gt_translate_keys":[{"key":"rendered","format":"html"}]},"excerpt":{"rendered":"<p>Alicia Morales arriesg\u00f3 en su estreno de la I Bienal de Granada con un poemario acancionao y trazos flamencos.<\/p>\n","protected":false,"gt_translate_keys":[{"key":"rendered","format":"html"}]},"author":63,"featured_media":3431,"comment_status":"open","ping_status":"open","sticky":false,"template":"","format":"standard","meta":{"_acf_changed":false,"pmpro_default_level":"","jnews-multi-image_gallery":[],"jnews_single_post":null,"jnews_primary_category":{"id":"248"},"jnews_override_bookmark_settings":{"override_bookmark_button":"0","override_show_bookmark_button":"0"},"jnews_social_meta":[],"jnews_review":[],"enable_review":"","type":"percentage","name":"","summary":"","brand":"","sku":"","good":[],"bad":[],"score_override":"","override_value":"","rating":[],"price":[],"jnews_override_counter":{"view_counter_number":"0","share_counter_number":"0","like_counter_number":"0","dislike_counter_number":"0"},"footnotes":""},"categories":[46,38],"tags":[3041,198,58,3042,2942],"class_list":["post-3430","post","type-post","status-publish","format-standard","has-post-thumbnail","hentry","category-cronicas","category-en-portada","tag-alicia-morales","tag-alvaro-martinete","tag-cantaora-flamenca","tag-huellas-de-poemas","tag-i-bienal-de-flamenco-de-granada","pmpro-has-access"],"acf":[],"aioseo_notices":[],"gt_translate_keys":[{"key":"link","format":"url"}],"_links":{"self":[{"href":"https:\/\/expoflamenco.com\/revista\/wp-json\/wp\/v2\/posts\/3430","targetHints":{"allow":["GET"]}}],"collection":[{"href":"https:\/\/expoflamenco.com\/revista\/wp-json\/wp\/v2\/posts"}],"about":[{"href":"https:\/\/expoflamenco.com\/revista\/wp-json\/wp\/v2\/types\/post"}],"author":[{"embeddable":true,"href":"https:\/\/expoflamenco.com\/revista\/wp-json\/wp\/v2\/users\/63"}],"replies":[{"embeddable":true,"href":"https:\/\/expoflamenco.com\/revista\/wp-json\/wp\/v2\/comments?post=3430"}],"version-history":[{"count":0,"href":"https:\/\/expoflamenco.com\/revista\/wp-json\/wp\/v2\/posts\/3430\/revisions"}],"wp:featuredmedia":[{"embeddable":true,"href":"https:\/\/expoflamenco.com\/revista\/wp-json\/wp\/v2\/media\/3431"}],"wp:attachment":[{"href":"https:\/\/expoflamenco.com\/revista\/wp-json\/wp\/v2\/media?parent=3430"}],"wp:term":[{"taxonomy":"category","embeddable":true,"href":"https:\/\/expoflamenco.com\/revista\/wp-json\/wp\/v2\/categories?post=3430"},{"taxonomy":"post_tag","embeddable":true,"href":"https:\/\/expoflamenco.com\/revista\/wp-json\/wp\/v2\/tags?post=3430"}],"curies":[{"name":"wp","href":"https:\/\/api.w.org\/{rel}","templated":true}]}}