{"id":3305,"date":"2025-08-24T09:44:59","date_gmt":"2025-08-24T07:44:59","guid":{"rendered":"https:\/\/expoflamenco.com\/revistanew\/marco-flores-o-el-gozo-de-bailar\/"},"modified":"2026-01-15T19:35:27","modified_gmt":"2026-01-15T18:35:27","slug":"marco-flores-o-el-gozo-de-bailar","status":"publish","type":"post","link":"https:\/\/expoflamenco.com\/revista\/marco-flores-o-el-gozo-de-bailar\/","title":{"rendered":"Marco Flores o el gozo de bailar","gt_translate_keys":[{"key":"rendered","format":"text"}]},"content":{"rendered":"<p>Muchos festivales legendarios nacieron as\u00ed: pocos medios, muchas ganas, mucho amor por la tierra y por el flamenco. El <strong>Tagarnina Fest<\/strong>, que este s\u00e1bado 23 de agosto pon\u00eda el broche a su primera edici\u00f3n, ha conseguido en solo tres d\u00edas <strong>poner a Algodonales en el mapamundi jondo<\/strong>, y lo que es m\u00e1s importante, sentar las bases para lo que deber\u00eda ser <strong>un proyecto de futuro<\/strong>. Detr\u00e1s de este primer logro se encuentra un bailaor algodonale\u00f1o, <strong>Francisco Hidalgo<\/strong>, que ha capitaneado con acierto la iniciativa y persuadido a las instituciones competentes de su oportunidad y seriedad. Ahora est\u00e1 en manos de los gobernantes, sobre todo provinciales y auton\u00f3micos, dar continuidad y vuelo a las pr\u00f3ximas ediciones.<\/p>\n<p>Pero antes de eso hab\u00eda que cerrar por todo lo alto, y el nombre elegido para rematar el cartel fue <strong>Marco Flores<\/strong>. <strong><em>Vengo jondo <\/em><\/strong>es el t\u00edtulo de la propuesta con la que el bailaor se present\u00f3 junto al p\u00f3rtico del <a href=\"https:\/\/www.algodonales.es\/\" target=\"_blank\" rel=\"noopener\">Ayuntamiento de Algodonales<\/a>. Un t\u00edtulo que es en s\u00ed mismo una declaraci\u00f3n de intenciones, porque se trataba de demostrar que el conocido gusto del arcense por la b\u00fasqueda de nuevas formas expresivas no excluye el conocimiento de la tradici\u00f3n. Dicho de otro modo, <strong>se puede ser moderno<\/strong> (incluso fatalmente moderno, pues no podemos vivir en un tiempo que no sea el actual) y al mismo tiempo <strong>beber del clasicismo a boca llena<\/strong>.<\/p>\n<p>Todo esto es un asunto muy tra\u00eddo y llevado, que todav\u00eda sigue alimentando pol\u00e9micas vacuas y provocando bostezos, pero Marco Flores lo resuelve del modo m\u00e1s natural: baila palos can\u00f3nicos, pero a cada uno de ellos les aporta su sello personal, marcado por una creatividad desbordante. Es un bailaor atento, que oye el cante y la guitarra y los asimila para dar forma a su discurso coreogr\u00e1fico. No necesita m\u00e1s instrumentaci\u00f3n ni m\u00e1s espacio que el escueto escenario que le brindan.<\/p>\n<p>&nbsp;<\/p>\n<blockquote><p><em>\u00abMarco Flores lo resuelve del modo m\u00e1s natural: baila palos can\u00f3nicos, pero a cada uno de ellos les aporta su sello personal, marcado por una creatividad desbordante. Es un bailaor atento, que oye el cante y la guitarra y los asimila para dar forma a su discurso coreogr\u00e1fico\u00bb<\/em><\/p><\/blockquote>\n<p>&nbsp;<\/p>\n<figure id=\"attachment_81789\" aria-describedby=\"caption-attachment-81789\" style=\"width: 1200px\" class=\"wp-caption aligncenter\"><a href=\"https:\/\/expoflamenco.com\/revista\/wp-content\/uploads\/sites\/17\/2025\/08\/expoflamenco-tagarnina-fest-3-marco-flores-en-algodonales-23ago25-foto-ale-luque.webp\"><img fetchpriority=\"high\" decoding=\"async\" class=\"size-full wp-image-81789\" src=\"https:\/\/expoflamenco.com\/revista\/wp-content\/uploads\/sites\/17\/2025\/08\/expoflamenco-tagarnina-fest-3-marco-flores-en-algodonales-23ago25-foto-ale-luque.webp\" alt=\"'Vengo jondo', de Marco Flores. I Tagarnina Fest. Ayuntamiento de Algodonales (C\u00e1diz). 23 agosto 2025. Foto: Ale Luque\" width=\"1200\" height=\"1388\" \/><\/a><figcaption id=\"caption-attachment-81789\" class=\"wp-caption-text\">&#8216;Vengo jondo&#8217;, de Marco Flores. I Tagarnina Fest. Ayuntamiento de Algodonales (C\u00e1diz).<br \/>23 agosto 2025. Foto: Ale Luque<\/figcaption><\/figure>\n<p>&nbsp;<\/p>\n<p>Con la voz del gaditano <strong>Emilio Florido<\/strong>, rica en texturas y enjundia, y la guitarra de <strong>Jos\u00e9 Tom\u00e1s<\/strong>, joven maestro de Membrilla (Ciudad Real), vamos de los cantes de trilla iniciales al <em>Romance de Zaide<\/em>, de la farruca a las alegr\u00edas, ora con los palillos, ora con el sombrero, y todo va impregn\u00e1ndose de colores y aromas sugerentes merced a unos movimientos tan llenos de \u00e1ngel como precisos.<\/p>\n<p>Pero hay algo en Marco Flores que va m\u00e1s all\u00e1 de ese comp\u00e1s privilegiado o de esa envidiable forma f\u00edsica, y es <strong>la sensaci\u00f3n permanente de gozo que transmite al bailar<\/strong>, una energ\u00eda contagiosa que se parece mucho a la alegr\u00eda de vivir. Nada m\u00e1s lejos del bailaor solemne, enf\u00e1ticamente viril, que a veces acaba pareciendo, a fuerza de tomarse en serio, una caricatura de s\u00ed mismo. El de Arcos nos convence de que es tal cual lo vemos, dentro y fuera del escenario, y que <strong>su flamencura no es una pose forzada y mucho menos un oficio, sino una forma de ser y de pesar sobre el mundo<\/strong>.<\/p>\n<p>Llegamos as\u00ed a un espectacular fin de fiesta en el que se convoca a escena al propio Francisco Hidalgo y a nuestro compa\u00f1ero de <em>expoflamenco<\/em>, <strong>Jos\u00e9 Anillo<\/strong>, que culminan por buler\u00edas una noche m\u00e1gica de danza flamenca bajo el cielo estrellado de la Sierra de L\u00edjar. Y el p\u00fablico, que como escrib\u00ed ayer quiz\u00e1 no est\u00e1 tan educado como en las grandes capitales, pero tampoco tiene ideas preconcebidas y se muestra abierto a cuanto sea arte y verdad, despide a los artistas puesto en pie y con una clamorosa ovaci\u00f3n.<\/p>\n<p>&nbsp;<\/p>\n<h3>Ficha art\u00edstica<\/h3>\n<p><em>Vengo jondo<\/em>, de Marco Flores<br \/>\nI Tagarnina Fest<br \/>\nAyuntamiento de Algodonales (C\u00e1diz)<br \/>\n23 de agosto de 2025<br \/>\nMarco Flores, baile<br \/>\nJos\u00e9 Tom\u00e1s Jim\u00e9nez, guitarra<br \/>\nEmilio Florido, cante<\/p>\n<p>&nbsp;<\/p>\n<figure id=\"attachment_81791\" aria-describedby=\"caption-attachment-81791\" style=\"width: 1200px\" class=\"wp-caption aligncenter\"><a href=\"https:\/\/expoflamenco.com\/revista\/wp-content\/uploads\/sites\/17\/2025\/08\/expoflamenco-tagarnina-fest-2-marco-flores-en-algodonales-23ago25-foto-ale-luque.webp\"><img decoding=\"async\" class=\"size-full wp-image-81791\" src=\"https:\/\/expoflamenco.com\/revista\/wp-content\/uploads\/sites\/17\/2025\/08\/expoflamenco-tagarnina-fest-2-marco-flores-en-algodonales-23ago25-foto-ale-luque.webp\" alt=\"'Vengo jondo', de Marco Flores. I Tagarnina Fest. Ayuntamiento de Algodonales (C\u00e1diz). 23 agosto 2025. Foto: Ale Luque\" width=\"1200\" height=\"985\" \/><\/a><figcaption id=\"caption-attachment-81791\" class=\"wp-caption-text\">&#8216;Vengo jondo&#8217;, de Marco Flores. I Tagarnina Fest. Ayuntamiento de Algodonales (C\u00e1diz).<br \/>23 agosto 2025. Foto: Ale Luque<\/figcaption><\/figure>\n<figure id=\"attachment_81790\" aria-describedby=\"caption-attachment-81790\" style=\"width: 1600px\" class=\"wp-caption aligncenter\"><a href=\"https:\/\/expoflamenco.com\/revista\/wp-content\/uploads\/sites\/17\/2025\/08\/expoflamenco-tagarnina-fest-1-kiko-valle-en-algodonales-23ago25-foto-ale-luque.webp\"><img decoding=\"async\" class=\"size-full wp-image-81790\" src=\"https:\/\/expoflamenco.com\/revista\/wp-content\/uploads\/sites\/17\/2025\/08\/expoflamenco-tagarnina-fest-1-kiko-valle-en-algodonales-23ago25-foto-ale-luque.webp\" alt=\"Kiko Valle, presentando expoflamenco. I Tagarnina Fest. Ayuntamiento de Algodonales (C\u00e1diz). 23 agosto 2025. Foto: Ale Luque\" width=\"1600\" height=\"964\" \/><\/a><figcaption id=\"caption-attachment-81790\" class=\"wp-caption-text\">Kiko Valle. I Tagarnina Fest. Ayuntamiento de Algodonales (C\u00e1diz).<br \/>23 agosto 2025. Foto: Ale Luque<\/figcaption><\/figure>\n<p>&nbsp;<\/p>\n","protected":false,"gt_translate_keys":[{"key":"rendered","format":"html"}]},"excerpt":{"rendered":"<p>El bailaor arcense pone el broche a la primera edici\u00f3n del Tagarnina Fest de Algodonales con un espect\u00e1culo \u00edntimo con el que celebra veinte a\u00f1os de andadura.<\/p>\n","protected":false,"gt_translate_keys":[{"key":"rendered","format":"html"}]},"author":13,"featured_media":3306,"comment_status":"open","ping_status":"open","sticky":false,"template":"","format":"standard","meta":{"_acf_changed":false,"pmpro_default_level":"","jnews-multi-image_gallery":[],"jnews_single_post":{"format":"standard","override":[{"template":"2","parallax":"1","fullscreen":"1","layout":"right-sidebar","sidebar":"default-sidebar","second_sidebar":"default-sidebar","sticky_sidebar":"1","share_position":"top","share_float_style":"share-monocrhome","show_share_counter":"1","show_view_counter":"1","show_featured":"1","show_post_meta":"1","show_post_author":"1","show_post_author_image":"1","show_post_date":"1","post_date_format":"default","post_date_format_custom":"Y\/m\/d","show_post_reading_time":"1","post_reading_time_wpm":"250","post_calculate_word_method":"str_word_count","show_zoom_button":"1","zoom_button_out_step":"2","zoom_button_in_step":"3","show_post_tag":"1","show_popup_post":"1","number_popup_post":"1","show_post_related":"1","show_inline_post_related":"1"}],"image_override":[{"single_post_thumbnail_size":"no-crop","single_post_gallery_size":"crop-500"}],"trending_post_position":"meta","trending_post_label":"Trending","sponsored_post_label":"Sponsored by","disable_ad":"0","subtitle":"El bailaor arcense pone el broche a la primera edici\u00f3n del Tagarnina Fest de Algodonales con un espect\u00e1culo \u00edntimo con el que celebra veinte a\u00f1os de andadura."},"jnews_primary_category":{"id":"248"},"jnews_override_bookmark_settings":{"override_bookmark_button":"0","override_show_bookmark_button":"0"},"jnews_social_meta":[],"jnews_review":[],"enable_review":"","type":"percentage","name":"","summary":"","brand":"","sku":"","good":[],"bad":[],"score_override":"","override_value":"","rating":[],"price":[],"jnews_override_counter":{"view_counter_number":"0","share_counter_number":"0","like_counter_number":"0","dislike_counter_number":"0"},"footnotes":""},"categories":[46,38],"tags":[2984,84,60,909,2851,2985],"class_list":["post-3305","post","type-post","status-publish","format-standard","has-post-thumbnail","hentry","category-cronicas","category-en-portada","tag-algodonales-cadiz","tag-bailaor-flamenco","tag-festival-flamenco","tag-marco-flores","tag-tagarnina-fest","tag-vengo-jondo","pmpro-has-access"],"acf":[],"aioseo_notices":[],"gt_translate_keys":[{"key":"link","format":"url"}],"_links":{"self":[{"href":"https:\/\/expoflamenco.com\/revista\/wp-json\/wp\/v2\/posts\/3305","targetHints":{"allow":["GET"]}}],"collection":[{"href":"https:\/\/expoflamenco.com\/revista\/wp-json\/wp\/v2\/posts"}],"about":[{"href":"https:\/\/expoflamenco.com\/revista\/wp-json\/wp\/v2\/types\/post"}],"author":[{"embeddable":true,"href":"https:\/\/expoflamenco.com\/revista\/wp-json\/wp\/v2\/users\/13"}],"replies":[{"embeddable":true,"href":"https:\/\/expoflamenco.com\/revista\/wp-json\/wp\/v2\/comments?post=3305"}],"version-history":[{"count":1,"href":"https:\/\/expoflamenco.com\/revista\/wp-json\/wp\/v2\/posts\/3305\/revisions"}],"predecessor-version":[{"id":3390,"href":"https:\/\/expoflamenco.com\/revista\/wp-json\/wp\/v2\/posts\/3305\/revisions\/3390"}],"wp:featuredmedia":[{"embeddable":true,"href":"https:\/\/expoflamenco.com\/revista\/wp-json\/wp\/v2\/media\/3306"}],"wp:attachment":[{"href":"https:\/\/expoflamenco.com\/revista\/wp-json\/wp\/v2\/media?parent=3305"}],"wp:term":[{"taxonomy":"category","embeddable":true,"href":"https:\/\/expoflamenco.com\/revista\/wp-json\/wp\/v2\/categories?post=3305"},{"taxonomy":"post_tag","embeddable":true,"href":"https:\/\/expoflamenco.com\/revista\/wp-json\/wp\/v2\/tags?post=3305"}],"curies":[{"name":"wp","href":"https:\/\/api.w.org\/{rel}","templated":true}]}}