{"id":3303,"date":"2025-08-24T10:18:32","date_gmt":"2025-08-24T08:18:32","guid":{"rendered":"https:\/\/expoflamenco.com\/revistanew\/fiesta-de-la-buleria-de-jerez-galeria-grafica-i\/"},"modified":"2026-01-15T19:35:25","modified_gmt":"2026-01-15T18:35:25","slug":"fiesta-de-la-buleria-de-jerez-galeria-grafica-i","status":"publish","type":"post","link":"https:\/\/expoflamenco.com\/revista\/fiesta-de-la-buleria-de-jerez-galeria-grafica-i\/","title":{"rendered":"Fiesta de la Buler\u00eda de Jerez &#8211; Galer\u00eda gr\u00e1fica (I)","gt_translate_keys":[{"key":"rendered","format":"text"}]},"content":{"rendered":"<p>La Fiesta de la Buler\u00eda es una cita obligada para los amantes del flamenco. Una fiesta flamenca en la que el cante y el baile flamenco marcan las se\u00f1as de identidad y cartel de artistas. Los Viernes Flamencos y la Fiesta de la Buler\u00eda se celebran en \u00e9poca estival, convirti\u00e9ndose en una ocasi\u00f3n de encuentro para los que disfrutan del arte flamenco.<\/p>\n<p>El origen de La Fiesta de la Buler\u00eda es homenajear a la buler\u00eda, el palo flamenco m\u00e1s t\u00edpico de Jerez. Una fiesta creada y organizada por Juan de la Plata en 1967 y que se consolida como una de las grandes citas del panorama flamenco nacional e internacional.<\/p>\n<p>\u2192 Fotos de David Lagos, Agujetas Chico y Melchora Ortega: <strong>Esteban Abi\u00f3n<\/strong><\/p>\n<p>&nbsp;<\/p>\n\n<p>&nbsp;<\/p>\n","protected":false,"gt_translate_keys":[{"key":"rendered","format":"html"}]},"excerpt":{"rendered":"<p>Amplio reportaje fotogr\u00e1fico de la primera jornada de la 58 Fiesta de la Buler\u00eda de Jerez.<\/p>\n","protected":false,"gt_translate_keys":[{"key":"rendered","format":"html"}]},"author":5,"featured_media":3304,"comment_status":"open","ping_status":"open","sticky":false,"template":"","format":"standard","meta":{"_acf_changed":false,"pmpro_default_level":"","jnews-multi-image_gallery":[],"jnews_single_post":{"format":"standard","override":[{"template":"2","parallax":"1","fullscreen":"1","layout":"right-sidebar","sidebar":"default-sidebar","second_sidebar":"default-sidebar","sticky_sidebar":"1","share_position":"top","share_float_style":"share-monocrhome","show_share_counter":"1","show_view_counter":"1","show_featured":"1","show_post_meta":"1","show_post_author":"1","show_post_author_image":"1","show_post_date":"1","post_date_format":"default","post_date_format_custom":"Y\/m\/d","show_post_reading_time":"1","post_reading_time_wpm":"250","post_calculate_word_method":"str_word_count","show_zoom_button":"1","zoom_button_out_step":"2","zoom_button_in_step":"3","show_post_tag":"1","show_popup_post":"1","number_popup_post":"1","show_post_related":"1","show_inline_post_related":"1"}],"image_override":[{"single_post_thumbnail_size":"no-crop","single_post_gallery_size":"crop-500"}],"trending_post_position":"meta","trending_post_label":"Trending","sponsored_post_label":"Sponsored by","disable_ad":"0","subtitle":"Amplio reportaje fotogr\u00e1fico de la primera jornada de la 58 Fiesta de la Buler\u00eda de Jerez, celebrada en la Plaza Bel\u00e9n y abierta al p\u00fablico."},"jnews_primary_category":{"id":"4226"},"jnews_override_bookmark_settings":{"override_bookmark_button":"0","override_show_bookmark_button":"0"},"jnews_social_meta":[],"jnews_review":[],"enable_review":"","type":"percentage","name":"","summary":"","brand":"","sku":"","good":[],"bad":[],"score_override":"","override_value":"","rating":[],"price":[],"jnews_override_counter":{"view_counter_number":"0","share_counter_number":"0","like_counter_number":"0","dislike_counter_number":"0"},"footnotes":""},"categories":[37],"tags":[2982,2268,664,60,2983],"class_list":["post-3303","post","type-post","status-publish","format-standard","has-post-thumbnail","hentry","category-actualidad","tag-58-fiesta-de-la-buleria-de-jerez","tag-agujetas-chico","tag-david-lagos","tag-festival-flamenco","tag-melchora-ortega","pmpro-has-access"],"acf":[],"aioseo_notices":[],"gt_translate_keys":[{"key":"link","format":"url"}],"_links":{"self":[{"href":"https:\/\/expoflamenco.com\/revista\/wp-json\/wp\/v2\/posts\/3303","targetHints":{"allow":["GET"]}}],"collection":[{"href":"https:\/\/expoflamenco.com\/revista\/wp-json\/wp\/v2\/posts"}],"about":[{"href":"https:\/\/expoflamenco.com\/revista\/wp-json\/wp\/v2\/types\/post"}],"author":[{"embeddable":true,"href":"https:\/\/expoflamenco.com\/revista\/wp-json\/wp\/v2\/users\/5"}],"replies":[{"embeddable":true,"href":"https:\/\/expoflamenco.com\/revista\/wp-json\/wp\/v2\/comments?post=3303"}],"version-history":[{"count":1,"href":"https:\/\/expoflamenco.com\/revista\/wp-json\/wp\/v2\/posts\/3303\/revisions"}],"predecessor-version":[{"id":3389,"href":"https:\/\/expoflamenco.com\/revista\/wp-json\/wp\/v2\/posts\/3303\/revisions\/3389"}],"wp:featuredmedia":[{"embeddable":true,"href":"https:\/\/expoflamenco.com\/revista\/wp-json\/wp\/v2\/media\/3304"}],"wp:attachment":[{"href":"https:\/\/expoflamenco.com\/revista\/wp-json\/wp\/v2\/media?parent=3303"}],"wp:term":[{"taxonomy":"category","embeddable":true,"href":"https:\/\/expoflamenco.com\/revista\/wp-json\/wp\/v2\/categories?post=3303"},{"taxonomy":"post_tag","embeddable":true,"href":"https:\/\/expoflamenco.com\/revista\/wp-json\/wp\/v2\/tags?post=3303"}],"curies":[{"name":"wp","href":"https:\/\/api.w.org\/{rel}","templated":true}]}}