{"id":316,"date":"2024-01-17T19:39:10","date_gmt":"2024-01-17T18:39:10","guid":{"rendered":"https:\/\/expoflamenco.com\/revistanew\/2024\/01\/17\/paula-comitre-un-recital-extremo\/"},"modified":"2024-01-17T19:39:10","modified_gmt":"2024-01-17T18:39:10","slug":"paula-comitre-un-recital-extremo","status":"publish","type":"post","link":"https:\/\/expoflamenco.com\/revista\/paula-comitre-un-recital-extremo\/","title":{"rendered":"Paula Comitre, un recital extremo","gt_translate_keys":[{"key":"rendered","format":"text"}]},"content":{"rendered":"<p>La sala Odeon de N\u00eemes tiene un aroma de cine o teatro antiguo muy sugerente. Est\u00e1 todo tan recogido, y el escenario tan cerca, que el espectador casi siente que no hay distinci\u00f3n con el patio de butacas, y que puede rozar a los artistas solo alargando la mano. Todav\u00eda estaba entrando el respetable y ocupando sus localidades cuando ya <strong>Orlando Bass<\/strong> se encontraba sentado al piano, en penumbra, dando impresi\u00f3n de m\u00e1xima concentraci\u00f3n. No era para menos: por delante ten\u00eda una hora larga de recital extremo \u2013no se me ocurre un adjetivo m\u00e1s adecuado\u2013 compartiendo tablas con un animal esc\u00e9nico procedente de tierras del Guadalquivir llamado <strong>Paula Comitre<\/strong>.&nbsp; &nbsp;&nbsp;<\/p>\n<p>&nbsp;<\/p>\n<p>La crisis econ\u00f3mica primero y la pandemia despu\u00e9s han impuesto una tendencia a los formatos austeros: si tu propuesta cabe en una maleta, bien. Si en lugar de ocho m\u00fasicos te apa\u00f1as con uno, tanto mejor. Pero eso no supone necesariamente una facilidad para los creadores. Por el contrario, les obliga a exprimir al m\u00e1ximo esos pocos recursos, a apostar por relatos m\u00e1s interesantes y, en definitiva, a sacar lo mejor de cada uno. <strong><em>Apr\u00e8s vous, madame <\/em><\/strong>parece responder a esa exigencia.<\/p>\n<p>&nbsp;<\/p>\n<p>El pretexto argumental no es otro que el de recordar a <strong>Antonia Merc\u00e9 <em>la Argentina<\/em><\/strong>, y el momento en que se instal\u00f3 en Par\u00eds, entonces la capital del mundo. Un foco revela la espalda de la bailaora sevillana, los brazos empiezan a moverse al comp\u00e1s de las teclas de Bass, que durante todo el montaje van a estar explorando sonoridades diferentes por medio de un juego de imanes y adhesivos en las cuerdas del piano. Por ejemplo, la vibraci\u00f3n de la casta\u00f1uela, invisible en la mano de Comitre.<\/p>\n<p>&nbsp;<\/p>\n<p>&nbsp;<\/p>\n<blockquote><p><em>\u00abComitre va desarrollando un discurso danc\u00edstico sencillamente arrebatador: descalza o con tacones, espl\u00e9ndida de pies como de brazos, mantiene un di\u00e1logo fren\u00e9tico con el piano de Orlando Bass con momentos de velocidad casi mareante, pero tambi\u00e9n con sus pasajes sosegados\u00bb<\/em><\/p><\/blockquote>\n<p>&nbsp;<\/p>\n<p>&nbsp;<\/p>\n<figure id=\"attachment_47195\" aria-describedby=\"caption-attachment-47195\" style=\"width: 1300px\" class=\"wp-caption aligncenter\"><a href=\"https:\/\/expoflamenco.com\/prensa\/wp-content\/uploads\/sites\/17\/2024\/01\/expoflamenco-paula-comitre-4-apres-vous-madame-festival-de-nimes-ene24-foto-festival-nimes-20240417-232123.jpg\"><img fetchpriority=\"high\" decoding=\"async\" class=\"wp-image-47195 size-full\" src=\"https:\/\/expoflamenco.com\/prensa\/wp-content\/uploads\/sites\/17\/2024\/01\/expoflamenco-paula-comitre-4-apres-vous-madame-festival-de-nimes-ene24-foto-festival-nimes-20240417-232123.jpg\" alt=\"Paula Comitre. 'Apres vous, madame'. Festival de N\u00eemes 2024. Salle de l\u2019Odeon. Foto: Festival de N\u00eemes \" width=\"1300\" height=\"800\"><\/a><figcaption id=\"caption-attachment-47195\" class=\"wp-caption-text\">Paula Comitre. &#8216;Apres vous, madame&#8217;. Festival de N\u00eemes 2024. Salle de l\u2019Odeon. Foto: Festival de N\u00eemes<\/figcaption><\/figure>\n<p>&nbsp;<\/p>\n<p>&nbsp;<\/p>\n<p>Conforme la luz va ampli\u00e1ndose, vemos una superficie vertical de color rojo sangre, de textura y brillos viscosos, que asemeja a una fibra sanguinolenta, acaso una v\u00edscera. Una parte de ella se desprende a modo de bata de cola, que va a rodear la cintura de Paula Comitre durante todo el espect\u00e1culo. El artefacto, adem\u00e1s, tiene la capacidad de ser hinchado y deshinchado a trav\u00e9s de un mecanismo manejado por la bailaora, lo que le permite jugar con los vol\u00famenes a los ojos del espectador.<\/p>\n<p>&nbsp;<\/p>\n<p>Con este dise\u00f1o de la artista onubense <strong>Mar\u00eda Alcaide<\/strong>, inspirada en <strong>Gustavo Bacarisas<\/strong> y otros artistas coet\u00e1neos a <em>La Argentina<\/em>, Comitre va desarrollando un discurso danc\u00edstico sencillamente arrebatador: descalza o con tacones, espl\u00e9ndida de pies como de brazos, mantiene un di\u00e1logo fren\u00e9tico con el piano de Orlando Bass con momentos de velocidad casi mareante, pero tambi\u00e9n con sus pasajes sosegados. Esos contrastes marcan tambi\u00e9n la presencia esc\u00e9nica de Comitre, que a veces parece sentir cierta atracci\u00f3n por las atm\u00f3sferas oscuras, dram\u00e1ticas y hasta un poco depresivas, pero tambi\u00e9n es capaz de llenar de luz el espacio con su versi\u00f3n m\u00e1s c\u00e1lida y amable.<\/p>\n<p>&nbsp;<\/p>\n<p>En cuanto al pianista franc\u00e9s de origen brit\u00e1nico, es igualmente capaz de pasar a esas sonoridades dis\u00edmiles, m\u00e1s afines a la m\u00fasica contempor\u00e1nea que al flamenco, que desplegar composiciones con aire de \u00e9poca. Buena parte del asombro de la propuesta se conf\u00eda al tempo endiablado y la perfecta coordinaci\u00f3n de los protagonistas, pero lo cierto es que entre baile, m\u00fasica y vestuario se las apa\u00f1an para llenar el escenario y crear momentos de notabil\u00edsima fuerza y belleza. Incluso vemos, al t\u00e9rmino del montaje, a una Paula Comitre atrevi\u00e9ndose a cantar por farruca, nada mal, por cierto, y m\u00e1s considerando que lo hace desvanecida en el suelo y boca arriba.<\/p>\n<p>&nbsp;<\/p>\n<p>Respecto a la carga flamenca del espect\u00e1culo, no se puede esperar otra cosa de una de nuestras bailaores j\u00f3venes m\u00e1s consolidadas, que saca a relucir todo su cat\u00e1logo jondo sin dejar de jugarse el f\u00edsico ante el riesgo de pisar esa bata de cola que parece tener vida propia. Un montaje, en fin, que puede enganchar menos a los al\u00e9rgicos a los vanguardismos dentro del flamenco, pero cuyo atrevimiento, originalidad e impecable factura interesar\u00e1 a cualquier amante del arte.&nbsp;&nbsp; &nbsp;&nbsp;&nbsp;&nbsp;&nbsp;&nbsp;&nbsp;&nbsp;&nbsp;<\/p>\n<p>&nbsp;<\/p>\n<p>&nbsp;<\/p>\n<p><strong>Ficha art\u00edstica<\/strong><\/p>\n<p>Festival de N\u00eemes 2024<br \/>\nSalle de l\u2019Odeon<br \/>\n16 de enero de 2024<br \/>\nBaile: Paula Comitre<br \/>\nPiano: Orlando Bass<\/p>\n<p>&nbsp;<\/p>\n<p>&nbsp;<\/p>\n<figure id=\"attachment_47197\" aria-describedby=\"caption-attachment-47197\" style=\"width: 929px\" class=\"wp-caption aligncenter\"><a href=\"https:\/\/expoflamenco.com\/prensa\/wp-content\/uploads\/sites\/17\/2024\/01\/expoflamenco-paula-comitre-5-apres-vous-madame-festival-de-nimes-ene24-foto-festival-nimes-20240417-232124.jpg\"><img decoding=\"async\" class=\"size-full wp-image-47197\" src=\"https:\/\/expoflamenco.com\/prensa\/wp-content\/uploads\/sites\/17\/2024\/01\/expoflamenco-paula-comitre-5-apres-vous-madame-festival-de-nimes-ene24-foto-festival-nimes-20240417-232124.jpg\" alt=\"\" width=\"929\" height=\"1300\"><\/a><figcaption id=\"caption-attachment-47197\" class=\"wp-caption-text\">Paula Comitre. &#8216;Apres vous, madame&#8217;. Festival de N\u00eemes 2024. Salle de l\u2019Odeon. Foto: Festival de N\u00eemes<\/figcaption><\/figure>\n<p>&nbsp;<\/p>\n<figure id=\"attachment_47193\" aria-describedby=\"caption-attachment-47193\" style=\"width: 1300px\" class=\"wp-caption aligncenter\"><a href=\"https:\/\/expoflamenco.com\/prensa\/wp-content\/uploads\/sites\/17\/2024\/01\/expoflamenco-paula-comitre-3-apres-vous-madame-festival-de-nimes-ene24-foto-festival-nimes-20240417-232121.jpg\"><img decoding=\"async\" class=\"size-full wp-image-47193\" src=\"https:\/\/expoflamenco.com\/prensa\/wp-content\/uploads\/sites\/17\/2024\/01\/expoflamenco-paula-comitre-3-apres-vous-madame-festival-de-nimes-ene24-foto-festival-nimes-20240417-232121.jpg\" alt=\"\" width=\"1300\" height=\"800\"><\/a><figcaption id=\"caption-attachment-47193\" class=\"wp-caption-text\">Paula Comitre y Orlando Bass. &#8216;Apres vous, madame&#8217;. Festival de N\u00eemes 2024. Salle de l\u2019Odeon. Foto: Festival de N\u00eemes<\/figcaption><\/figure>\n<p>&nbsp;<\/p>\n<figure id=\"attachment_47191\" aria-describedby=\"caption-attachment-47191\" style=\"width: 1300px\" class=\"wp-caption aligncenter\"><a href=\"https:\/\/expoflamenco.com\/prensa\/wp-content\/uploads\/sites\/17\/2024\/01\/expoflamenco-paula-comitre-2-apres-vous-madame-festival-de-nimes-ene24-foto-festival-nimes-20240417-232119.jpg\"><img loading=\"lazy\" decoding=\"async\" class=\"size-full wp-image-47191\" src=\"https:\/\/expoflamenco.com\/prensa\/wp-content\/uploads\/sites\/17\/2024\/01\/expoflamenco-paula-comitre-2-apres-vous-madame-festival-de-nimes-ene24-foto-festival-nimes-20240417-232119.jpg\" alt=\"\" width=\"1300\" height=\"800\"><\/a><figcaption id=\"caption-attachment-47191\" class=\"wp-caption-text\">Paula Comitre. &#8216;Apres vous, madame&#8217;. Festival de N\u00eemes 2024. Salle de l\u2019Odeon. Foto: Festival de N\u00eemes<\/figcaption><\/figure>\n<p>&nbsp;<\/p>\n","protected":false,"gt_translate_keys":[{"key":"rendered","format":"html"}]},"excerpt":{"rendered":"<p>La bailaora sevillana Paula Comitre deslumbra en el Festival de N\u00eemes con su espect\u00e1culo \u2018Apr\u00e8s vous, madame\u2019, acompa\u00f1ada por el piano de Orlando Bass. Un homenaje a Antonia Merc\u00e9 \u2018la Argentina\u2019, con pocos recursos pero espl\u00e9ndidamente aprovechados.<\/p>\n","protected":false,"gt_translate_keys":[{"key":"rendered","format":"html"}]},"author":13,"featured_media":317,"comment_status":"open","ping_status":"open","sticky":false,"template":"","format":"standard","meta":{"_acf_changed":false,"pmpro_default_level":"","jnews-multi-image_gallery":[],"jnews_single_post":[],"jnews_primary_category":[],"jnews_override_bookmark_settings":[],"jnews_social_meta":[],"jnews_review":[],"enable_review":"","type":"","name":"","summary":"","brand":"","sku":"","good":[],"bad":[],"score_override":"","override_value":"","rating":[],"price":[],"jnews_override_counter":[],"footnotes":""},"categories":[46],"tags":[254,59,195,255,251],"class_list":["post-316","post","type-post","status-publish","format-standard","has-post-thumbnail","hentry","category-cronicas","tag-apres-vous-madame","tag-festival-de-nimes","tag-flamenco","tag-orlando-bass","tag-paula-comitre","pmpro-has-access"],"acf":[],"aioseo_notices":[],"gt_translate_keys":[{"key":"link","format":"url"}],"_links":{"self":[{"href":"https:\/\/expoflamenco.com\/revista\/wp-json\/wp\/v2\/posts\/316","targetHints":{"allow":["GET"]}}],"collection":[{"href":"https:\/\/expoflamenco.com\/revista\/wp-json\/wp\/v2\/posts"}],"about":[{"href":"https:\/\/expoflamenco.com\/revista\/wp-json\/wp\/v2\/types\/post"}],"author":[{"embeddable":true,"href":"https:\/\/expoflamenco.com\/revista\/wp-json\/wp\/v2\/users\/13"}],"replies":[{"embeddable":true,"href":"https:\/\/expoflamenco.com\/revista\/wp-json\/wp\/v2\/comments?post=316"}],"version-history":[{"count":0,"href":"https:\/\/expoflamenco.com\/revista\/wp-json\/wp\/v2\/posts\/316\/revisions"}],"wp:featuredmedia":[{"embeddable":true,"href":"https:\/\/expoflamenco.com\/revista\/wp-json\/wp\/v2\/media\/317"}],"wp:attachment":[{"href":"https:\/\/expoflamenco.com\/revista\/wp-json\/wp\/v2\/media?parent=316"}],"wp:term":[{"taxonomy":"category","embeddable":true,"href":"https:\/\/expoflamenco.com\/revista\/wp-json\/wp\/v2\/categories?post=316"},{"taxonomy":"post_tag","embeddable":true,"href":"https:\/\/expoflamenco.com\/revista\/wp-json\/wp\/v2\/tags?post=316"}],"curies":[{"name":"wp","href":"https:\/\/api.w.org\/{rel}","templated":true}]}}