{"id":3140,"date":"2025-07-02T19:24:50","date_gmt":"2025-07-02T17:24:50","guid":{"rendered":"https:\/\/expoflamenco.com\/revistanew\/lorca-y-granada-en-los-jardines-del-generalife-vende-mas-de-la-mitad-de-las-entradas\/"},"modified":"2025-07-02T19:24:50","modified_gmt":"2025-07-02T17:24:50","slug":"lorca-y-granada-en-los-jardines-del-generalife-vende-mas-de-la-mitad-de-las-entradas","status":"publish","type":"post","link":"https:\/\/expoflamenco.com\/revista\/lorca-y-granada-en-los-jardines-del-generalife-vende-mas-de-la-mitad-de-las-entradas\/","title":{"rendered":"Lorca y Granada en los Jardines del Generalife vende m\u00e1s de la mitad de las entradas","gt_translate_keys":[{"key":"rendered","format":"text"}]},"content":{"rendered":"<p>El ciclo <strong>Lorca y Granada en los Jardines del Generalife<\/strong>, de la Consejer\u00eda de Cultura y Deporte y gestionado a trav\u00e9s de la Agencia Andaluza de Instituciones Culturales, ha vendido m\u00e1s de 15.700 localidades, la mitad de las entradas, un mes antes de que empiece. El programa, que celebra su 24\u00aa edici\u00f3n, ha puesto a disposici\u00f3n 27.900 entradas para 18 funciones.<\/p>\n<p>El core\u00f3grafo y bailaor granadino <strong>Manuel Li\u00f1\u00e1n<\/strong>, Premio Nacional de Danza, pondr\u00e1 en escena su particular versi\u00f3n flamenca del simbolismo lorquiano con su obra <strong><em>Ll\u00e1mame Lorca<\/em><\/strong> entre los d\u00edas 1 al 16 de agosto. Por su parte, ser\u00e1 otro Premio Nacional, esta vez de M\u00fasica, <strong>Miguel Poveda<\/strong>, quien lleve al escenario de la Alhambra, entre el 21 al 23 de agosto, por la senda marcada por el escritor granadino con su espect\u00e1culo <em>Hab\u00eda mil Federicos<\/em>.<\/p>\n<p>&nbsp;<\/p>\n<blockquote><p><em>\u00abEl core\u00f3grafo y bailaor granadino Manuel Li\u00f1\u00e1n, Premio Nacional de Danza, pondr\u00e1 en escena su particular versi\u00f3n flamenca del simbolismo lorquiano con su obra &#8216;Ll\u00e1mame Lorca&#8217; entre los d\u00edas 1 al 16 de agosto\u00bb<\/em><\/p><\/blockquote>\n<p>&nbsp;<\/p>\n<p>Para celebrar el 600 aniversario de la llegada del pueblo gitano a Espa\u00f1a, el 28 de agosto se subir\u00e1n a las tablas del Generalife las cantaoras <strong>Aurora Vargas, Lole Montoya<\/strong> y <strong>Lela Soto<\/strong> en la propuesta <em>Cantaoras<\/em>. Al d\u00eda siguiente, la cita estar\u00e1 protagonizada por <strong>El Pele, Farruquito<\/strong> y <strong>Diego del Morao<\/strong>, con el espect\u00e1culo <em>Romancero<\/em>, que a\u00fana las esencias de C\u00f3rdoba, Sevilla y Jerez a trav\u00e9s del cante, del baile y del toque. Como broche de oro, el cantaor jerezano <strong>Jos\u00e9 Merc\u00e9<\/strong> cerrar\u00e1 el ciclo el d\u00eda 30 de agosto con un recital en el que va a homenajear a su paisano el compositor <strong>Manuel Alejandro<\/strong>, versionando algunas de sus canciones m\u00e1s emblem\u00e1ticas.<\/p>\n<p>M\u00e1s de la mitad de las localidades puestas a la venta se han vendido desde que salieron el 27 de mayo. De este n\u00famero unas 10.543 corresponden a grupos organizados desde diversas entidades procedentes principalmente desde las provincias de Granada, M\u00e1laga, Ja\u00e9n y Almer\u00eda e incluso desde Sevilla y Murcia. El resto, 5.207, se han adquirido en venta anticipada que estar\u00e1 a disposici\u00f3n del p\u00fablico hasta el d\u00eda antes de cada espect\u00e1culo.<\/p>\n<p>Las entradas para todos los espect\u00e1culos est\u00e1n disponibles en la p\u00e1gina web <u><a href=\"https:\/\/www.juntadeandalucia.es\/cultura\/lorcaygranada\/\">https:\/\/www.juntadeandalucia.es\/cultura\/lorcaygranada\/<\/a><\/u> y a trav\u00e9s del tel\u00e9fono 662 862 145. A partir del 15 de julio se podr\u00e1n adquirir en la taquilla f\u00edsica del Corral del Carb\u00f3n y, desde el 1 de agosto, en el Pabell\u00f3n de Taquillas del Generalife.<\/p>\n<p>&nbsp;<\/p>\n","protected":false,"gt_translate_keys":[{"key":"rendered","format":"html"}]},"excerpt":{"rendered":"<p>El programa de la Consejer\u00eda de Cultura da comienzo el 1 de agosto con el estreno de \u2018Ll\u00e1mame Lorca\u2019, de Manuel Li\u00f1\u00e1n.<\/p>\n","protected":false,"gt_translate_keys":[{"key":"rendered","format":"html"}]},"author":5,"featured_media":3141,"comment_status":"open","ping_status":"open","sticky":false,"template":"","format":"standard","meta":{"_acf_changed":false,"pmpro_default_level":"","jnews-multi-image_gallery":[],"jnews_single_post":{"format":"standard","override":[{"template":"2","parallax":"1","fullscreen":"1","layout":"right-sidebar","sidebar":"default-sidebar","second_sidebar":"default-sidebar","sticky_sidebar":"1","share_position":"top","share_float_style":"share-monocrhome","show_share_counter":"1","show_view_counter":"1","show_featured":"1","show_post_meta":"1","show_post_author":"1","show_post_author_image":"1","show_post_date":"1","post_date_format":"default","post_date_format_custom":"Y\/m\/d","show_post_reading_time":"1","post_reading_time_wpm":"250","post_calculate_word_method":"str_word_count","show_zoom_button":"1","zoom_button_out_step":"2","zoom_button_in_step":"3","show_post_tag":"1","show_popup_post":"1","number_popup_post":"1","show_author_box":"1","show_post_related":"1","show_inline_post_related":"1"}],"image_override":[{"single_post_thumbnail_size":"no-crop","single_post_gallery_size":"crop-500"}],"trending_post_position":"meta","trending_post_label":"Trending","sponsored_post_label":"Sponsored by","disable_ad":"0","subtitle":"El programa de la Consejer\u00eda de Cultura da comienzo el 1 de agosto con el estreno de \u2018Ll\u00e1mame Lorca\u2019, de Manuel Li\u00f1\u00e1n."},"jnews_primary_category":[],"jnews_override_bookmark_settings":{"override_bookmark_button":"0","override_show_bookmark_button":"0"},"jnews_social_meta":[],"jnews_review":[],"enable_review":"","type":"percentage","name":"","summary":"","brand":"","sku":"","good":[],"bad":[],"score_override":"","override_value":"","rating":[],"price":[],"jnews_override_counter":{"view_counter_number":"0","share_counter_number":"0","like_counter_number":"0","dislike_counter_number":"0"},"footnotes":""},"categories":[37,38],"tags":[84,1393,982,355],"class_list":["post-3140","post","type-post","status-publish","format-standard","has-post-thumbnail","hentry","category-actualidad","category-en-portada","tag-bailaor-flamenco","tag-granada","tag-lorca-y-granada-en-los-jardines-del-generalife","tag-manuel-linan","pmpro-has-access"],"acf":[],"aioseo_notices":[],"gt_translate_keys":[{"key":"link","format":"url"}],"_links":{"self":[{"href":"https:\/\/expoflamenco.com\/revista\/wp-json\/wp\/v2\/posts\/3140","targetHints":{"allow":["GET"]}}],"collection":[{"href":"https:\/\/expoflamenco.com\/revista\/wp-json\/wp\/v2\/posts"}],"about":[{"href":"https:\/\/expoflamenco.com\/revista\/wp-json\/wp\/v2\/types\/post"}],"author":[{"embeddable":true,"href":"https:\/\/expoflamenco.com\/revista\/wp-json\/wp\/v2\/users\/5"}],"replies":[{"embeddable":true,"href":"https:\/\/expoflamenco.com\/revista\/wp-json\/wp\/v2\/comments?post=3140"}],"version-history":[{"count":0,"href":"https:\/\/expoflamenco.com\/revista\/wp-json\/wp\/v2\/posts\/3140\/revisions"}],"wp:featuredmedia":[{"embeddable":true,"href":"https:\/\/expoflamenco.com\/revista\/wp-json\/wp\/v2\/media\/3141"}],"wp:attachment":[{"href":"https:\/\/expoflamenco.com\/revista\/wp-json\/wp\/v2\/media?parent=3140"}],"wp:term":[{"taxonomy":"category","embeddable":true,"href":"https:\/\/expoflamenco.com\/revista\/wp-json\/wp\/v2\/categories?post=3140"},{"taxonomy":"post_tag","embeddable":true,"href":"https:\/\/expoflamenco.com\/revista\/wp-json\/wp\/v2\/tags?post=3140"}],"curies":[{"name":"wp","href":"https:\/\/api.w.org\/{rel}","templated":true}]}}