{"id":3080,"date":"2025-07-18T09:05:08","date_gmt":"2025-07-18T07:05:08","guid":{"rendered":"https:\/\/expoflamenco.com\/revistanew\/pepe-de-lucia-recibira-el-castillete-de-oro-del-cante-de-las-minas\/"},"modified":"2025-07-18T09:05:08","modified_gmt":"2025-07-18T07:05:08","slug":"pepe-de-lucia-recibira-el-castillete-de-oro-del-cante-de-las-minas","status":"publish","type":"post","link":"https:\/\/expoflamenco.com\/revista\/pepe-de-lucia-recibira-el-castillete-de-oro-del-cante-de-las-minas\/","title":{"rendered":"Pepe de Luc\u00eda recibir\u00e1 el Castillete de Oro del Cante  de las Minas","gt_translate_keys":[{"key":"rendered","format":"text"}]},"content":{"rendered":"<p>El apellido art\u00edstico <strong>De Luc\u00eda<\/strong> es sin\u00f3nimo de flamenco. En Algeciras, dos hermanos, \u2018Pepito y Paquito\u2019, crecieron teniendo la voz y la guitarra, respectivamente, como acompa\u00f1antes de una vida que les llevar\u00eda a ser aut\u00e9nticos referentes de este g\u00e9nero. Justo estos apelativos de la infancia titulan el \u00faltimo disco de <strong>Jos\u00e9 S\u00e1nchez G\u00f3mez<\/strong>, conocido como <strong>Pepe de Luc\u00eda<\/strong>, en el que ha recuperado grabaciones in\u00e9ditas de cuando ten\u00edan 11 y 13 a\u00f1os. 21 temas de la d\u00e9cada de 1950 que estaban perdidos en una antigua caja de membrillo y que recogen buler\u00edas, sole\u00e1s, fandangos y seguiriyas.<\/p>\n<p>Aunque es el \u00faltimo lanzamiento del artista flamenco, su trayectoria ha ido de la mano de los m\u00e1s grandes, como <strong>Jos\u00e9 Greco<\/strong>. Ha escrito canciones para <strong>Remedios Amaya, Alejandro Sanz<\/strong> y <strong>Camar\u00f3n de la Isla<\/strong>, y ha trabajado en los escenarios en varios montajes de las distintas compa\u00f1\u00edas de <strong>Antonio Gades<\/strong>. Todo esto le ha llevado a que la <a href=\"https:\/\/fundacioncantedelasminas.org\/\" target=\"_blank\" rel=\"noopener\">Fundaci\u00f3n Cante de las Minas<\/a> haya querido reconocerle con su m\u00e1xima distinci\u00f3n institucional, <strong>el Castillete de Oro<\/strong>, que sumar\u00e1 a destacados premios como los Grammy Latino que gan\u00f3 a Mejor \u00c1lbum de Flamenco por <em>El coraz\u00f3n de mi gente<\/em> y <em>Un nuevo universo<\/em>, adem\u00e1s de un tercero compartido con los artistas que participaron el homenaje a Paco de Luc\u00eda <em>Entre 20 aguas,<\/em> o el premio a Mejor \u00c1lbum de Flamenco el pasado a\u00f1o de la Academia de la M\u00fasica de Espa\u00f1a por el \u00e1lbum <em>Pepito y Paquito<\/em>, \u00e1lbum que tambi\u00e9n estuvo nominado este a\u00f1o a los Grammy. \u201cTengo un espacio lleno de trofeos, y este va a estar entre los grandes\u201d, afirma el cantaor.<\/p>\n<p>Comparte su felicidad de que el galard\u00f3n surja en este momento, en un a\u00f1o en el que Sara Baras protagoniza una de las galas, porque para \u00e9l es \u201ccomo una hermana\u201d, dice, a la vez que halaga el \u201ccartel \u00fanico de Antonio L\u00f3pez\u201d de esta edici\u00f3n, y recuerda cuando su hermano hizo historia en La Uni\u00f3n cuando Antonio Mairena pronunci\u00f3 esa frase de \u201caqu\u00ed se encuentra, entre nosotros, el mejor guitarrista del mundo\u201d. \u201cEstuve con Camar\u00f3n y Potito acompa\u00f1\u00e1ndoles en el cuadro flamenco\u201d, recuerda de su paso por el Festival junto a uno de los artistas a los que m\u00e1s le ha escrito canciones, y ante \u201cun p\u00fablico que conoce muy bien el cante\u201d. \u00c9l tambi\u00e9n ha conocido todos los cantes desde peque\u00f1o, cuando al llegar con su padre y su hermano a Madrid quer\u00edan trabajar y vivir de la m\u00fasica. Tiene grabado en su mente cuando le abrieron las puertas del Restaurante F\u00e9lix, al lado de Gran V\u00eda, para poder actuar juntos, consiguiendo las propinas de los comensales. Una de ellas fue la actriz y cantante Nati Mistral. \u201cNos regal\u00f3 6.000 pesetas y nos dio para pagar lo que deb\u00edamos en un restaurante de la calle Echegaray\u201d, recuerda.<\/p>\n<p>&nbsp;<\/p>\n<blockquote><p><em>\u00abPara el Cante de las Minas es un honor recibir a Pepe de Luc\u00eda y reconocerle todo lo que ha aportado al flamenco, con el deseo de que este galard\u00f3n le siga inspirando a crear m\u00fasica ya que nuestro festival sigue formando parte de sus recuerdos\u00bb (Joaqu\u00edn Zapata)<\/em><\/p><\/blockquote>\n<p>&nbsp;<\/p>\n<h2><strong>\u201cLos cantaores nacen, no se hacen\u201d<\/strong><\/h2>\n<p>Pepe de Luc\u00eda sigue en pleno rendimiento a la hora de componer. Empieza a las 5 de la ma\u00f1ana, cuando \u201cla mente est\u00e1 m\u00e1s l\u00facida\u201d, aunque las letras le brotan en cualquier momento, ante cualquier inspiraci\u00f3n. \u201cHasta que me muera estoy pensando en seguir editando m\u00fasica y no parar, es como algo que llevo grabado, para que lo que yo haga pueda servirle a alguien\u201d, afirma. Entre sus trabajos, fue el productor del primer disco de <strong>Manuel Cuevas<\/strong> tras ganar la L\u00e1mpara Minera.<\/p>\n<p>Ha trabajado con muchos artistas del flamenco y tiene claro que \u201clos cantaores nacen, no se hacen, porque se lleva dentro\u201d, porque \u201ctraspasar hasta la l\u00e1grima solo es posible cuando sale del alma\u201d. \u201cUno de esos cantaores que hace que te salten las l\u00e1grimas es Camar\u00f3n. Cuando \u00e9l muri\u00f3 y lleg\u00f3 a San Fernando, todo el s\u00e9quito de gitanos, miles, iba haci\u00e9ndole un cerco con la mano. A Paco y a Tomatito les daba miedo entrar ah\u00ed, y yo abr\u00ed el cerco y cogimos el f\u00e9retro de Camar\u00f3n y lo subimos a la c\u00e1mara mortuoria del Ayuntamiento. Cuando todo el mundo se fue, me volv\u00ed solo al cementerio y habl\u00e9 con \u00e9l, porque ten\u00edamos mucho v\u00ednculo\u201d, cuenta con la emoci\u00f3n de quien ha compartido algunos de sus mejores recuerdos con \u00e9l.<\/p>\n<p>El mes de agosto estar\u00e1 recogiendo su Castillete de Oro en La Uni\u00f3n, dentro de la <strong>Agenda Cultural del Cante de las Minas<\/strong>, donde compartir\u00e1 algunas de estas an\u00e9cdotas de toda una vida de flamenco. \u201cPara el Cante de las Minas es un honor recibir a Pepe de Luc\u00eda y reconocerle todo lo que ha aportado al flamenco, con el deseo de que este galard\u00f3n le siga inspirando a crear m\u00fasica ya que nuestro festival sigue formando parte de sus recuerdos\u201d, afirma el presidente de la Fundaci\u00f3n Cante de las Minas, <strong>Joaqu\u00edn Zapata<\/strong>.<\/p>\n<p>&nbsp;<\/p>\n","protected":false,"gt_translate_keys":[{"key":"rendered","format":"html"}]},"excerpt":{"rendered":"<p>El cantaor y productor de flamenco, hermano del guitarrista Paco de Luc\u00eda, acompa\u00f1\u00f3 a Camar\u00f3n en su paso por el Festival y ha producido discos de algunos de los ganadores de la L\u00e1mpara Minera.<\/p>\n","protected":false,"gt_translate_keys":[{"key":"rendered","format":"html"}]},"author":5,"featured_media":3081,"comment_status":"open","ping_status":"open","sticky":false,"template":"","format":"standard","meta":{"_acf_changed":false,"pmpro_default_level":"","jnews-multi-image_gallery":[],"jnews_single_post":{"format":"standard","override":[{"template":"2","parallax":"1","fullscreen":"1","layout":"right-sidebar","sidebar":"default-sidebar","second_sidebar":"default-sidebar","sticky_sidebar":"1","share_position":"top","share_float_style":"share-monocrhome","show_share_counter":"1","show_view_counter":"1","show_featured":"1","show_post_meta":"1","show_post_author":"1","show_post_author_image":"1","show_post_date":"1","post_date_format":"default","post_date_format_custom":"Y\/m\/d","show_post_reading_time":"1","post_reading_time_wpm":"250","post_calculate_word_method":"str_word_count","show_zoom_button":"1","zoom_button_out_step":"2","zoom_button_in_step":"3","show_post_tag":"1","show_popup_post":"1","number_popup_post":"1","show_author_box":"1","show_post_related":"1","show_inline_post_related":"1"}],"image_override":[{"single_post_thumbnail_size":"no-crop","single_post_gallery_size":"crop-500"}],"trending_post_position":"meta","trending_post_label":"Trending","sponsored_post_label":"Sponsored by","disable_ad":"0","subtitle":"El cantaor y productor de flamenco, hermano del guitarrista Paco de Luc\u00eda, acompa\u00f1\u00f3 a Camar\u00f3n en su paso por el Festival y ha producido discos de algunos de los ganadores de la L\u00e1mpara Minera."},"jnews_primary_category":{"id":"4226"},"jnews_override_bookmark_settings":{"override_bookmark_button":"0","override_show_bookmark_button":"0"},"jnews_social_meta":[],"jnews_review":[],"enable_review":"","type":"percentage","name":"","summary":"","brand":"","sku":"","good":[],"bad":[],"score_override":"","override_value":"","rating":[],"price":[],"jnews_override_counter":{"view_counter_number":"0","share_counter_number":"0","like_counter_number":"0","dislike_counter_number":"0"},"footnotes":""},"categories":[37,38],"tags":[193,54,2794,2795,2796],"class_list":["post-3080","post","type-post","status-publish","format-standard","has-post-thumbnail","hentry","category-actualidad","category-en-portada","tag-festival-internacional-del-cante-de-las-minas","tag-cantaor-flamenco","tag-castillete-de-oro","tag-jose-sanchez-gomez","tag-pepe-de-lucia","pmpro-has-access"],"acf":[],"aioseo_notices":[],"gt_translate_keys":[{"key":"link","format":"url"}],"_links":{"self":[{"href":"https:\/\/expoflamenco.com\/revista\/wp-json\/wp\/v2\/posts\/3080","targetHints":{"allow":["GET"]}}],"collection":[{"href":"https:\/\/expoflamenco.com\/revista\/wp-json\/wp\/v2\/posts"}],"about":[{"href":"https:\/\/expoflamenco.com\/revista\/wp-json\/wp\/v2\/types\/post"}],"author":[{"embeddable":true,"href":"https:\/\/expoflamenco.com\/revista\/wp-json\/wp\/v2\/users\/5"}],"replies":[{"embeddable":true,"href":"https:\/\/expoflamenco.com\/revista\/wp-json\/wp\/v2\/comments?post=3080"}],"version-history":[{"count":0,"href":"https:\/\/expoflamenco.com\/revista\/wp-json\/wp\/v2\/posts\/3080\/revisions"}],"wp:featuredmedia":[{"embeddable":true,"href":"https:\/\/expoflamenco.com\/revista\/wp-json\/wp\/v2\/media\/3081"}],"wp:attachment":[{"href":"https:\/\/expoflamenco.com\/revista\/wp-json\/wp\/v2\/media?parent=3080"}],"wp:term":[{"taxonomy":"category","embeddable":true,"href":"https:\/\/expoflamenco.com\/revista\/wp-json\/wp\/v2\/categories?post=3080"},{"taxonomy":"post_tag","embeddable":true,"href":"https:\/\/expoflamenco.com\/revista\/wp-json\/wp\/v2\/tags?post=3080"}],"curies":[{"name":"wp","href":"https:\/\/api.w.org\/{rel}","templated":true}]}}