{"id":3044,"date":"2025-06-10T13:35:03","date_gmt":"2025-06-10T11:35:03","guid":{"rendered":"https:\/\/expoflamenco.com\/revistanew\/tocar-flamenco-con-pua-y-convencer\/"},"modified":"2025-06-10T13:35:03","modified_gmt":"2025-06-10T11:35:03","slug":"tocar-flamenco-con-pua-y-convencer","status":"publish","type":"post","link":"https:\/\/expoflamenco.com\/revista\/tocar-flamenco-con-pua-y-convencer\/","title":{"rendered":"\u00bfTocar flamenco con p\u00faa y convencer?","gt_translate_keys":[{"key":"rendered","format":"text"}]},"content":{"rendered":"<p class=\"p1\">Hay en nuestro \u00e1mbito o mundo flamenco, y en otros, personas que tienen un gran valor como investigadores o divulgadores del arte flamenco, e incluso son ellos mismos artistas, sin recibir, creemos, el reconocimiento merecido. Uno de ellos es, sin duda, <b>Jos\u00e9 Esteban Rodr\u00edguez Cosano<\/b>, hermanos de otro grande en este sentido, pero s\u00ed algo m\u00e1s conocido y reconocido, el querido y recordado <b>Ricardo<\/b>, con el que pudimos compartir ratos de flamenco con nuestros alumnos y con los aficionados en general. Dos personas de una calidad humana tambi\u00e9n destacable, llenos de sencillez y generosidad.<\/p>\n<p class=\"p1\">A Jos\u00e9 Esteban lo conocemos m\u00e1s desde los \u00faltimos a\u00f1os. Especialmente, desde que nos llam\u00f3, muy ilusionado, para comentarnos que quer\u00eda grabar dos discos de guitarra flamenca con p\u00faa, en lo que es un especialista. Quer\u00eda saber qu\u00e9 nos parec\u00eda \u2013genial y novedoso, claro\u2013 y que aport\u00e1ramos nuestra palabra en el libreto de presentaci\u00f3n de los mismos. Fue un honor y un placer colaborar. Lo de la p\u00faa me sorprend\u00eda, c\u00f3mo no, por lo poco habitual, pero me admiraba por la dificultad y el atrevimiento. Apenas he visto alg\u00fan ejemplo de flamenco con p\u00faa en Internet, realmente no es para nada frecuente y tendr\u00e1 su uso, seguramente, muchos detractores.<\/p>\n<p class=\"p1\">El primero de los discos se titul\u00f3 <strong><i>Sentimiento y guitarra. Flamenco instrumental<\/i><\/strong> y se edit\u00f3 en 2023. Estas son las palabras que le dedicamos:<\/p>\n<p>&nbsp;<\/p>\n<p class=\"p3\" style=\"padding-left: 40px;\"><em>DE LA P\u00daA AL CIELO<\/em><\/p>\n<p class=\"p1\" style=\"padding-left: 40px;\"><em>De la p\u00faa al cielo, la p\u00faa pulsando con emocionada precisi\u00f3n (o emoci\u00f3n precisa) las seis cuerdas m\u00e1gicas de la guitarra. Cuerdas bellas pero inertes hasta que unas manos como las de Jos\u00e9 Esteban Rodr\u00edguez Cosano son capaces, con su mano de nieve, como las del poema de B\u00e9cquer, tan hondo y jondo, de darles aliento vital. M\u00fasica de la tierra al cielo, hermoso pentagrama de la belleza y la hondura. Y jondura, pues Rodr\u00edguez Cosano nos ofrece con generosidad, por fin, lo que tan bien conoce y comunica: la m\u00fasica culta y honorable del flamenco.<\/em><\/p>\n<p class=\"p1\" style=\"padding-left: 40px;\"><em>Jos\u00e9 Esteban Rodr\u00edguez Cosano \u2013Casariche, Sevilla, 1951\u2013 es maestro jubilado, aficionado cabal, como lo fue su querido y admirado hermano Ricardo \u2013DEP\u2013, a quien todos los buenos aficionados del flamenco conocen, recuerdan y admiran por su labor como pe\u00f1ista, conferenciante, pionero de la did\u00e1ctica del flamenco en la ense\u00f1anza, investigador y divulgador, actividades en las que el primero tambi\u00e9n ha trabajado. Ricardo, a quien como el mejor de los hermanos le dedica su obra.<\/em><\/p>\n<p class=\"p1\" style=\"padding-left: 40px;\"><em>Titulamos nuestro comentario \u00abDe la p\u00faa al cielo\u00bb porque el int\u00e9rprete nos dona un regalo sorprendente por dos razones: porque el uso de la p\u00faa es una novedad cantando con ella con la guitarra, o, al menos, algo muy poco visto en el flamenco en grabaciones o directos, como \u00e9l lleva muchos a\u00f1os haciendo, y porque, sin duda, alcanza esa m\u00e1gica capacidad de elevarnos por encima de lo cotidiano y vulgar, nos seduce con su calidad art\u00edstica, en este caso musical y flamenca.<\/em><\/p>\n<p>&nbsp;<\/p>\n<blockquote><p><em>\u00abPersonalmente me emociona esta forma de hacer el cante con la p\u00faa, m\u00e1s de lo que esperaba. La p\u00faa puede tener mala prensa entre los flamencos, por ser un a\u00f1adido como artificial, quiz\u00e1 superfluo, una suerte de malabarismo t\u00e9cnico, frente a la u\u00f1a, que representar\u00eda lo natural y lo tradicional. Rodr\u00edguez Cosano es novedoso y valiente, sin duda\u00bb<\/em><\/p><\/blockquote>\n<p>&nbsp;<\/p>\n<p><a href=\"https:\/\/expoflamenco.com\/revista\/wp-content\/uploads\/sites\/17\/2025\/06\/cd-sentimiento-y-guitarra-flamenco-instrumental-de-rodriguez-caosano.jpg\"><img fetchpriority=\"high\" decoding=\"async\" class=\"aligncenter size-full wp-image-79856\" src=\"https:\/\/expoflamenco.com\/revista\/wp-content\/uploads\/sites\/17\/2025\/06\/cd-sentimiento-y-guitarra-flamenco-instrumental-de-rodriguez-caosano.jpg\" alt=\"\" width=\"943\" height=\"769\" \/><\/a><\/p>\n<p>&nbsp;<\/p>\n<p class=\"p1\" style=\"padding-left: 40px;\"><em>Con acierto, ha seleccionado unos cuantos temas, pocos, pero con enjundia, un grupo de toques que son cantes m\u00e1s que reconocidos y reconocibles, cantes tocados \/ cantados con la p\u00faa sobre las cuerdas. Ocho entregas uniendo palos y estilos de cantes muy frecuentados por los artistas, como los fandangos, las malague\u00f1as y verdial o la grana\u00edna, junto a otros menos usados, siempre bell\u00edsimos a nuestro parecer, como la albore\u00e1, los campanilleros, la nana, la petenera o la saeta. Sabemos que guarda para otra ocasi\u00f3n, ojal\u00e1 pronto, esos que tantos nos gustan a los aficionados como son las soleares, las seguiriyas, las buler\u00edas, los tientos, las alegr\u00edas o el cante de Levante y los llamados de ida y vuelta. Ponerlos a nuestro alcance ser\u00e1 un bien para todos y justa recompensa a su conocimiento y destreza. Al final podr\u00edamos tener una fant\u00e1stica antolog\u00eda.<\/em><\/p>\n<p class=\"p1\" style=\"padding-left: 40px;\"><em>Por todo lo dicho, estamos ante un gran trabajo. Si le a\u00f1adimos que viene acompa\u00f1ado por la guitarra de <b>Antonio Carri\u00f3n<\/b> ya es miel sobre hojuelas. Todos los artistas y aficionados sabemos que hay pocos artistas y aficionados de la categor\u00eda de Carri\u00f3n, por su trayectoria, su sabidur\u00eda del toque, del cante \u2013\u00e9l mismo ha grabado un disco como cantaor\u2013 y del baile, su incesante trabajo con las pe\u00f1as, su maestr\u00eda y, lo m\u00e1s importante, su bonhom\u00eda, su calidad humana. Con la contribuci\u00f3n respetuosa pero decisiva de Antonio este disco es, nunca mejor dicho, redondo. Y adem\u00e1s esa guinda con el piano de <b>Juan Antonio Aguilera el Vitito<\/b> en la introducci\u00f3n de la nana.<\/em><\/p>\n<p class=\"p1\" style=\"padding-left: 40px;\"><em>No soy experto que pueda analizar musicalmente con cabalidad cada interpretaci\u00f3n. S\u00ed puedo acercarme a su sentido flamenco. Y tengo que decir que personalmente me emociona esta forma de hacer el cante con la p\u00faa, m\u00e1s de lo que esperaba. La p\u00faa, a priori, incluso, puede tener mala prensa entre los flamencos, por ser un a\u00f1adido como artificial, quiz\u00e1 superfluo, una suerte de malabarismo t\u00e9cnico, frente a la u\u00f1a, que representar\u00eda lo natural y lo tradicional. Rodr\u00edguez Cosano es novedoso y valiente, sin duda.<\/em><\/p>\n<p class=\"p1\" style=\"padding-left: 40px;\"><em>Cada cante tocado tiene su personalidad. As\u00ed, la albore\u00e1, al modo habitual por buler\u00eda por sole\u00e1, pero con bastante rapidez y alegr\u00eda, con unos tr\u00e9molos vertiginosos con la p\u00faa, y las letras que recordamos de quien primero las grab\u00f3, <b>Rafael Romero el Gallina<\/b>. Los campanilleros tienen un tempo penetrante, una finura exquisita, en la l\u00ednea de la adornada y melism\u00e1tica de <b>La Ni\u00f1a de la Puebla<\/b>. Los fandangos est\u00e1n recordando tres estilos: los de <b>Ni\u00f1o Le\u00f3n<\/b>, <b>Pepe Aznalc\u00f3llar <\/b>y <b>Antonio el Pichichi<\/b>. La grana\u00edna desborda emoci\u00f3n \u00edntima, como debe suceder tanto al cante como a la guitarra en este palo. En la malague\u00f1a interpreta la del <b>Mellizo<\/b>, construye una perfecta y profunda \u00abmellizada\u00bb, con cierre vibrante con la verdial de los Montes de M\u00e1laga. La nana se introduce con unos acordes al piano de Juan Antonio Aguilera el Vitito, como dec\u00edamos, para continuar con las nanas que evocan las de <b>Manuel de Falla<\/b>, la Nana de Sevilla recreada por <b>Lorca<\/b>, la Nana del caballo grande que cant\u00f3 <b>Camar\u00f3n<\/b> y unas nanas, nos dice Jos\u00e9 Esteban con emoci\u00f3n de abuelo, una en tono normal y otra de tonos agudos, \u00abcomo si el beb\u00e9 abriera los ojos y dijera a los abuelos que no est\u00e9n tristes\u00bb. Las peteneras, la chica y la grande, son intensas en sus manos, con el recuerdo de <b>Pastora Pav\u00f3n<\/b> entre otros artistas y unen los tr\u00e9molos introductorios de Carri\u00f3n con la p\u00faa cantaora de Rodr\u00edguez Cosano en un repiqueteo espl\u00e9ndido y dif\u00edcil. Y, por \u00faltimo, la saeta, original, una recreaci\u00f3n personal por carcelera, pero dentro de los esquemas mel\u00f3dicos del flamenco.<\/em><\/p>\n<p class=\"p1\" style=\"padding-left: 40px;\"><em>Nuestro int\u00e9rprete aprendi\u00f3 con seis a\u00f1os a tocar con p\u00faa, primero la bandurria, luego el la\u00fad. Al fin lleg\u00f3 la guitarra, con un maestro de lujo, <b>Pedro Bac\u00e1n<\/b>, y otro no menos admirable, su propio hermano Ricardo. En definitiva, Sentimiento y guitarra es una obra ejemplar, novedosa, intensa, muy flamenca, un trabajo que ha costado mucho llevar a cabo y que, gracias a su sensibilidad y t\u00e9cnica superior, con el impagable apoyo y el marco guitarr\u00edstico de Antonio Carri\u00f3n, nos lleva de la p\u00faa al cielo. Esperamos con inter\u00e9s el segundo disco. Adelante y gracias.<\/em><\/p>\n<p>&nbsp;<\/p>\n<p class=\"p1\">Escuchemos la albore\u00e1 de este trabajo.<\/p>\n<p>&nbsp;<\/p>\n<div class=\"jeg_video_container jeg_video_content\"><iframe title=\"Alborea\" width=\"500\" height=\"375\" src=\"https:\/\/www.youtube.com\/embed\/LVmtgilmQjo?feature=oembed\" frameborder=\"0\" allow=\"accelerometer; autoplay; clipboard-write; encrypted-media; gyroscope; picture-in-picture; web-share\" referrerpolicy=\"strict-origin-when-cross-origin\" allowfullscreen><\/iframe><\/div>\n<p>&nbsp;<\/p>\n<p class=\"p1\">El otro disco, de 2024, est\u00e1 dedicado al famoso bandolero <b>El Tempranillo<\/b>. En nuestra aportaci\u00f3n al libreto puede leerse:<\/p>\n<p>&nbsp;<\/p>\n<p class=\"p1\" style=\"padding-left: 40px;\"><em><b>Jos\u00e9 Mar\u00eda Hinojosa Cobacho<\/b> \u20131805-1833\u2013, bandolero conocido como \u00abEl Tempranillo\u00bb, fue, cuando el rey \u00abde las Espa\u00f1as\u00bb era <b>Fernando VII<\/b> -seg\u00fan <b>Richard Ford <\/b>en palabras que nos recuerda el historiador <b>Jos\u00e9 Antonio Rodr\u00edguez Mart\u00edn<\/b> en este mismo folleto- \u00abel amo de Andaluc\u00eda\u00bb. Y a\u00f1ade: \u00aba cuyo solo nombre tiemblan all\u00ed los viejos y las mujeres\u00bb. Ya tenemos el mito rom\u00e1ntico, al margen de la ley del momento, con su propio mundo junto a sus compa\u00f1eros en la sierra. Mundo que sedujo a muchos escritores y artistas, pues el movimiento rom\u00e1ntico del siglo XIX se encarg\u00f3 de elevar a la gloria art\u00edstica a estos personajes marginales, no con poca idealizaci\u00f3n, pero eso es otra historia.<\/em><\/p>\n<p class=\"p1\" style=\"padding-left: 40px;\"><em>Los bandoleros han recibido en el mundo del flamenco diversos homenajes en forma de colecci\u00f3n de cantes, como el que <b>Manuel Orta<\/b> dedic\u00f3 a <b>Diego Corrientes<\/b> en 1988 o, ahora, el disco que comentamos aqu\u00ed, entre otros. En nuestro caso, Jos\u00e9 Esteban Rodr\u00edguez Cosano y su recordado hermano Ricardo ya escribieron adem\u00e1s el libro Semblanza flamenca de Jos\u00e9 Mar\u00eda \u00abEl Tempranillo\u00bb. Ahora el primero ve realizado uno de sus sue\u00f1os, una antolog\u00eda de cantes glosando la trayectoria de este \u00ab<b>Robin Hood<\/b> andaluz\u00bb, como ha sido llamado. Ha escrito las letras de todos los cantes, con el pertinente perfecto ajuste m\u00e9trico y expresivo. La primera letra de las alegr\u00edas ya resume la vida de este cordob\u00e9s de Jauja: \u00abLa historia de un bandolero \/ que naci\u00f3 en Andaluc\u00eda, \/ una mano traicionera \/ fue y le arrebat\u00f3 la v\u00eda\u201d\u00bb. Y en todas podemos ver un aire paneg\u00edrico, resaltando cualidades como la valent\u00eda y sucesos que han ido marcando su vida amorosa, personal y su impacto social: \u00abSoy Tempranillo de Jauja, \/ Rey de la Sierra Morena. \/ Mi fama, a los cuatro vientos, \/ por toa Espa\u00f1a resuena\u201d\u00bb.<\/em><\/p>\n<p class=\"p1\" style=\"padding-left: 40px;\"><em>Aqu\u00ed se re\u00fanen diez cantes: alegr\u00edas cl\u00e1sicas de C\u00e1diz; tientos-tangos con <b>Frijones<\/b> y <b>Pastora<\/b> de referentes; fandangos de variada fuente \u2013Aznalc\u00f3llar, Pichichi, Gabriel Moreno, Cepero\u2013; martinetes al uso; bamberas (de Pastora y otra versi\u00f3n distinta que bordaban <b>Jos\u00e9 Menese<\/b> o <b>Miguel Vargas<\/b>); liviana-serrana-abandolao de <b>P\u00e9rez de Guzm\u00e1n<\/b>; malague\u00f1a de <b>la Trini<\/b> con ronde\u00f1a y el remate de <b>Frasquito Yerbabuena<\/b>; la petenera \u2013primitiva, grande y chica\u2013; la zambra cien por cien caracolera y unas obligadas seguiriyas y cabales recordando a los jerezanos <b>Manuel Torre<\/b> y <b>Paco la Luz<\/b> y de remate la cabal de <b>Silverio<\/b>.<\/em><\/p>\n<p class=\"p1\" style=\"padding-left: 40px;\"><em>Se trata de una acertada selecci\u00f3n, con cantes obligados y acordes con la tem\u00e1tica como las serranas, santo y se\u00f1a de todo lo serrano, ah\u00ed donde los bandoleros ten\u00edan su vida siempre pendiente de un hilo. No falta el drama, como en la seguiriya, pero la vida es multicolor siempre y tenemos las alegr\u00edas de C\u00e1diz o las amorosas bamberas. En fin, un buen repertorio, y en la voz del cantaor experimentado, sobrado de conocimiento que es <b>Juan Soto<\/b>, todo queda muy flamenco, hondo, en clave jonda. Las guitarras de <b>Luis Calderito<\/b> en las alegr\u00edas y en las malague\u00f1as \u2013de otro disco anterior del cantaor\u2013 y de Antonio Carri\u00f3n en los dem\u00e1s cantes abrazan los cantes con belleza musical y un toque flamenco preciso. Les invito a adentrarse en la piel de este personaje a trav\u00e9s de este disco que recoge su historia real y su reflejo literario con este trabajo musical flamenco de gran calidad.<\/em><\/p>\n<p>&nbsp;<\/p>\n<p><a href=\"https:\/\/expoflamenco.com\/revista\/wp-content\/uploads\/sites\/17\/2025\/06\/libro-cantes-flamencos-a-jose-maria-el-tempranillo.jpg\"><img decoding=\"async\" class=\"aligncenter size-full wp-image-79857\" src=\"https:\/\/expoflamenco.com\/revista\/wp-content\/uploads\/sites\/17\/2025\/06\/libro-cantes-flamencos-a-jose-maria-el-tempranillo.jpg\" alt=\"\" width=\"1560\" height=\"1693\" \/><\/a><\/p>\n<p>&nbsp;<\/p>\n<p class=\"p1\">Hasta ah\u00ed nuestras palabras. Ya hace a\u00f1os andaba el autor con esta idea. Para despedirnos, aqu\u00ed lo vemos en una grabaci\u00f3n realizada en la presentaci\u00f3n de una obra sobre El Tempranillo, con letras de \u00e9l mismo y de su hermano el tambi\u00e9n gran aficionado y estudioso del flamenco Ricardo. Cantan en el mismo <span class=\"s2\"><b>Pepe Montaraz<\/b> y <b>Ani Zambrano<\/b> acompa\u00f1ados a la guitarra por <b>Juan Carrasco<\/b>. Ofrecieron polos, seguiriyas, alegr\u00edas, serranas, etc. Aqu\u00ed escuchamos la serrana.\u00a0<\/span><\/p>\n<p>&nbsp;<\/p>\n<div class=\"jeg_video_container jeg_video_content\"><iframe title=\"CANTE POR SERRANAS DE LA OBRA FLAMENCA SEMBLANZA FLAMENCA DE JOSE MARIA EL TEMPRANILLO\" width=\"500\" height=\"375\" src=\"https:\/\/www.youtube.com\/embed\/r53Ie1zp_gs?feature=oembed\" frameborder=\"0\" allow=\"accelerometer; autoplay; clipboard-write; encrypted-media; gyroscope; picture-in-picture; web-share\" referrerpolicy=\"strict-origin-when-cross-origin\" allowfullscreen><\/iframe><\/div>\n<p>&nbsp;<\/p>\n<p>&nbsp;<\/p>\n","protected":false,"gt_translate_keys":[{"key":"rendered","format":"html"}]},"excerpt":{"rendered":"<p>Jos\u00e9 Esteban Rodr\u00edguez Cosano lo demuestra en dos discos: &#8216;Sentimiento y guitarra. Flamenco instrumental&#8217; y &#8216;Cantes flamencos a Jos\u00e9 Mar\u00eda El Tempranillo&#8217;.<\/p>\n","protected":false,"gt_translate_keys":[{"key":"rendered","format":"html"}]},"author":24,"featured_media":3045,"comment_status":"open","ping_status":"open","sticky":false,"template":"","format":"standard","meta":{"_acf_changed":false,"pmpro_default_level":"","jnews-multi-image_gallery":[],"jnews_single_post":{"format":"standard","override":[{"template":"2","parallax":"1","fullscreen":"1","layout":"right-sidebar","sidebar":"default-sidebar","second_sidebar":"default-sidebar","sticky_sidebar":"1","share_position":"bottom","share_float_style":"share-monocrhome","show_share_counter":"1","show_view_counter":"1","show_featured":"1","show_post_meta":"1","show_post_author":"1","show_post_author_image":"1","show_post_date":"1","post_date_format":"default","post_date_format_custom":"Y\/m\/d","show_post_reading_time":"1","post_reading_time_wpm":"250","post_calculate_word_method":"str_word_count","show_zoom_button":"1","zoom_button_out_step":"2","zoom_button_in_step":"3","show_post_tag":"1","show_popup_post":"1","number_popup_post":"1","show_post_related":"1","show_inline_post_related":"1"}],"image_override":[{"single_post_thumbnail_size":"no-crop","single_post_gallery_size":"crop-500"}],"trending_post_position":"meta","trending_post_label":"Trending","sponsored_post_label":"Sponsored by","disable_ad":"0","subtitle":"Jos\u00e9 Esteban Rodr\u00edguez Cosano lo demuestra en un disco y en otro aporta las letras: 'Sentimiento y guitarra. Flamenco instrumental' y 'Cantes flamencos a Jos\u00e9 Mar\u00eda El Tempranillo'."},"jnews_primary_category":{"id":"4992"},"jnews_override_bookmark_settings":{"override_bookmark_button":"0","override_show_bookmark_button":"0"},"jnews_social_meta":[],"jnews_review":[],"enable_review":"","type":"percentage","name":"","summary":"","brand":"","sku":"","good":[],"bad":[],"score_override":"","override_value":"","rating":[],"price":[],"jnews_override_counter":{"view_counter_number":"0","share_counter_number":"0","like_counter_number":"0","dislike_counter_number":"0"},"footnotes":""},"categories":[162,38,94],"tags":[2767,2768,133,2769],"class_list":["post-3044","post","type-post","status-publish","format-standard","has-post-thumbnail","hentry","category-con-una-copla-de-mas","category-en-portada","category-firmas","tag-cantes-flamencos-a-jose-maria-el-tempranillo","tag-jose-esteban-rodriguez-cosano","tag-libro-flamenco","tag-sentimiento-y-guitarra-flamenco-instrumental","pmpro-has-access"],"acf":[],"aioseo_notices":[],"gt_translate_keys":[{"key":"link","format":"url"}],"_links":{"self":[{"href":"https:\/\/expoflamenco.com\/revista\/wp-json\/wp\/v2\/posts\/3044","targetHints":{"allow":["GET"]}}],"collection":[{"href":"https:\/\/expoflamenco.com\/revista\/wp-json\/wp\/v2\/posts"}],"about":[{"href":"https:\/\/expoflamenco.com\/revista\/wp-json\/wp\/v2\/types\/post"}],"author":[{"embeddable":true,"href":"https:\/\/expoflamenco.com\/revista\/wp-json\/wp\/v2\/users\/24"}],"replies":[{"embeddable":true,"href":"https:\/\/expoflamenco.com\/revista\/wp-json\/wp\/v2\/comments?post=3044"}],"version-history":[{"count":0,"href":"https:\/\/expoflamenco.com\/revista\/wp-json\/wp\/v2\/posts\/3044\/revisions"}],"wp:featuredmedia":[{"embeddable":true,"href":"https:\/\/expoflamenco.com\/revista\/wp-json\/wp\/v2\/media\/3045"}],"wp:attachment":[{"href":"https:\/\/expoflamenco.com\/revista\/wp-json\/wp\/v2\/media?parent=3044"}],"wp:term":[{"taxonomy":"category","embeddable":true,"href":"https:\/\/expoflamenco.com\/revista\/wp-json\/wp\/v2\/categories?post=3044"},{"taxonomy":"post_tag","embeddable":true,"href":"https:\/\/expoflamenco.com\/revista\/wp-json\/wp\/v2\/tags?post=3044"}],"curies":[{"name":"wp","href":"https:\/\/api.w.org\/{rel}","templated":true}]}}