{"id":3040,"date":"2025-06-11T19:53:17","date_gmt":"2025-06-11T17:53:17","guid":{"rendered":"https:\/\/expoflamenco.com\/revistanew\/la-virgen-del-rocio-lleva-compas\/"},"modified":"2025-06-11T19:53:17","modified_gmt":"2025-06-11T17:53:17","slug":"la-virgen-del-rocio-lleva-compas","status":"publish","type":"post","link":"https:\/\/expoflamenco.com\/revista\/la-virgen-del-rocio-lleva-compas\/","title":{"rendered":"La Virgen del Roc\u00edo lleva comp\u00e1s","gt_translate_keys":[{"key":"rendered","format":"text"}]},"content":{"rendered":"<p><em>Lleva comp\u00e1s, la Virgen del Roc\u00edo lleva comp\u00e1s\u2026 <\/em>Al menos eso dec\u00edan <strong>Los Marisme\u00f1os<\/strong> en la sevillana que <strong>Mora\u00edto<\/strong> incluy\u00f3 en su disco <strong><em>Morao, Morao <\/em><\/strong>(Nuevos Medios, 2004). No somos nadie para llevarle la contraria a uno de los conjuntos con mejor trayectoria de este mundo tan andaluz que por primavera adquiere una dimensi\u00f3n especial. De las distintas ferias hasta El Roc\u00edo, territorio siempre por descubrir \u2013o redescubrir\u2013 cuando asoma el lunes de Pentecost\u00e9s y los almonte\u00f1os pasean a la Madre de Dios por esas calles llenas de arena, polvo y fe.<\/p>\n<p>Ya desde que las distintas hermandades filiales salen de sus respectivas sedes can\u00f3nicas los pitos y tamboriles empiezan a dibujar el paisaje sonoro de lo que, para muchos, es un nuevo sue\u00f1o a cumplir: plantarse ante la <strong>Blanca Paloma<\/strong>, en la reja de la Ermita por donde desfilan m\u00e1s de un mill\u00f3n de fieles para hacer peregrinaci\u00f3n. El flamenco, como dec\u00edamos, tiene un lugar privilegiado en las casas, sobre todo, donde habitan y conviven durante esos d\u00edas devotos de tierras jondas. Jerez, Triana, Utrera, Sevilla\u2026 dejan siempre espacio para la improvisaci\u00f3n y para que, en cualquier momento, salga la voz de alg\u00fan artista o \u201csimple\u201d aficionado a hacer lo que el coraz\u00f3n le marca.<\/p>\n<p>No vamos a decir que la buler\u00eda sobrepase a las sevillanas, ni mucho menos, aunque s\u00ed es oportuno se\u00f1alar que hay sevillanas flamencas que en El Roc\u00edo marcaron y siguen marcando tendencia. Los propios Marisme\u00f1os, con <em>Salta la reja almonte\u00f1o, Una oraci\u00f3n rociera<\/em>, <em>Almonte\u00f1o d\u00e9jame, etc., <\/em>o <strong>Mar\u00eda de la Colina<\/strong>, una de las grandes del g\u00e9nero, con obras maestras como <em>El Roc\u00edo es sentimiento, Me gusta el tintineo, Voy a olvidar un te quiero, Como la mimbre y el junco, etc., <\/em>sin olvidarnos de las joyas de<strong> El Pele<\/strong>, con las sevillanas <em>del Pa\u00f1uelo<\/em>, o <strong>Salmarina<\/strong> con tantas y tantas letras dignas del mejor poeta como <em>Soy Libre, Fue Sevilla o Mi vida es m\u00eda<\/em>.<\/p>\n<p>&nbsp;<\/p>\n<blockquote><p><em>\u00abDesde dentro, hemos podido escuchar a voces como las de las hermanas Coral y Ana de los Reyes, Jos\u00e9 Mijita, la de Juan de la Morena o Anabel Valencia, Manuel Moneo o Chanquita. Hemos visto bailar a Juan de Juan, Fernando Jim\u00e9nez\u2026 Y tantos y tantos m\u00e1s que han aprovechado estos d\u00edas para celebrar la vida. Siempre a comp\u00e1s, como la Virgen del Roc\u00edo\u00bb<\/em><\/p><\/blockquote>\n<p>&nbsp;<\/p>\n<figure id=\"attachment_79881\" aria-describedby=\"caption-attachment-79881\" style=\"width: 1200px\" class=\"wp-caption aligncenter\"><a href=\"https:\/\/expoflamenco.com\/revista\/wp-content\/uploads\/sites\/17\/2025\/06\/expoflamenco-romeria-rocio-3-procesion-virgen-por-aldea-jun25-foto-juan-garrido.webp\"><img fetchpriority=\"high\" decoding=\"async\" class=\"size-full wp-image-79881\" src=\"https:\/\/expoflamenco.com\/revista\/wp-content\/uploads\/sites\/17\/2025\/06\/expoflamenco-romeria-rocio-3-procesion-virgen-por-aldea-jun25-foto-juan-garrido.webp\" alt=\"Romer\u00eda del Roc\u00edo 2025. Foto: Juan Garrido\" width=\"1200\" height=\"1600\" \/><\/a><figcaption id=\"caption-attachment-79881\" class=\"wp-caption-text\">Romer\u00eda del Roc\u00edo 2025. Foto: Juan Garrido<\/figcaption><\/figure>\n<p>&nbsp;<\/p>\n<p>La buler\u00eda se hace presente en varios estados. Por un lado encontramos la improvisada, la que quiz\u00e1s mejor suene por aquello de la pureza del instante, porque no hay dinero de por medio, porque se hace cuando a uno verdaderamente le apetece en la intimidad de un madrugada o en el propio amanecer. Tambi\u00e9n est\u00e1 la de <strong>la fiesta explosiva que todos comparten sin \u00e1nimo de lucro<\/strong>, que dir\u00eda aquel. Esas fiestas suelen darse en la tarde noche del viernes, sobre todo el s\u00e1bado cuando ya el sol empieza a irse y alguna tarde de domingo. En algunas casas, con todo el sentido del mundo, la gran fiesta es el lunes cuando la Virgen ya reposa nuevamente sobre las andas en su altar. \u00a1Es el d\u00eda de la Virgen del Roc\u00edo, hay que celebrarlo! Otras casas ya empiezan a recoger y la nostalgia inunda cada rinc\u00f3n, tristeza porque el martes se vuelve a lo cotidiano y a veces pueril, pero con el coraz\u00f3n lleno de gloria.<\/p>\n<p>\u00bfQui\u00e9n no ha visto esas grandes fiestas que nos deja entrever Youtube de <strong>Camar\u00f3n con Lola Flores<\/strong>, o las que organizaban empresarios de la talla de <strong>Jos\u00e9 Mar\u00eda Gonz\u00e1lez de Caldas<\/strong>, empresario que presidi\u00f3 el Sevilla F.C.? Est\u00e1 claro que esas reuniones ya no se ven, volvemos a lo mismo de siempre, pues es un estilo de vida distinto al de ayer y esas reuniones con esos artistas es cuanto menos imposible. Hay una gran parte de casas que apuestan por el flamenco y contratan a un grupo para que cante tanto buler\u00edas como esas sevillanas o alguna que otra rumba. <strong>Los del R\u00edo<\/strong> para eso se la pintan solos con un comp\u00e1s contagioso. Este a\u00f1o hay que destacar el especial inter\u00e9s de la polic\u00eda local por el cumplimiento de las normas en torno a equipos de megafon\u00eda, que no se permiten, ni tampoco altavoces, excepto los utilizados en los actos oficiales.<\/p>\n<p>Uno baila, otros cantan y, lo que m\u00e1s me gusta, todos disfrutan. El Roc\u00edo se aleja de situaciones de compromisos, como suele ocurrir en acontecimientos algo m\u00e1s protocolarios, a los que hay que ir por asuntos de negocios como la propia Feria de Abril, por citar alguna. A la Ermita se va para disfrutar y celebrar la dichosa venida del Esp\u00edritu Santo. Nosotros, desde dentro, hemos podido escuchar a voces como las de las hermanas <strong>Coral y Ana de los Reyes, Jos\u00e9 Mijita, la de Juan de la Morena o Anabel Valencia, Manuel Moneo o Chanquita<\/strong>. Hemos visto bailar a <strong>Juan de Juan, Fernando Jim\u00e9nez<\/strong>\u2026 y tantos y tantos m\u00e1s que han aprovechado estos d\u00edas para celebrar la vida. Siempre a comp\u00e1s, como la Virgen del Roc\u00edo.<\/p>\n<p>&nbsp;<\/p>\n<figure id=\"attachment_79880\" aria-describedby=\"caption-attachment-79880\" style=\"width: 1600px\" class=\"wp-caption aligncenter\"><a href=\"https:\/\/expoflamenco.com\/revista\/wp-content\/uploads\/sites\/17\/2025\/06\/expoflamenco-romeria-rocio-2-anabel-valencia-jun25-foto-juan-garrido.webp\"><img decoding=\"async\" class=\"size-full wp-image-79880\" src=\"https:\/\/expoflamenco.com\/revista\/wp-content\/uploads\/sites\/17\/2025\/06\/expoflamenco-romeria-rocio-2-anabel-valencia-jun25-foto-juan-garrido.webp\" alt=\"Anabel Valencia. Romer\u00eda del Roc\u00edo 2025. Foto: Juan Garrido\" width=\"1600\" height=\"1200\" \/><\/a><figcaption id=\"caption-attachment-79880\" class=\"wp-caption-text\">Anabel Valencia. Romer\u00eda del Roc\u00edo 2025. Foto: Juan Garrido<\/figcaption><\/figure>\n<p>&nbsp;<\/p>\n","protected":false,"gt_translate_keys":[{"key":"rendered","format":"html"}]},"excerpt":{"rendered":"<p>En la secci\u00f3n &#8216;Desde dentro&#8217; os contamos c\u00f3mo se vive la romer\u00eda de la Virgen del Roc\u00edo en la que conviven sevillanas, rumbas y, por supuesto, buler\u00edas.<\/p>\n","protected":false,"gt_translate_keys":[{"key":"rendered","format":"html"}]},"author":34,"featured_media":3041,"comment_status":"open","ping_status":"open","sticky":false,"template":"","format":"standard","meta":{"_acf_changed":false,"pmpro_default_level":"","jnews-multi-image_gallery":[],"jnews_single_post":{"format":"standard","override":[{"template":"2","parallax":"1","fullscreen":"1","layout":"right-sidebar","sidebar":"default-sidebar","second_sidebar":"default-sidebar","sticky_sidebar":"1","share_position":"bottom","share_float_style":"share-monocrhome","show_share_counter":"1","show_view_counter":"1","show_featured":"1","show_post_meta":"1","show_post_author":"1","show_post_author_image":"1","show_post_date":"1","post_date_format":"default","post_date_format_custom":"Y\/m\/d","show_post_reading_time":"1","post_reading_time_wpm":"250","post_calculate_word_method":"str_word_count","show_zoom_button":"1","zoom_button_out_step":"2","zoom_button_in_step":"3","show_post_tag":"1","show_popup_post":"1","number_popup_post":"1","show_post_related":"1","show_inline_post_related":"1"}],"image_override":[{"single_post_thumbnail_size":"no-crop","single_post_gallery_size":"crop-500"}],"trending_post_position":"meta","trending_post_label":"Trending","sponsored_post_label":"Sponsored by","disable_ad":"0","subtitle":"En la secci\u00f3n 'Desde dentro' os contamos c\u00f3mo se vive la romer\u00eda de la Virgen del Roc\u00edo en la que conviven sevillanas, rumbas y, por supuesto, buler\u00edas."},"jnews_primary_category":[],"jnews_override_bookmark_settings":{"override_bookmark_button":"0","override_show_bookmark_button":"0"},"jnews_social_meta":[],"jnews_review":[],"enable_review":"","type":"percentage","name":"","summary":"","brand":"","sku":"","good":[],"bad":[],"score_override":"","override_value":"","rating":[],"price":[],"jnews_override_counter":{"view_counter_number":"0","share_counter_number":"0","like_counter_number":"0","dislike_counter_number":"0"},"footnotes":""},"categories":[339,38,94],"tags":[2347,2760,2761,2762],"class_list":["post-3040","post","type-post","status-publish","format-standard","has-post-thumbnail","hentry","category-desde-dentro","category-en-portada","category-firmas","tag-coral-de-los-reyes","tag-desde-dentro","tag-flamenco-en-el-rocio","tag-romeria-del-rocio","pmpro-has-access"],"acf":[],"aioseo_notices":[],"gt_translate_keys":[{"key":"link","format":"url"}],"_links":{"self":[{"href":"https:\/\/expoflamenco.com\/revista\/wp-json\/wp\/v2\/posts\/3040","targetHints":{"allow":["GET"]}}],"collection":[{"href":"https:\/\/expoflamenco.com\/revista\/wp-json\/wp\/v2\/posts"}],"about":[{"href":"https:\/\/expoflamenco.com\/revista\/wp-json\/wp\/v2\/types\/post"}],"author":[{"embeddable":true,"href":"https:\/\/expoflamenco.com\/revista\/wp-json\/wp\/v2\/users\/34"}],"replies":[{"embeddable":true,"href":"https:\/\/expoflamenco.com\/revista\/wp-json\/wp\/v2\/comments?post=3040"}],"version-history":[{"count":0,"href":"https:\/\/expoflamenco.com\/revista\/wp-json\/wp\/v2\/posts\/3040\/revisions"}],"wp:featuredmedia":[{"embeddable":true,"href":"https:\/\/expoflamenco.com\/revista\/wp-json\/wp\/v2\/media\/3041"}],"wp:attachment":[{"href":"https:\/\/expoflamenco.com\/revista\/wp-json\/wp\/v2\/media?parent=3040"}],"wp:term":[{"taxonomy":"category","embeddable":true,"href":"https:\/\/expoflamenco.com\/revista\/wp-json\/wp\/v2\/categories?post=3040"},{"taxonomy":"post_tag","embeddable":true,"href":"https:\/\/expoflamenco.com\/revista\/wp-json\/wp\/v2\/tags?post=3040"}],"curies":[{"name":"wp","href":"https:\/\/api.w.org\/{rel}","templated":true}]}}