{"id":304,"date":"2024-01-20T13:32:15","date_gmt":"2024-01-20T12:32:15","guid":{"rendered":"https:\/\/expoflamenco.com\/revistanew\/2024\/01\/20\/antonio-agujetas-chico-mi-primera-guitarra-fue-un-bote-de-suavizante-que-encontre-en-la-basura\/"},"modified":"2024-01-20T13:32:15","modified_gmt":"2024-01-20T12:32:15","slug":"antonio-agujetas-chico-mi-primera-guitarra-fue-un-bote-de-suavizante-que-encontre-en-la-basura","status":"publish","type":"post","link":"https:\/\/expoflamenco.com\/revista\/antonio-agujetas-chico-mi-primera-guitarra-fue-un-bote-de-suavizante-que-encontre-en-la-basura\/","title":{"rendered":"Antonio Agujetas Chico: \u00abMi primera guitarra fue un bote de suavizante que encontr\u00e9 en la basura\u00bb","gt_translate_keys":[{"key":"rendered","format":"text"}]},"content":{"rendered":"<p><strong>Antonio Dorrey de los Santos<\/strong> es hijo de <strong>Dolores Agujetas<\/strong>, nieto por tanto de <strong>Manuel de los Santos Pastor<\/strong>. Esto no es cualquier cosa, pues en sus formas resultan dejes y miradas propias de la familia. Este cantaor y tocaor tiene el sello de la casa. Nace en 1980 en Jerez, pero sus primeros a\u00f1os de vida se convierten en una aventura que lo lleva a vivir en chabola, ser un ni\u00f1o pijo y volver a su tierra para instalarse nuevamente. En esta conversaci\u00f3n que mantenemos se muestra transparente y natural, tal como es, y nos habla de c\u00f3mo era su abuelo, de sus referentes, del da\u00f1o que la droga causa al flamenco&#8230; Pronto estrenar\u00e1 junto a su pareja art\u00edstica y sentimental, la bailaora <strong>Beatriz Morales<\/strong>, un espect\u00e1culo en el marco del Festival de Jerez, en el Teatro Villamarta, titulado <strong><i>De la naturaleza del amor<\/i><\/strong>.<\/p>\n<p>&nbsp;<\/p>\n<p>Desde los jardines de los Museos de la Atalaya, Jerez.<\/p>\n<p>&nbsp;<\/p>\n<p>&nbsp;<\/p>\n<blockquote><p><em>\u00abMi abuelo era especial, se ven\u00eda en moto desde Rota con un gorro de ruso\u00bb<\/em><\/p><\/blockquote>\n<p>&nbsp;<\/p>\n<p>&nbsp;<\/p>\n<figure id=\"attachment_47285\" aria-describedby=\"caption-attachment-47285\" style=\"width: 1300px\" class=\"wp-caption aligncenter\"><a href=\"https:\/\/expoflamenco.com\/prensa\/wp-content\/uploads\/2024\/01\/expoflamenco-antonio-agujetas-chico-1-entrevista-con-juan-garrido-enero-2024-20240417-232209.jpg\"><img fetchpriority=\"high\" decoding=\"async\" class=\"size-full wp-image-47285\" src=\"https:\/\/expoflamenco.com\/prensa\/wp-content\/uploads\/2024\/01\/expoflamenco-antonio-agujetas-chico-1-entrevista-con-juan-garrido-enero-2024-20240417-232209.jpg\" alt=\"\" width=\"1300\" height=\"800\"><\/a><figcaption id=\"caption-attachment-47285\" class=\"wp-caption-text\">Antonio Agujetas Chico, durante la entrevista con Juan Garrido en los jardines de los Museos de la Atalaya, Jerez. Enero 2024.<\/figcaption><\/figure>\n<p>&nbsp;<\/p>\n<figure id=\"attachment_47287\" aria-describedby=\"caption-attachment-47287\" style=\"width: 1600px\" class=\"wp-caption aligncenter\"><a href=\"https:\/\/expoflamenco.com\/prensa\/wp-content\/uploads\/2024\/01\/expoflamenco-antonio-agujetas-chico-3-entrevista-con-juan-garrido-enero-2024-20240417-232211.jpg\"><img decoding=\"async\" class=\"size-full wp-image-47287\" src=\"https:\/\/expoflamenco.com\/prensa\/wp-content\/uploads\/2024\/01\/expoflamenco-antonio-agujetas-chico-3-entrevista-con-juan-garrido-enero-2024-20240417-232211.jpg\" alt=\"\" width=\"1600\" height=\"899\"><\/a><figcaption id=\"caption-attachment-47287\" class=\"wp-caption-text\">Antonio Agujetas Chico, durante la entrevista con Juan Garrido en los jardines de los Museos de la Atalaya, Jerez. Enero 2024.<\/figcaption><\/figure>\n<p>&nbsp;<\/p>\n","protected":false,"gt_translate_keys":[{"key":"rendered","format":"html"}]},"excerpt":{"rendered":"<p>Antonio Agujetas Chico, cantaor jerezano de la saga de los Agujetas, es entrevistado por Juan Garrido en exclusiva para expoflamenco desde los Museos de la Atalaya. \u00abLa droga est\u00e1 destruyendo a muchos artistas\u00bb, dice.<\/p>\n","protected":false,"gt_translate_keys":[{"key":"rendered","format":"html"}]},"author":34,"featured_media":305,"comment_status":"open","ping_status":"open","sticky":false,"template":"","format":"standard","meta":{"_acf_changed":false,"pmpro_default_level":"","jnews-multi-image_gallery":[],"jnews_single_post":null,"jnews_primary_category":[],"jnews_override_bookmark_settings":{"override_bookmark_button":"0","override_show_bookmark_button":"0"},"jnews_social_meta":[],"jnews_review":[],"enable_review":"","type":"percentage","name":"","summary":"","brand":"","sku":"","good":[],"bad":[],"score_override":"","override_value":"","rating":[],"price":[],"jnews_override_counter":{"view_counter_number":"0","share_counter_number":"0","like_counter_number":"0","dislike_counter_number":"0"},"footnotes":""},"categories":[130],"tags":[241,242,243,195],"class_list":["post-304","post","type-post","status-publish","format-standard","has-post-thumbnail","hentry","category-entrevistas","tag-antonio-agujetas-chico","tag-antonio-dorrey-de-los-santos","tag-cantaor-jerezano","tag-flamenco","pmpro-has-access"],"acf":[],"aioseo_notices":[],"gt_translate_keys":[{"key":"link","format":"url"}],"_links":{"self":[{"href":"https:\/\/expoflamenco.com\/revista\/wp-json\/wp\/v2\/posts\/304","targetHints":{"allow":["GET"]}}],"collection":[{"href":"https:\/\/expoflamenco.com\/revista\/wp-json\/wp\/v2\/posts"}],"about":[{"href":"https:\/\/expoflamenco.com\/revista\/wp-json\/wp\/v2\/types\/post"}],"author":[{"embeddable":true,"href":"https:\/\/expoflamenco.com\/revista\/wp-json\/wp\/v2\/users\/34"}],"replies":[{"embeddable":true,"href":"https:\/\/expoflamenco.com\/revista\/wp-json\/wp\/v2\/comments?post=304"}],"version-history":[{"count":0,"href":"https:\/\/expoflamenco.com\/revista\/wp-json\/wp\/v2\/posts\/304\/revisions"}],"wp:featuredmedia":[{"embeddable":true,"href":"https:\/\/expoflamenco.com\/revista\/wp-json\/wp\/v2\/media\/305"}],"wp:attachment":[{"href":"https:\/\/expoflamenco.com\/revista\/wp-json\/wp\/v2\/media?parent=304"}],"wp:term":[{"taxonomy":"category","embeddable":true,"href":"https:\/\/expoflamenco.com\/revista\/wp-json\/wp\/v2\/categories?post=304"},{"taxonomy":"post_tag","embeddable":true,"href":"https:\/\/expoflamenco.com\/revista\/wp-json\/wp\/v2\/tags?post=304"}],"curies":[{"name":"wp","href":"https:\/\/api.w.org\/{rel}","templated":true}]}}