{"id":3036,"date":"2025-06-11T20:33:44","date_gmt":"2025-06-11T18:33:44","guid":{"rendered":"https:\/\/expoflamenco.com\/revistanew\/el-rocio-iconoclasta-de-la-chachi\/"},"modified":"2025-06-11T20:33:44","modified_gmt":"2025-06-11T18:33:44","slug":"el-rocio-iconoclasta-de-la-chachi","status":"publish","type":"post","link":"https:\/\/expoflamenco.com\/revista\/el-rocio-iconoclasta-de-la-chachi\/","title":{"rendered":"El Roc\u00edo iconoclasta de La Chachi","gt_translate_keys":[{"key":"rendered","format":"text"}]},"content":{"rendered":"<p>En el panorama del baile flamenco actual, la malague\u00f1a <strong>Mar\u00eda del Mar Su\u00e1rez, La Chachi<\/strong>, aparece como un verso suelto, por m\u00e1s que se la asocie con frecuencia a nombres como <strong>Israel Galv\u00e1n<\/strong> o <strong>Roc\u00edo Molina<\/strong>. A diferencia de \u00e9stos, que parten de una s\u00f3lida formaci\u00f3n flamenca cl\u00e1sica para adentrarse en los caminos de la heterodoxia, La Chachi se ha movido desde el principio en los c\u00f3digos de la contemporaneidad: para ella, lo jondo no es un fin, sino un lenguaje m\u00e1s en su discurso, una herramienta para transmitir lo que quiere expresar.<\/p>\n<p>En la obra que trajo al <a href=\"https:\/\/www.cadizendanza.es\/\" target=\"_blank\" rel=\"noopener\">Festival Internacional C\u00e1diz en Danza<\/a>, <strong><em>Los inescalables Alpes, buscando a Currito<\/em><\/strong>, avalada con el premio Godot al mejor espect\u00e1culo de Danza, propone una metaf\u00f3rica romer\u00eda en busca del amor. Una enso\u00f1aci\u00f3n de tiernas manos cogidas y canciones \u00edntimas a la sombra de los pinos que va a derivar, en cambio, en un progresivo delirio cat\u00e1rquico lleno de fuerza y tambi\u00e9n de provocaci\u00f3n.<\/p>\n<p>Un escenario en penumbra, sonidos ambientales y la silueta de la bailaora destacada sobre las tablas marcan el comienzo de una obra que muy pronto va a llegar a un estribillo, el del himno de la <strong>Hermandad de Triana de la Virgen del Roc\u00edo<\/strong>, como una invitaci\u00f3n a la peregrinaci\u00f3n para artistas y p\u00fablico. Juntos, envueltos en la obsesiva repetici\u00f3n de esa letra \u2013este cronista calcul\u00f3 casi cuarenta minutos sin parar, hasta meterse como un clavo en la cabeza de todos los presentes\u2013 se convierte en un mantra, una invocaci\u00f3n que lleva al trance.<\/p>\n<p>&nbsp;<\/p>\n<blockquote><p><em>\u00abQuienes comparezcan dispuestos a abrir sus sentidos a una experiencia flamenca h\u00edbrida, lib\u00e9rrima y rompedora, encontrar\u00e1n a una artista capaz de suscitar muy distintas emociones. No todo es la b\u00fasqueda de la belleza o del duende, tambi\u00e9n puede resultar estimulante un paseo por el lado salvaje de la creaci\u00f3n\u00bb<\/em><\/p><\/blockquote>\n<p>&nbsp;<\/p>\n<p>A quienes acudan a una sala exigiendo un montaje flamenco al uso, <em>Los inescalables Alpes <\/em>de La Chachi no solo le desconcertar\u00e1, sino que muy probablemente puede inducirles al espanto. Los giros, el vuelo de las manos y los taconeos m\u00e1s o menos reconocibles se alternan con movimientos de mu\u00f1eco articulado o de tentetieso, elementos de danza contempor\u00e1nea y de baile callejero krump, cuando no con ese desmelene demencial de arrastres por el suelo, cabeceos fren\u00e9ticos, manotazos en el aire, luchas con el tel\u00f3n, amagos de arrancarse el corpi\u00f1o y liberar sus pechos.<\/p>\n<p>Quienes, en cambio, comparezcan dispuestos a abrir sus sentidos a una experiencia flamenca h\u00edbrida, lib\u00e9rrima y rompedora, encontrar\u00e1n a una artista capaz de suscitar muy distintas emociones. No todo es la b\u00fasqueda de la belleza o del duende, tambi\u00e9n puede resultar estimulante un paseo -una romer\u00eda- por el lado salvaje de la creaci\u00f3n, donde conmovernos, hacernos re\u00edr, incomodarnos y hasta indignarnos, especialmente si son ustedes devotos de la Virgen del Roc\u00edo o de cualquier otra virgen. Lo que no tolera es nuestra indiferencia.<\/p>\n<p>Porque La Chachi, eso parece indiscutible, <strong>no viene a traer la paz. Ni a guardar las esencias.<\/strong> Ni a ondear la bandera de ninguna denominaci\u00f3n de origen. Aunque la vemos besar repetidamente el suelo, el suyo no es un Roc\u00edo genuflexo, sino iconoclasta. Sale en busca del amor, seg\u00fan explica en la proyecci\u00f3n de texto final, como tantos peregrinos salen en sus carretas, en compa\u00f1\u00eda de sus hermanos de fe, pero nadie dijo que ese itinerario no pueda degenerar en el exceso y la locura. Y tampoco que ese amor est\u00e9 garantizado al final del camino.<\/p>\n<p>&nbsp;<\/p>\n<p><strong>Ficha art\u00edstica<\/strong><\/p>\n<p><em>Los inescalables Alpes, buscando a Currito. <\/em>La Chachi.<br \/>\nFestival Internacional C\u00e1diz en Danza<br \/>\nSala Central Lechera, C\u00e1diz<br \/>\nIdea original, direcci\u00f3n e int\u00e9rprete: Mar\u00eda del Mar Su\u00e1rez La Chachi<br \/>\nCante: Lola Dolores<br \/>\nGuitarra: Francisco Mart\u00edn<br \/>\nPercusi\u00f3n: Isaac Garc\u00eda<\/p>\n<p>&nbsp;<\/p>\n","protected":false,"gt_translate_keys":[{"key":"rendered","format":"html"}]},"excerpt":{"rendered":"<p>La bailaora malague\u00f1a se presenta en el Festival C\u00e1diz en Danza con \u2018Los inescalables Alpes, buscando a Currito\u2019, una obra provocadora y llena de fuerza en la que el flamenco no es un fin, sino un lenguaje m\u00e1s en su discurso.<\/p>\n","protected":false,"gt_translate_keys":[{"key":"rendered","format":"html"}]},"author":13,"featured_media":3037,"comment_status":"open","ping_status":"open","sticky":false,"template":"","format":"standard","meta":{"_acf_changed":false,"pmpro_default_level":"","jnews-multi-image_gallery":[],"jnews_single_post":{"format":"standard","override":[{"template":"2","parallax":"1","fullscreen":"1","layout":"right-sidebar","sidebar":"default-sidebar","second_sidebar":"default-sidebar","sticky_sidebar":"1","share_position":"bottom","share_float_style":"share-monocrhome","show_share_counter":"1","show_view_counter":"1","show_featured":"1","show_post_meta":"1","show_post_author":"1","show_post_author_image":"1","show_post_date":"1","post_date_format":"default","post_date_format_custom":"Y\/m\/d","show_post_reading_time":"1","post_reading_time_wpm":"250","post_calculate_word_method":"str_word_count","show_zoom_button":"1","zoom_button_out_step":"2","zoom_button_in_step":"3","show_post_tag":"1","show_popup_post":"1","number_popup_post":"1","show_post_related":"1","show_inline_post_related":"1"}],"image_override":[{"single_post_thumbnail_size":"no-crop","single_post_gallery_size":"crop-500"}],"trending_post_position":"meta","trending_post_label":"Trending","sponsored_post_label":"Sponsored by","disable_ad":"0","subtitle":"La bailaora malague\u00f1a se presenta en el Festival C\u00e1diz en Danza con \u2018Los inescalables Alpes, buscando a Currito\u2019, una obra provocadora y llena de fuerza en la que el flamenco no es un fin, sino un lenguaje m\u00e1s en su discurso."},"jnews_primary_category":{"id":"248"},"jnews_override_bookmark_settings":{"override_bookmark_button":"0","override_show_bookmark_button":"0"},"jnews_social_meta":[],"jnews_review":[],"enable_review":"","type":"percentage","name":"","summary":"","brand":"","sku":"","good":[],"bad":[],"score_override":"","override_value":"","rating":[],"price":[],"jnews_override_counter":{"view_counter_number":"0","share_counter_number":"0","like_counter_number":"0","dislike_counter_number":"0"},"footnotes":""},"categories":[46,38],"tags":[48,2704,2753,2754,2755,2756],"class_list":["post-3036","post","type-post","status-publish","format-standard","has-post-thumbnail","hentry","category-cronicas","category-en-portada","tag-bailaora-flamenca","tag-bailaora-malaguena","tag-festival-cadiz-en-danza","tag-la-chachi","tag-los-inescalables-alpes-buscando-a-currito","tag-maria-del-mar-suarez","pmpro-has-access"],"acf":[],"aioseo_notices":[],"gt_translate_keys":[{"key":"link","format":"url"}],"_links":{"self":[{"href":"https:\/\/expoflamenco.com\/revista\/wp-json\/wp\/v2\/posts\/3036","targetHints":{"allow":["GET"]}}],"collection":[{"href":"https:\/\/expoflamenco.com\/revista\/wp-json\/wp\/v2\/posts"}],"about":[{"href":"https:\/\/expoflamenco.com\/revista\/wp-json\/wp\/v2\/types\/post"}],"author":[{"embeddable":true,"href":"https:\/\/expoflamenco.com\/revista\/wp-json\/wp\/v2\/users\/13"}],"replies":[{"embeddable":true,"href":"https:\/\/expoflamenco.com\/revista\/wp-json\/wp\/v2\/comments?post=3036"}],"version-history":[{"count":0,"href":"https:\/\/expoflamenco.com\/revista\/wp-json\/wp\/v2\/posts\/3036\/revisions"}],"wp:featuredmedia":[{"embeddable":true,"href":"https:\/\/expoflamenco.com\/revista\/wp-json\/wp\/v2\/media\/3037"}],"wp:attachment":[{"href":"https:\/\/expoflamenco.com\/revista\/wp-json\/wp\/v2\/media?parent=3036"}],"wp:term":[{"taxonomy":"category","embeddable":true,"href":"https:\/\/expoflamenco.com\/revista\/wp-json\/wp\/v2\/categories?post=3036"},{"taxonomy":"post_tag","embeddable":true,"href":"https:\/\/expoflamenco.com\/revista\/wp-json\/wp\/v2\/tags?post=3036"}],"curies":[{"name":"wp","href":"https:\/\/api.w.org\/{rel}","templated":true}]}}