{"id":3020,"date":"2025-06-17T10:51:32","date_gmt":"2025-06-17T08:51:32","guid":{"rendered":"https:\/\/expoflamenco.com\/revistanew\/pesar-por-el-fallecimiento-de-almudena-molinares-viuda-de-el-torta\/"},"modified":"2025-06-17T10:51:32","modified_gmt":"2025-06-17T08:51:32","slug":"pesar-por-el-fallecimiento-de-almudena-molinares-viuda-de-el-torta","status":"publish","type":"post","link":"https:\/\/expoflamenco.com\/revista\/pesar-por-el-fallecimiento-de-almudena-molinares-viuda-de-el-torta\/","title":{"rendered":"Pesar por el fallecimiento de Almudena Molinares, viuda de El Torta","gt_translate_keys":[{"key":"rendered","format":"text"}]},"content":{"rendered":"<p>Casi doce a\u00f1os del adi\u00f3s al genial cantaor de la Plazuela de Jerez, su compa\u00f1era ya forma parte de un recuerdo compartido. Porque <strong>Almudena Molinares<\/strong> fue quien, en todos estos a\u00f1os, custodi\u00f3 y defendi\u00f3 el legado de <strong>Juan Moneo &#8216;El Torta&#8217;<\/strong> para mantenerlo muy vivo entre sus miles de seguidores repartidos por todo el mundo.<\/p>\n<p>Ella fue quien consigui\u00f3, con tes\u00f3n y valent\u00eda, organizar dos grandes homenajes en recuerdo de Juan. El \u00faltimo fue un multitudinario encuentro en Sanl\u00facar de Barrameda, lugar donde la pareja vivi\u00f3 una larga temporada. Fue para conmemorar el d\u00e9cimo aniversario del adi\u00f3s al cantaor.<\/p>\n<p>Los \u00faltimos desvelos de Almudena iban dirigidos a su hijo <strong>Juanito<\/strong>, a quien nombr\u00f3 legatario de la tarea de mantener siempre viva la llama de su padre Juan. Y como es l\u00f3gico a su otra hija, Axel.<\/p>\n<p>Fue una gran amiga de nuestro <a href=\"https:\/\/expoflamenco.com\/espacio\/\" target=\"_blank\" rel=\"noopener\">Espacio expoflamenco<\/a>. No en vano, acudi\u00f3 en varias ocasiones a presentar proyectos y actividades concernientes a la memoria de aquel en nuestra sede de Jerez. Lamentamos que no pudiera superar unos problemas de salud sobrevenidos a \u00faltima hora y que a la postre han resultado fatales.<\/p>\n<p>\u00a1Descanse en paz!<\/p>\n<p>&nbsp;<\/p>\n<blockquote class=\"wp-embedded-content\" data-secret=\"CZMq5EDCm4\"><p><a href=\"https:\/\/www.expoflamenco.com\/archivo\/espacio-expoflamenco-jerez\/de-como-el-vinilo-atrapo-el-duende-moreno-de-el-torta-con-moraito\/\">De c\u00f3mo el vinilo atrap\u00f3 el duende moreno de El Torta con Mora\u00edto<\/a><\/p><\/blockquote>\n<p><iframe class=\"wp-embedded-content\" sandbox=\"allow-scripts\" security=\"restricted\" style=\"position: absolute; visibility: hidden;\" title=\"\u00abDe c\u00f3mo el vinilo atrap\u00f3 el duende moreno de El Torta con Mora\u00edto\u00bb \u2014 Archivo expoflamenco\" src=\"https:\/\/www.expoflamenco.com\/archivo\/espacio-expoflamenco-jerez\/de-como-el-vinilo-atrapo-el-duende-moreno-de-el-torta-con-moraito\/embed\/#?secret=X9zKjkexji#?secret=CZMq5EDCm4\" data-secret=\"CZMq5EDCm4\" width=\"500\" height=\"282\" frameborder=\"0\" marginwidth=\"0\" marginheight=\"0\" scrolling=\"no\"><\/iframe><\/p>\n<p>&nbsp;<\/p>\n","protected":false,"gt_translate_keys":[{"key":"rendered","format":"html"}]},"excerpt":{"rendered":"<p>Los \u00faltimos desvelos de Almudena iban dirigidos a su hijo Juanito, a quien nombr\u00f3 legatario de la tarea de mantener siempre viva la llama de su padre, Juan Moneo.<\/p>\n","protected":false,"gt_translate_keys":[{"key":"rendered","format":"html"}]},"author":62,"featured_media":3021,"comment_status":"open","ping_status":"open","sticky":false,"template":"","format":"standard","meta":{"_acf_changed":false,"pmpro_default_level":"","jnews-multi-image_gallery":[],"jnews_single_post":{"format":"standard","override":[{"template":"2","parallax":"1","fullscreen":"1","layout":"right-sidebar","sidebar":"default-sidebar","second_sidebar":"default-sidebar","sticky_sidebar":"1","share_position":"bottom","share_float_style":"share-monocrhome","show_share_counter":"1","show_view_counter":"1","show_featured":"1","show_post_meta":"1","show_post_author":"1","show_post_author_image":"1","show_post_date":"1","post_date_format":"default","post_date_format_custom":"Y\/m\/d","show_post_reading_time":"1","post_reading_time_wpm":"250","post_calculate_word_method":"str_word_count","show_zoom_button":"1","zoom_button_out_step":"2","zoom_button_in_step":"3","show_post_tag":"1","show_popup_post":"1","number_popup_post":"1","show_post_related":"1","show_inline_post_related":"1"}],"image_override":[{"single_post_thumbnail_size":"no-crop","single_post_gallery_size":"crop-500"}],"trending_post_position":"meta","trending_post_label":"Trending","sponsored_post_label":"Sponsored by","disable_ad":"0","subtitle":"Los \u00faltimos desvelos de Almudena iban dirigidos a su hijo Juanito, a quien nombr\u00f3 legatario de la tarea de mantener siempre viva la llama de su padre, Juan Moneo."},"jnews_primary_category":{"id":"4226"},"jnews_override_bookmark_settings":{"override_bookmark_button":"0","override_show_bookmark_button":"0"},"jnews_social_meta":[],"jnews_review":[],"enable_review":"","type":"percentage","name":"","summary":"","brand":"","sku":"","good":[],"bad":[],"score_override":"","override_value":"","rating":[],"price":[],"jnews_override_counter":{"view_counter_number":"0","share_counter_number":"0","like_counter_number":"0","dislike_counter_number":"0"},"footnotes":""},"categories":[37,38],"tags":[2734,2735,100,2736],"class_list":["post-3020","post","type-post","status-publish","format-standard","has-post-thumbnail","hentry","category-actualidad","category-en-portada","tag-almudena-molinares","tag-juan-moneo-el-torta","tag-muerte","tag-viuda-de-el-torta","pmpro-has-access"],"acf":[],"aioseo_notices":[],"gt_translate_keys":[{"key":"link","format":"url"}],"_links":{"self":[{"href":"https:\/\/expoflamenco.com\/revista\/wp-json\/wp\/v2\/posts\/3020","targetHints":{"allow":["GET"]}}],"collection":[{"href":"https:\/\/expoflamenco.com\/revista\/wp-json\/wp\/v2\/posts"}],"about":[{"href":"https:\/\/expoflamenco.com\/revista\/wp-json\/wp\/v2\/types\/post"}],"author":[{"embeddable":true,"href":"https:\/\/expoflamenco.com\/revista\/wp-json\/wp\/v2\/users\/62"}],"replies":[{"embeddable":true,"href":"https:\/\/expoflamenco.com\/revista\/wp-json\/wp\/v2\/comments?post=3020"}],"version-history":[{"count":0,"href":"https:\/\/expoflamenco.com\/revista\/wp-json\/wp\/v2\/posts\/3020\/revisions"}],"wp:featuredmedia":[{"embeddable":true,"href":"https:\/\/expoflamenco.com\/revista\/wp-json\/wp\/v2\/media\/3021"}],"wp:attachment":[{"href":"https:\/\/expoflamenco.com\/revista\/wp-json\/wp\/v2\/media?parent=3020"}],"wp:term":[{"taxonomy":"category","embeddable":true,"href":"https:\/\/expoflamenco.com\/revista\/wp-json\/wp\/v2\/categories?post=3020"},{"taxonomy":"post_tag","embeddable":true,"href":"https:\/\/expoflamenco.com\/revista\/wp-json\/wp\/v2\/tags?post=3020"}],"curies":[{"name":"wp","href":"https:\/\/api.w.org\/{rel}","templated":true}]}}