{"id":2992,"date":"2025-06-24T10:45:45","date_gmt":"2025-06-24T08:45:45","guid":{"rendered":"https:\/\/expoflamenco.com\/revistanew\/paradores-y-el-festival-de-merida-impulsan-al-arte-jondo-en-enclaves-patrimoniales\/"},"modified":"2025-06-24T10:45:45","modified_gmt":"2025-06-24T08:45:45","slug":"paradores-y-el-festival-de-merida-impulsan-al-arte-jondo-en-enclaves-patrimoniales","status":"publish","type":"post","link":"https:\/\/expoflamenco.com\/revista\/paradores-y-el-festival-de-merida-impulsan-al-arte-jondo-en-enclaves-patrimoniales\/","title":{"rendered":"Paradores y el Festival de M\u00e9rida impulsan al arte jondo en enclaves patrimoniales","gt_translate_keys":[{"key":"rendered","format":"text"}]},"content":{"rendered":"<p class=\"p1\">El flamenco, declarado Patrimonio Cultural Inmaterial de la Humanidad, suma un nuevo aliado institucional para seguir reivindic\u00e1ndose como uno de los principales g\u00e9neros art\u00edsticos de Espa\u00f1a. Por primera vez, <a href=\"https:\/\/paradores.es\/\"><span class=\"s1\">Paradores<\/span><\/a> y el <a href=\"https:\/\/festivalflamencomerida.es\/\"><span class=\"s1\">Festival de Flamenco de M\u00e9rida<\/span><\/a> han rubricado un acuerdo de colaboraci\u00f3n que pone de relieve el arte jondo en un entorno de incalculable riqueza patrimonial.<\/p>\n<p class=\"p1\">La firma del convenio, protagonizada por <strong>Raquel S\u00e1nchez<\/strong>, presidenta de Paradores, y <strong>Francisca Mart\u00edn<\/strong>, directora del Festival, supone un espaldarazo a la cuarta edici\u00f3n de este certamen, a celebrar entre el 18 de octubre y el 8 de noviembre de 2025. En esta ocasi\u00f3n, la programaci\u00f3n girar\u00e1 en torno a la figura irrepetible de <strong>Juan Pe\u00f1a El Lebrijano<\/strong>, con cinco espect\u00e1culos de altura que se celebrar\u00e1n en el hist\u00f3rico Teatro Mar\u00eda Luisa de M\u00e9rida.<\/p>\n<p class=\"p1\">Raquel S\u00e1nchez ha destacado el papel de Paradores como agente cultural en los territorios donde tiene presencia: \u00abUnimos turismo y cultura en una misma experiencia, ofreciendo al viajero no solo alojamiento, sino vivencias \u00fanicas. Con esta alianza, contribuimos a la difusi\u00f3n del flamenco como arte universal y a la puesta en valor del patrimonio monumental que alberga nuestra red de establecimientos\u00bb.<\/p>\n<p>&nbsp;<\/p>\n<blockquote><p><em>\u00abUnimos turismo y cultura en una misma experiencia, ofreciendo al viajero no solo alojamiento, sino vivencias \u00fanicas. Con esta alianza, contribuimos a la difusi\u00f3n del flamenco como arte universal\u00bb<\/em><\/p><\/blockquote>\n<p>&nbsp;<\/p>\n<p class=\"p1\">La colaboraci\u00f3n incluye ventajas directas para los <strong>Amigos de Paradores<\/strong>, que podr\u00e1n disfrutar de un veinte por ciento de descuento en la compra de entradas para el Festival si se alojan en el Parador de M\u00e9rida. Adem\u00e1s, los visitantes que pasen por cualquiera de los Paradores de Extremadura \u2014en C\u00e1ceres, Plasencia, Trujillo, Jarandilla, Guadalupe, M\u00e9rida o Zafra\u2014 podr\u00e1n informarse de la programaci\u00f3n flamenca a trav\u00e9s del material disponible en cada establecimiento, as\u00ed como en la revista, web y redes sociales de la cadena.<\/p>\n<p class=\"p1\">Tambi\u00e9n se contemplan <strong>beneficios para artistas y compa\u00f1\u00edas participantes<\/strong>, que dispondr\u00e1n de tarifas especiales en alojamiento, as\u00ed como el uso de espacios del Parador para actividades paralelas del Festival. La intenci\u00f3n es tejer sinergias duraderas, propiciando proyectos culturales conjuntos a medio y largo plazo.<\/p>\n<p class=\"p1\">Con este acuerdo, la capital extreme\u00f1a sigue consolid\u00e1ndose como una plaza flamenca de primer nivel, donde <strong>el cante, el toque y el baile dialogan con la historia milenaria de sus calles<\/strong>.<\/p>\n<p>&nbsp;<\/p>\n","protected":false,"gt_translate_keys":[{"key":"rendered","format":"html"}]},"excerpt":{"rendered":"<p>El acuerdo entre ambas entidades apuesta por una programaci\u00f3n flamenca con sabor a historia, afianzando la conexi\u00f3n entre cultura y turismo en la capital extreme\u00f1a.<\/p>\n","protected":false,"gt_translate_keys":[{"key":"rendered","format":"html"}]},"author":5,"featured_media":2993,"comment_status":"open","ping_status":"open","sticky":false,"template":"","format":"standard","meta":{"_acf_changed":false,"pmpro_default_level":"","jnews-multi-image_gallery":[],"jnews_single_post":{"format":"standard","override":[{"template":"2","parallax":"1","fullscreen":"1","layout":"right-sidebar","sidebar":"default-sidebar","second_sidebar":"default-sidebar","sticky_sidebar":"1","share_position":"bottom","share_float_style":"share-monocrhome","show_share_counter":"1","show_view_counter":"1","show_featured":"1","show_post_meta":"1","show_post_author":"1","show_post_author_image":"1","show_post_date":"1","post_date_format":"default","post_date_format_custom":"Y\/m\/d","show_post_reading_time":"1","post_reading_time_wpm":"250","post_calculate_word_method":"str_word_count","show_zoom_button":"1","zoom_button_out_step":"2","zoom_button_in_step":"3","show_post_tag":"1","show_popup_post":"1","number_popup_post":"1","show_post_related":"1","show_inline_post_related":"1"}],"image_override":[{"single_post_thumbnail_size":"no-crop","single_post_gallery_size":"crop-500"}],"trending_post_position":"meta","trending_post_label":"Trending","sponsored_post_label":"Sponsored by","disable_ad":"0","subtitle":"El acuerdo entre ambas entidades apuesta por una programaci\u00f3n flamenca con sabor a historia, afianzando la conexi\u00f3n entre cultura y turismo en la capital extreme\u00f1a."},"jnews_primary_category":{"id":"4226"},"jnews_override_bookmark_settings":{"override_bookmark_button":"0","override_show_bookmark_button":"0"},"jnews_social_meta":[],"jnews_review":[],"enable_review":"","type":"percentage","name":"","summary":"","brand":"","sku":"","good":[],"bad":[],"score_override":"","override_value":"","rating":[],"price":[],"jnews_override_counter":{"view_counter_number":"0","share_counter_number":"0","like_counter_number":"0","dislike_counter_number":"0"},"footnotes":""},"categories":[37,38],"tags":[2701,60,2702,2703],"class_list":["post-2992","post","type-post","status-publish","format-standard","has-post-thumbnail","hentry","category-actualidad","category-en-portada","tag-acuerdo-colaboracion","tag-festival-flamenco","tag-festival-flamenco-de-merida","tag-paradores","pmpro-has-access"],"acf":[],"aioseo_notices":[],"gt_translate_keys":[{"key":"link","format":"url"}],"_links":{"self":[{"href":"https:\/\/expoflamenco.com\/revista\/wp-json\/wp\/v2\/posts\/2992","targetHints":{"allow":["GET"]}}],"collection":[{"href":"https:\/\/expoflamenco.com\/revista\/wp-json\/wp\/v2\/posts"}],"about":[{"href":"https:\/\/expoflamenco.com\/revista\/wp-json\/wp\/v2\/types\/post"}],"author":[{"embeddable":true,"href":"https:\/\/expoflamenco.com\/revista\/wp-json\/wp\/v2\/users\/5"}],"replies":[{"embeddable":true,"href":"https:\/\/expoflamenco.com\/revista\/wp-json\/wp\/v2\/comments?post=2992"}],"version-history":[{"count":0,"href":"https:\/\/expoflamenco.com\/revista\/wp-json\/wp\/v2\/posts\/2992\/revisions"}],"wp:featuredmedia":[{"embeddable":true,"href":"https:\/\/expoflamenco.com\/revista\/wp-json\/wp\/v2\/media\/2993"}],"wp:attachment":[{"href":"https:\/\/expoflamenco.com\/revista\/wp-json\/wp\/v2\/media?parent=2992"}],"wp:term":[{"taxonomy":"category","embeddable":true,"href":"https:\/\/expoflamenco.com\/revista\/wp-json\/wp\/v2\/categories?post=2992"},{"taxonomy":"post_tag","embeddable":true,"href":"https:\/\/expoflamenco.com\/revista\/wp-json\/wp\/v2\/tags?post=2992"}],"curies":[{"name":"wp","href":"https:\/\/api.w.org\/{rel}","templated":true}]}}