{"id":2990,"date":"2025-06-24T12:00:03","date_gmt":"2025-06-24T10:00:03","guid":{"rendered":"https:\/\/expoflamenco.com\/revistanew\/la-fundacion-paco-de-lucia-y-ey-espana-certifican-la-buena-salud-del-flamenco\/"},"modified":"2025-06-24T12:00:03","modified_gmt":"2025-06-24T10:00:03","slug":"la-fundacion-paco-de-lucia-y-ey-espana-certifican-la-buena-salud-del-flamenco","status":"publish","type":"post","link":"https:\/\/expoflamenco.com\/revista\/la-fundacion-paco-de-lucia-y-ey-espana-certifican-la-buena-salud-del-flamenco\/","title":{"rendered":"La Fundaci\u00f3n Paco de Luc\u00eda y EY Espa\u00f1a certifican la buena salud del flamenco","gt_translate_keys":[{"key":"rendered","format":"text"}]},"content":{"rendered":"<p>El <a href=\"https:\/\/www.circulobellasartes.com\/\" target=\"_blank\" rel=\"noopener\">C\u00edrculo de Bellas Artes<\/a> (Madrid) acogi\u00f3 recientemente la presentaci\u00f3n del informe <strong><em>El flamenco en Espa\u00f1a. Presente y futuro de un arte que est\u00e1 m\u00e1s vivo que nunca<\/em><\/strong>, resultado de una colaboraci\u00f3n entre <a href=\"https:\/\/www.ey.com\/es_es\" target=\"_blank\" rel=\"noopener\">EY Espa\u00f1a<\/a> y la <a href=\"https:\/\/fundacionpacodelucia.com\/noticias\/\" target=\"_blank\" rel=\"noopener\">Fundaci\u00f3n Paco de Luc\u00eda<\/a>. Partiendo de una encuesta nacional junto a entrevistas a expertos, el documento ofrece una radiograf\u00eda in\u00e9dita de la salud actual del flamenco, su proyecci\u00f3n social y los retos a los que se enfrenta.<\/p>\n<p>&nbsp;<\/p>\n<h3>Un arte presente y apreciado por millones<\/h3>\n<p>Seg\u00fan el estudio, aproximadamente el 72 por ciento de la poblaci\u00f3n espa\u00f1ola \u201327,4\u202fmillones de personas, incluidos extranjeros residentes\u2013 ha escuchado flamenco, mientras que el 31 por ciento lo considera <strong>un g\u00e9nero musical que le gusta<\/strong>, y un 4 por ciento lo sit\u00faa como su estilo favorito. Esto lo convierte en el s\u00e9ptimo g\u00e9nero musical m\u00e1s mencionado en Espa\u00f1a, despu\u00e9s de pop, rock, cl\u00e1sica, electr\u00f3nica, reggaet\u00f3n y cantautor.<\/p>\n<p>La penetraci\u00f3n del flamenco no se limita a Andaluc\u00eda: con una afinidad del 45 por ciento en esa comunidad, sorprende que comunidades como Madrid y la zona de Levante registren un 37 y un 30 por ciento, respectivamente. Adem\u00e1s, la adhesi\u00f3n al flamenco <strong>trasciende ideolog\u00edas pol\u00edticas<\/strong> y clases sociales, siendo similar entre votantes de izquierdas, derechas y ciudadanos de todas las clases .<\/p>\n<p>&nbsp;<\/p>\n<h3>El influjo de los j\u00f3venes<\/h3>\n<p>Contrariamente al t\u00f3pico de que el flamenco es exclusivo de generaciones mayores, el informe revela que el segmento de 18 a 29 a\u00f1os es el que muestra mayor entusiasmo: el 6 por ciento lo considera su g\u00e9nero favorito y el 36 por ciento lo sit\u00faa entre sus gustos musicales. Adem\u00e1s, un 62 por ciento de estos j\u00f3venes considera que el flamenco vive su mejor momento.<\/p>\n<p>Este dato sugiere una eficaz capacidad de adaptaci\u00f3n del flamenco, integrando nuevas corrientes como el \u201cnuevo flamenco\u201d, con figuras como <strong>Rosal\u00eda, Ni\u00f1a Pastori, Ketama<\/strong> o Mala Rodr\u00edguez, a quienes el p\u00fablico asocia fuertemente con la evoluci\u00f3n del g\u00e9nero.<\/p>\n<p>&nbsp;<\/p>\n<blockquote><p><em>\u00abEl flamenco ya no es un arte folcl\u00f3rico circunscrito a tablaos. Su influencia se extiende a la moda, el turismo, la educaci\u00f3n y las artes esc\u00e9nicas. El informe se\u00f1ala que es una industria con gran impacto socioecon\u00f3mico capaz de generar empleo, atraer inversiones y dinamizar sectores culturales relacionados\u00bb<\/em><\/p><\/blockquote>\n<p>&nbsp;<\/p>\n<h3>El flamenco como marca de identidad<\/h3>\n<p>El 62 por ciento de los espa\u00f1oles considera que <strong>Paco de Luc\u00eda<\/strong> es un \u00abartista muy importante\u00bb, mientras que otro 27 por ciento lo describe como \u00abimperecedero\u00bb. Adem\u00e1s, el 43 por ciento de la ciudadan\u00eda se siente \u201cmuy orgullosa\u201d del flamenco como embajador de la Marca Espa\u00f1a, aunque esa sensaci\u00f3n var\u00eda seg\u00fan la ideolog\u00eda.<\/p>\n<p>El flamenco ya no es un arte folcl\u00f3rico circunscrito a tablaos. Su influencia se extiende a la moda, el turismo, la educaci\u00f3n y las artes esc\u00e9nicas. El informe se\u00f1ala que es una industria con gran impacto socioecon\u00f3mico capaz de generar empleo, atraer inversiones y dinamizar sectores culturales relacionados.<\/p>\n<p>&nbsp;<\/p>\n<h3>Salud, popularidad y frecuencia de consumo<\/h3>\n<p>La percepci\u00f3n que predomina entre los espa\u00f1oles es que el flamenco goza de una buena salud: el 10 por ciento lo valora como \u201cen su mejor momento\u201d y el 46\u202fpor ciento como \u201cen un buen momento\u201d, frente al 6 por ciento que opina lo contrario.<\/p>\n<p>El h\u00e1bito de escucha es notable: <strong>el 11 por ciento dice escuchar flamenco \u201ccasi todos los d\u00edas\u201d<\/strong> y un 27 por ciento lo hace \u201ctodas o casi todas las semanas\u201d. Estos datos revelan un consumo regular, aunque apenas un 39 por ciento lo considera su g\u00e9nero favorito o habitual, lo cual abre una brecha significativa entre el inter\u00e9s general y los consumidores realmente fieles.<\/p>\n<p>&nbsp;<\/p>\n<h3>Entre lo tradicional y lo contempor\u00e1neo<\/h3>\n<p>Un 50 por ciento alude al flamenco tradicional cuando piensa en este arte, mientras que un 39 por ciento no hace distinci\u00f3n entre lo tradicional y lo nuevo. Adem\u00e1s, solo el 8 por ciento dice consumir \u00fanicamente flamenco tradicional, mientras que el 32 por ciento prefiere el \u201cnuevo flamenco\u201d. Esta tendencia indica un brillante potencial de sinergia entre lo cl\u00e1sico y lo moderno como v\u00eda de expansi\u00f3n.<\/p>\n<p>&nbsp;<\/p>\n<blockquote><p><em>\u00abSolo 2 de cada 10 encuestados creen que las instituciones respaldan suficientemente al flamenco. A pesar de iniciativas como la Ley Andaluza del Flamenco, el informe alerta de que los presupuestos en promoci\u00f3n y profesionalizaci\u00f3n siguen siendo insuficientes, y que todav\u00eda no se reconoce plenamente como industria cultural\u00bb<\/em><\/p><\/blockquote>\n<p>&nbsp;<\/p>\n<h3>Falta de estructura y apoyo institucional<\/h3>\n<p>Una de las conclusiones m\u00e1s contundentes del informe es la percepci\u00f3n p\u00fablica de un \u00abd\u00e9ficit de apoyo institucional\u00bb: solo 2 de cada 10 encuestados creen que las instituciones respaldan suficientemente al flamenco. A pesar de iniciativas como la reciente aprobaci\u00f3n de la Ley Andaluza del Flamenco, el informe alerta de que los presupuestos en promoci\u00f3n y profesionalizaci\u00f3n siguen siendo insuficientes, y que todav\u00eda no se reconoce plenamente como industria cultural.<\/p>\n<p>La Fundaci\u00f3n Paco de Luc\u00eda y EY advierten de la necesidad de establecer una estrategia de largo plazo \u2014una hoja de ruta\u2014 que fomente la <strong>colaboraci\u00f3n entre gobiernos, sector privado, instituciones educativas<\/strong>, asociacionismo y agentes culturales.<\/p>\n<p>&nbsp;<\/p>\n<h3>Retos futuros: formaci\u00f3n, datos, espacio colaborativo<\/h3>\n<p>El informe voltea ahora hacia el futuro: adem\u00e1s de solicitar m\u00e1s recursos, subraya la necesidad de mejorar la \u00abformaci\u00f3n y difusi\u00f3n del flamenco\u00bb, de disponer de \u00abestad\u00edsticas fiables\u00bb y de abrir \u00abespacios de colaboraci\u00f3n y reflexi\u00f3n\u00bb. Su prop\u00f3sito es consolidar el flamenco no solo como un fen\u00f3meno cultural, sino tambi\u00e9n como una industria creativa sostenible y generadora de talento.<\/p>\n<p>&nbsp;<\/p>\n<p>En conclusi\u00f3n, el flamenco en Espa\u00f1a ya no es patrimonio exclusivo de una regi\u00f3n o generaci\u00f3n. Es una fuerza viva que se renueva, que llega a los j\u00f3venes, que enorgullece internacionalmente y que demanda reconocimiento institucional. Sin embargo, para que esta fuerza siga creciendo se requiere unir pasiones: artistas, ciudadanos, t\u00e9cnicos, gestores y gobiernos deben tejer juntos el futuro del flamenco.<\/p>\n<p>&nbsp;<\/p>\n<blockquote><p><em>\u00abEl flamenco en Espa\u00f1a ya no es patrimonio exclusivo de una regi\u00f3n o generaci\u00f3n. Es una fuerza viva que se renueva, que llega a los j\u00f3venes, que enorgullece internacionalmente y que demanda reconocimiento institucional\u00bb<\/em><\/p><\/blockquote>\n<p>&nbsp;<\/p>\n<p>En su esencia m\u00e1s profunda, este informe establece un doble mandato: \u00abcelebrar\u00bb el momento de esplendor del flamenco \u2014una herencia de duende y talento\u2014 y \u00abactuar\u00bb con determinaci\u00f3n para que esa energ\u00eda no pierda ritmo ni sentido. Como dec\u00eda Paco de Luc\u00eda, el flamenco \u201ces la banda sonora de nuestra historia\u201d. Un patrimonio ancestral que hoy puede \u2014y debe\u2014 mirar al futuro con la misma grandeza con que cuenta su pasado.<\/p>\n<p>Este informe, en definitiva, es una invitaci\u00f3n: el flamenco nos observa pero depende de nosotros. Est\u00e1 m\u00e1s vivo que nunca, y si lo hacemos con decisi\u00f3n, vivir\u00e1 a\u00fan m\u00e1s. \u2666<\/p>\n<p>&nbsp;<\/p>\n<p><a href=\"https:\/\/fundacionpacodelucia.com\/wp-content\/uploads\/2025\/06\/ey-informe-el-flamenco-en-espana.pdf\" target=\"_blank\" rel=\"noopener\">\u2192 Ver aqu\u00ed el informe completo de EY Espa\u00f1a y la Fundaci\u00f3n Paco de Luc\u00eda.<\/a><\/p>\n<p>&nbsp;<\/p>\n<div class=\"jeg_video_container jeg_video_content\"><iframe title=\"Informe sobre el pacto del flamenco en Espa\u00f1a\" width=\"500\" height=\"281\" src=\"https:\/\/www.youtube.com\/embed\/03lEP2RPl0E?feature=oembed\" frameborder=\"0\" allow=\"accelerometer; autoplay; clipboard-write; encrypted-media; gyroscope; picture-in-picture; web-share\" referrerpolicy=\"strict-origin-when-cross-origin\" allowfullscreen><\/iframe><\/div>\n<p>&nbsp;<\/p>\n","protected":false,"gt_translate_keys":[{"key":"rendered","format":"html"}]},"excerpt":{"rendered":"<p>El C\u00edrculo de Bellas Artes (Madrid) acogi\u00f3 recientemente la presentaci\u00f3n del informe &#8216;El flamenco en Espa\u00f1a. Presente y futuro de un arte que est\u00e1 m\u00e1s vivo que nunca&#8217;. El documento celebra el momento de esplendor del flamenco y llama a actuar con determinaci\u00f3n para que esa energ\u00eda no pierda ritmo ni sentido.<\/p>\n","protected":false,"gt_translate_keys":[{"key":"rendered","format":"html"}]},"author":5,"featured_media":2991,"comment_status":"open","ping_status":"open","sticky":false,"template":"","format":"standard","meta":{"_acf_changed":false,"pmpro_default_level":"","jnews-multi-image_gallery":[],"jnews_single_post":{"format":"standard","override":[{"template":"2","parallax":"1","fullscreen":"1","layout":"right-sidebar","sidebar":"default-sidebar","second_sidebar":"default-sidebar","sticky_sidebar":"1","share_position":"bottom","share_float_style":"share-monocrhome","show_share_counter":"1","show_view_counter":"1","show_featured":"1","show_post_meta":"1","show_post_author":"1","show_post_author_image":"1","show_post_date":"1","post_date_format":"default","post_date_format_custom":"Y\/m\/d","show_post_reading_time":"1","post_reading_time_wpm":"250","post_calculate_word_method":"str_word_count","show_zoom_button":"1","zoom_button_out_step":"2","zoom_button_in_step":"3","show_post_tag":"1","show_popup_post":"1","number_popup_post":"1","show_post_related":"1","show_inline_post_related":"1"}],"image_override":[{"single_post_thumbnail_size":"no-crop","single_post_gallery_size":"crop-500"}],"trending_post_position":"meta","trending_post_label":"Trending","sponsored_post_label":"Sponsored by","disable_ad":"0","subtitle":"El C\u00edrculo de Bellas Artes (Madrid) acogi\u00f3 recientemente la presentaci\u00f3n del informe 'El flamenco en Espa\u00f1a. Presente y futuro de un arte que est\u00e1 m\u00e1s vivo que nunca'. El documento celebra el momento de esplendor del flamenco y llama a actuar con determinaci\u00f3n para que esa energ\u00eda no pierda ritmo ni sentido."},"jnews_primary_category":[],"jnews_override_bookmark_settings":{"override_bookmark_button":"0","override_show_bookmark_button":"0"},"jnews_social_meta":[],"jnews_review":[],"enable_review":"","type":"percentage","name":"","summary":"","brand":"","sku":"","good":[],"bad":[],"score_override":"","override_value":"","rating":[],"price":[],"jnews_override_counter":{"view_counter_number":"0","share_counter_number":"0","like_counter_number":"0","dislike_counter_number":"0"},"footnotes":""},"categories":[37,38],"tags":[2696,2697,2698,2699,2700],"class_list":["post-2990","post","type-post","status-publish","format-standard","has-post-thumbnail","hentry","category-actualidad","category-en-portada","tag-el-flamenco-en-espana","tag-ey-espana","tag-fundacion-paco-de-lucia","tag-informe-flamenco","tag-presente-y-futuro-de-un-arte-que-esta-mas-vivo-que-nunca","pmpro-has-access"],"acf":[],"aioseo_notices":[],"gt_translate_keys":[{"key":"link","format":"url"}],"_links":{"self":[{"href":"https:\/\/expoflamenco.com\/revista\/wp-json\/wp\/v2\/posts\/2990","targetHints":{"allow":["GET"]}}],"collection":[{"href":"https:\/\/expoflamenco.com\/revista\/wp-json\/wp\/v2\/posts"}],"about":[{"href":"https:\/\/expoflamenco.com\/revista\/wp-json\/wp\/v2\/types\/post"}],"author":[{"embeddable":true,"href":"https:\/\/expoflamenco.com\/revista\/wp-json\/wp\/v2\/users\/5"}],"replies":[{"embeddable":true,"href":"https:\/\/expoflamenco.com\/revista\/wp-json\/wp\/v2\/comments?post=2990"}],"version-history":[{"count":0,"href":"https:\/\/expoflamenco.com\/revista\/wp-json\/wp\/v2\/posts\/2990\/revisions"}],"wp:featuredmedia":[{"embeddable":true,"href":"https:\/\/expoflamenco.com\/revista\/wp-json\/wp\/v2\/media\/2991"}],"wp:attachment":[{"href":"https:\/\/expoflamenco.com\/revista\/wp-json\/wp\/v2\/media?parent=2990"}],"wp:term":[{"taxonomy":"category","embeddable":true,"href":"https:\/\/expoflamenco.com\/revista\/wp-json\/wp\/v2\/categories?post=2990"},{"taxonomy":"post_tag","embeddable":true,"href":"https:\/\/expoflamenco.com\/revista\/wp-json\/wp\/v2\/tags?post=2990"}],"curies":[{"name":"wp","href":"https:\/\/api.w.org\/{rel}","templated":true}]}}