{"id":2988,"date":"2025-06-24T13:56:36","date_gmt":"2025-06-24T11:56:36","guid":{"rendered":"https:\/\/expoflamenco.com\/revistanew\/apuntes-y-fotogaleria-del-vii-festival-flamenco-valle-gitano\/"},"modified":"2025-06-24T13:56:36","modified_gmt":"2025-06-24T11:56:36","slug":"apuntes-y-fotogaleria-del-vii-festival-flamenco-valle-gitano","status":"publish","type":"post","link":"https:\/\/expoflamenco.com\/revista\/apuntes-y-fotogaleria-del-vii-festival-flamenco-valle-gitano\/","title":{"rendered":"Apuntes y fotogaler\u00eda del VII Festival Flamenco Valle Gitano","gt_translate_keys":[{"key":"rendered","format":"text"}]},"content":{"rendered":"<p class=\"p1\">Tras los actos protocolarios y la presentaci\u00f3n de quien les escribe que por escueta que se pretendiera supongo que aun as\u00ed algo aburri\u00f3, se lacr\u00f3 la primera noche para los anales de la historia del festival con el cante de <b>El Ni\u00f1o de Gines <\/b>y <b>El Pechuguita<\/b>, la guitarra de <b>Jes\u00fas Rodr\u00edguez<\/b>, el comp\u00e1s de <b>Emilio Casta\u00f1eda<\/b> y <b>Fali del El\u00e9ctrico<\/b> y la apote\u00f3sica pincelada de baile de <b>\u00c1gueda Saavedra<\/b> con el cante por buler\u00eda por sole\u00e1 de <b>Mar\u00eda Terremoto<\/b>, momentazo \u00fanico e irrepetible que quedar\u00e1 en la talega de los repelucos de la afici\u00f3n. El Ni\u00f1o de Gines se desarm\u00f3 por seguiriyas, doblando un macho con empaque y enjundia. El Pechuguita destac\u00f3 en los cantes libres y le hizo un monumento por buler\u00edas a <b>Luis de La Pica<\/b>. Jes\u00fas estuvo a la altura con sus cuerdas y el comp\u00e1s rebos\u00f3 en las manos de Emilio y Fali. Me vais a permitir que no ahonde en la cr\u00edtica por aquello de no ser juez y parte, aunque con la honradez por delante tampoco habr\u00eda problema alguno. Quede as\u00ed por esta vez y al final os cuento m\u00e1s sobre las pe\u00f1as.<\/p>\n<p>La segunda noche, rindiendo honores a <b>Antonio Cort\u00e9s Pantoja \u2018Chiquetete\u2019<\/b>, principi\u00f3 como si de un ritual se tratara, sin mediar presentaci\u00f3n alguna con el sentido homenaje cantado de <b>Alicia Gil<\/b>, acompa\u00f1ada a los coros y al comp\u00e1s por su hija <b>Carmela Espinosa<\/b> \u2013que cada vez canta m\u00e1s rico\u2013 y su marido <b>Lito Espinosa<\/b> a la guitarra. Conformaron el mejor de los homenajes a su amigo Antonio, dibujando los tercios desde el coraz\u00f3n y templando en sus gargantas y la baja\u00f1\u00ed los cantes del a\u00f1orado artista, hilvanados unos con otros, sin buscar el protagonismo, llenando el entarimao de verdadera admiraci\u00f3n y cari\u00f1o, como el que reza o ayuda desde el anonimato por la necesidad imperiosa del alma de agasajar a quien se quiere y recuerda, sin importar el nombre de quien ofrece sino el de al que llega el tributo. Precioso el gesto.<\/p>\n<p class=\"p1\"><b>Manuel Curao<\/b> present\u00f3 con la excelencia de costumbre \u2013para eso es un maestro de la palabra\u2013 este festival solidario, que recauda fondos para las obras asistenciales de la <b>Hermandad Sacramental de Los Gitanos<\/b>.<\/p>\n<p>&nbsp;<\/p>\n<blockquote><p><em>\u00abFarruquito entr\u00f3 de lleno al grano, con algunos adornos de espectacularidad, pero su baile supo a gloria. Elegante, varonil y gitano. Con los desplantes y pat\u00e1s de siempre, emocionando como siempre, a los de siempre\u00bb<\/em><\/p><\/blockquote>\n<p>&nbsp;<\/p>\n\n<p>&nbsp;<\/p>\n<p class=\"p1\"><b>Diego Amador<\/b> hizo magia con el piano, escarbando entre sus cuerdas, <i>loopeando <\/i>su comp\u00e1s, mimando con su cante los ecos de <b>Camar\u00f3n<\/b>, jugando a los escarceos jazz\u00edsticos, desbordante de talento en las buler\u00edas, alegr\u00edas, sole\u00e1, taranto, cartagenera\u2026 pero no pleno de voz, lo que merm\u00f3 su encanto, resultando menos convincente que en otras ocasiones. No siempre se est\u00e1 igual, a pesar de ser un genio. O precisamente por eso.<\/p>\n<p class=\"p1\"><b>Argentina<\/b> no se excedi\u00f3 en el repertorio y gust\u00f3 as\u00ed, m\u00e1s comedida, abriendo potente por ton\u00e1s y martinetes mir\u00e1ndose en <b>Mairena<\/b>, melosa por tientos y zalamera en los tangos de Triana. Se rebusc\u00f3 bien los aires de Utrera en la sole\u00e1 por buler\u00eda, las canti\u00f1as compartidas con Lebrija y las buler\u00edas o el cupl\u00e9 de <i>Mar\u00eda de las Mercedes<\/i>, sin olvidarse de su cuna abrochando su intervenci\u00f3n con tron\u00edo por fandangos de Huelva. <b>Javier Ib\u00e1nez<\/b> la sigui\u00f3 con merecimientos a la guitarra. <b>Jos\u00e9 Carrasco<\/b> hizo lo propio a la percusi\u00f3n. <b>Juan de Oruco<\/b>, <b>Jos\u00e9 de Pit\u00edn<\/b> y <b>Gaspar del Cuchara<\/b> pusieron las palmas y <b>Pit\u00edn hijo<\/b> la segunda sonanta. Utrera de compa\u00f1\u00eda.<\/p>\n<p class=\"p1\">Tras un interminable y errado negro esc\u00e9nico mientras prepararon las tablas para el baile, donde bien pudieron haber metido el emotivo homenaje que se le ofici\u00f3 a Chiquetete, cuya lista de \u00e9xitos sonaba de fondo, a <b>Farruquito <\/b>no le dio tiempo m\u00e1s que a embelesar, arrasando en el proscenio. Porque no hubo lugar en el reloj para los abusos. Entr\u00f3 de lleno al grano, con algunos adornos de espectacularidad, pero su baile supo a gloria. Elegante, varonil y gitano. Con los desplantes y pat\u00e1s de siempre, emocionando como siempre, a los de siempre. <b>Mari Viz\u00e1rraga<\/b> raj\u00f3 su garganta adoquin\u00e1 de alfileritos punzantes y <b>Pepe de Pura <\/b>endulz\u00f3 con sus mec\u00edas de personalidad. La percusi\u00f3n no fall\u00f3 a manos de <b>Paquito Vega<\/b>, marcando con gusto las vereas de los tiempos. <b>Antonio Santiago \u2018\u00d1o\u00f1o\u2019<\/b> descoll\u00f3 en el acompa\u00f1amiento a la guitarra, sirviendo sin ostentaciones, preciso, jondo y flamenco.<\/p>\n<p class=\"p1\"><b>Fran Cort\u00e9s<\/b>, hijo de Chiquetete, le dedic\u00f3 un pu\u00f1ao de letras cantando y tocando, recordando a su padre y a <b>Manuel Molina<\/b>, siendo uno de los instantes m\u00e1s sensibles de la noche, con el izquierdo en su ga\u00f1ote y la emoci\u00f3n a flor de piel.<\/p>\n<p class=\"p1\">No fue una velada con demasiados pellizcos, aunque tuvo sus momentitos. Puso el candado al asunto la casa de los Tomasa. Tres generaciones de cantaores de la estirpe de la Alameda, con los <b>Torre <\/b>y <b>Vallejo<\/b> en vena, conjugaron sobre los maderos la ortodoxia m\u00e1s rancia y castiza con el sello de su ralea. Regalaron un ba\u00f1o de flamenco por derecho que a esas horas a algunos les aburri\u00f3 y a otros les supo a tocino de cielo. Porque derrocharon la denominaci\u00f3n de origen de su apellido comenzando <b>Manuel de la Tomasa<\/b> con los aires levantinos de la taranta, secundado por <b>Gabriel<\/b>, que riz\u00f3 las cadencias mel\u00f3dicas de la sole\u00e1 de Triana a su antojo, aportando su impronta de fina musicalidad. Acab\u00f3 con el cuadro el veterano <b>Jos\u00e9 de la Tomasa<\/b> impartiendo maestr\u00eda especialmente en la malague\u00f1a grana\u00edna de <b>Cayetano Muriel<\/b> y los abandolaos y luego por seguiriya, coronando por <b>Curro Durse<\/b>. La ronda de ton\u00e1s de los Tomasa, con el aforo resumido a los valientes y jartibles, ech\u00f3 con rea\u00f1os el cerrojo al festival.<\/p>\n<p>&nbsp;<\/p>\n<blockquote><p><em>\u00abAcab\u00f3 con el cuadro el veterano Jos\u00e9 de la Tomasa impartiendo maestr\u00eda especialmente en la malague\u00f1a grana\u00edna de Cayetano Muriel y los abandolaos, y luego por seguiriya, coronando por Curro Durse. La ronda de ton\u00e1s de los Tomasa, con el aforo resumido a los valientes y jartibles, ech\u00f3 con rea\u00f1os el cerrojo al festival\u00bb<\/em><\/p><\/blockquote>\n<p>&nbsp;<\/p>\n<p class=\"p1\">En presencia de los hijos de Chiquetete y el Hermano Mayor de la Hermandad de Los Gitanos <b>Jos\u00e9 Mari Flores<\/b>, que se despide del cargo tras ocho a\u00f1os de liderazgo y buen hacer, <b>Roc\u00edo Flores<\/b> ley\u00f3 en el espacio del homenaje la glosa que firm\u00f3 la pluma de <b>Antonio Ortega<\/b> al admirado cantaor. Y se entregaron obsequios.<\/p>\n<p class=\"p1\">El viernes se conmemor\u00f3 el medio siglo de dos pe\u00f1as se\u00f1eras de Sevilla: <b>La Fragua <\/b>y la <b>Pe\u00f1a Cultural Flamenca de Tomares<\/b>. En el acto de celebraci\u00f3n participaron la presidenta de la Pe\u00f1a La Fragua, <b>Angelita Fern\u00e1ndez<\/b>, y el delegado del distrito de Bellavista, <b>\u00c1lvaro Jes\u00fas Pimentel<\/b>, <b>Concha Prieto<\/b> como miembro de la junta de Tomares, presidenta de la <b>Federaci\u00f3n Provincial de Sevilla de Entidades Flamencas<\/b> y a su vez presidenta de la <b>Confederaci\u00f3n Andaluza de Pe\u00f1as Flamencas<\/b>, el presidente de la Pe\u00f1a de Tomares, <b>Antonio Novella<\/b>, la delegada especial de Fiesta Mayores de Tomares, <b>Mar\u00eda Toledo,<\/b> y<b> <\/b>Jos\u00e9 Mari Flores. Todos ellos intervinieron en el atril con j\u00fabilo por los cincuenta a\u00f1os cumplidos de ambas pe\u00f1as. La Hermandad de Los Gitanos les entreg\u00f3 a cada entidad una hermosa figura del titular de su cofrad\u00eda <b>Nuestro Padre Jes\u00fas de la Salud<\/b> y Novella impuso el pin del cincuentenario de su pe\u00f1a a este presentador.<\/p>\n<p>&nbsp;<\/p>\n<h3 class=\"p1\"><b>La Fragua<\/b><\/h3>\n<p class=\"p1\">La Pe\u00f1a Flamenca La Fragua<b> <\/b>de Bellavista es una de las m\u00e1s emblem\u00e1ticas y con mayor tradici\u00f3n de Sevilla, siendo la segunda fundada en la capital, el 27 de abril de 1975, y que se ha consolidado en la difusi\u00f3n del flamenco m\u00e1s ortodoxo, manteniendo su actividad a pesar de todas las dificultades que ha sufrido y de estar situada en el extrarradio de la ciudad, gracias al esfuerzo voluntario de sus miembros y al apoyo de la afici\u00f3n local.<\/p>\n<p class=\"p1\">Su fundaci\u00f3n fue fruto de la iniciativa y pasi\u00f3n de un grupo de amigos y aficionados al flamenco del barrio sevillano de Bellavista. Unos cuarenta y cinco socios fundadores, muchos de los cuales llegaron a Bellavista desde diferentes puntos de Andaluc\u00eda, especialmente de pueblos de Sevilla, C\u00f3rdoba y M\u00e1laga, aportando una visi\u00f3n diversa y enriquecedora a un proyecto que buscaba llenar el vac\u00edo cultural flamenco existente entonces en su barrio.<\/p>\n<p class=\"p1\">Entre sus fundadores destacan su primer presidente <b>Vicente Hurtado Cobo<\/b>, <b>Juan M\u00e9ndez<\/b>, <b>Pepe Cabello<\/b>, <b>Juan Jos\u00e9 Hidalgo Espadi\u00f1a<\/b>, <b>Manuel Martos<\/b> y los hermanos <b>Manolo<\/b> y <b>Juan Mu\u00f1oz<\/b>.<\/p>\n<p class=\"p1\">El barrio ya contaba con cierta tradici\u00f3n flamenca desde los a\u00f1os cuarenta, con figuras como <b>Diego el del Caballo<\/b> y el <b>Maestro Leo<\/b>, pero fue la creaci\u00f3n de la pe\u00f1a lo que consolid\u00f3 su relevancia en el mapa flamenco de Sevilla.<\/p>\n<p class=\"p1\">Debe su nombre a una idea de <b>Antonio Cid P\u00e9rez<\/b> y comenz\u00f3 su andadura en la calle <i>Enamorados<\/i> n\u00famero 18, recibiendo el \u2018bautismo flamenco\u2019 de la <b>Pe\u00f1a Flamenca Torres Macarena<\/b> a la que el a\u00f1o pasado se dedic\u00f3 el primer d\u00eda de este festival tambi\u00e9n por las cinco d\u00e9cadas de su creaci\u00f3n.<\/p>\n<p class=\"p1\">En su primer a\u00f1o ya contaba La Fragua con cerca de un centenar de socios y en 1976 tuvo lugar la primera edici\u00f3n del que ser\u00eda su actividad estrella: el <b>Festival Flamenco La Fragua<\/b>, que es el \u00fanico festival flamenco que se organizaba en la ciudad de Sevilla, aunque ahora ya tenemos tambi\u00e9n este, el Valle Gitano, y que cost\u00f3 recuperar -el de la Fragua\u2013 tras unos a\u00f1os de ausencia para el disfrute de los que solemos asistir al marco incomparable del Cortijo de Cuarto, donde se viene celebrando.<\/p>\n<p class=\"p1\">En su andadura, la pe\u00f1a ha pasado por dos sedes m\u00e1s hasta llegar a la actual. La m\u00e1s a\u00f1orada por su enorme aforo y por ser en la que forj\u00f3 su importancia es la de la calle<i> Caldereros<\/i>. Despu\u00e9s vendr\u00eda la de la calle <i>Alonso Mingo<\/i> hasta llegar a esta de <i>Gaspar Calderas<\/i>. Pero no quiero olvidarme de aquel tiempo en que, sin sede oficial, los socios y socias segu\u00edan reuni\u00e9ndose en casa de una gran aficionada al cante, <b>Aurelia<\/b>, que no dud\u00f3 en ofrecer lo que ten\u00eda para que no se perdiera la convivencia que siempre ha sido y sigue siendo el pilar fundamental en esta pe\u00f1a.<\/p>\n<p>&nbsp;<\/p>\n<h3 class=\"p1\"><b>Pe\u00f1a Flamenca de Tomares<\/b><\/h3>\n<p class=\"p1\">La Pe\u00f1a Cultural Flamenca de Tomares se registra oficialmente el 12 de diciembre de 1975, siendo la m\u00e1s antigua de la comarca del Aljarafe sevillano.<\/p>\n<p class=\"p1\">Comenz\u00f3 en la calle <i>Calvo Sotelo<\/i>, luego pas\u00f3 por calle <i>De La Fuente<\/i>, hasta llegar a su sede actual en la calle <i>Camar\u00f3n de la Isla<\/i>, en cuya construcci\u00f3n participaron los mismos socios. El local es de su propiedad. En sus inicios tuvieron una vinculaci\u00f3n especial con el barrio de Triana y sus artistas, siendo aquello fundamental. La pisaron <b>Manolo Dom\u00ednguez<\/b>, <b>Chiquetete,<\/b> <b>Manolo Oliver<\/b>, <b>El Arenero<\/b>, <b>El Coco<\/b>, <b>El Teta<\/b>, el padre de<b> Curro Fern\u00e1ndez<\/b>&#8230;<\/p>\n<p class=\"p1\">La pe\u00f1a de Tomares se ha caracterizado desde sus comienzos por su contribuci\u00f3n a la difusi\u00f3n y promoci\u00f3n del flamenco entre los vecinos y vecinas de este municipio al que colocan como referente en la provincia de Sevilla por su programaci\u00f3n y su solidaridad en cualquier proyecto que sirva para fomentar y difundir el flamenco y para ayudar a cualquier otra pe\u00f1a flamenca o a los artistas.<span class=\"Apple-converted-space\">\u00a0 <\/span>Sus recitales est\u00e1n siempre llenos de p\u00fablico y las tertulias flamencas han alcanzado un gran nivel y son alabadas por los buenos aficionaos.<\/p>\n<p class=\"p1\">Tambi\u00e9n sus <b>Jornadas Flamencas<\/b> se han posicionado como una de las actividades \u2018obligatorias\u2019 para los cabales, en las que tuve el gusto de participar el a\u00f1o pasado con una conferencia sobre el flamenco de La Alameda que ilustr\u00f3 <b>El Chozas <\/b>al cante poco antes de dejarnos. Y \u00a1qu\u00e9 decir del <b>Festival Flamenco \u2018Ciudad de Tomares\u2019<\/b>! Uno de los m\u00e1s antiguos, no solo de la provincia sino de toda Andaluc\u00eda, que este a\u00f1o cumple tambi\u00e9n 50 ediciones y lo cuenta con un cartel de categor\u00eda, gracias al gobierno municipal, y cuyo elenco lo forman Mar\u00eda Terremoto, <b>Israel Fern\u00e1ndez<\/b> y <b>Manuela Carrasco<\/b> con un fin de fiesta que bordar\u00e1n <b>Mara Rey<\/b>, <b>Luis Pe\u00f1a<\/b>, El Pechuguita, <b>Miguel \u00c1ngel Heredia<\/b>, <b>Zamara Carrasco<\/b> y <b>Coral de los Reyes<\/b>. Ser\u00e1 el d\u00eda 19 de julio.<\/p>\n<p class=\"p1\">Y para ir concluyendo ya con estas cuatro palabras sobre Tomares hay que destacar un dato curioso, m\u00e1s a\u00fan por tratarse del a\u00f1o en el que se cumplen 600 de la entrada del pueblo gitano en la pen\u00ednsula ib\u00e9rica. El primer presidente de esta pe\u00f1a, <b>Manuel Ramos de los Reyes<\/b>, y parte de los miembros fundadores eran gitanos, algo que no ha sido ni es a\u00fan nada habitual en las directivas del tejido asociativo del flamenco.<\/p>\n<p class=\"p1\">El pasado 20 de junio de este 2025, poco despu\u00e9s de la cita flamenca, la Hermandad Sacramental de Los Gitanos hizo un reconocimiento a su Hermano Mayor por su labor al frente del Festival Valle Gitano y lo recog\u00edan as\u00ed en su <a href=\"https:\/\/www.hermandaddelosgitanos.com\/reconocimiento-a-nuestro-hermano-mayor-por-su-labor-al-frente-del-festival-flamenco-valle-gitano\/\"><span class=\"s1\">p\u00e1gina web<\/span><\/a>.<\/p>\n<p class=\"p1\">Si est\u00e1is atentos a las redes de <em>expoflamenco<\/em>, en breve ver\u00e9is algunos fragmentos en v\u00eddeo del segundo d\u00eda del certamen, aparte del amplio reportaje fotogr\u00e1fico que ilustra estas l\u00edneas.<\/p>\n<p>&nbsp;<\/p>\n<h2 class=\"p1\"><b>Ficha art\u00edstica<\/b><\/h2>\n<p class=\"p1\">VII Festival Flamenco Valle Gitano<br \/>\nJardines del Valle, Sevilla<br \/>\nEn reconocimiento a los 50 a\u00f1os de la Pe\u00f1a Flamenca La Fragua de Bellavista y la Pe\u00f1a Cultural Flamenca de Tomares y en homenaje a la memoria de Antonio Cort\u00e9s Pantoja \u2018Chiquetete\u2019<br \/>\n13 y 14 de junio de 2025<\/p>\n<p><b>Viernes 13 de junio<\/b><\/p>\n<p class=\"p1\">Cante: Jos\u00e9 El Pechuguita y El Ni\u00f1o de Gines<br \/>\nGuitarra: Jes\u00fas Rodr\u00edguez<br \/>\nComp\u00e1s: Emilio Casta\u00f1eda y Fali del El\u00e9ctrico<br \/>\nArtistas invitadas, cante y baile: Mar\u00eda Terremoto y \u00c1gueda Saavedra<\/p>\n<p class=\"p1\">Presentador: Kiko Valle<\/p>\n<p class=\"p1\"><b>S\u00e1bado 14 de junio<\/b><\/p>\n<p>Cante: Alicia Gil, Carmela Espinosa (coros), Argentina, Fran Cort\u00e9s, Jos\u00e9, Gabriel y Manuel de la Tomasa<\/p>\n<p class=\"p1\">Acompa\u00f1amiento de Argentina:<br \/>\nGuitarra, Javier Iba\u00f1ez<br \/>\nPercusi\u00f3n, Jos\u00e9 Carrasco<br \/>\nPalmas, Juan de Oruco, Jos\u00e9 de Pit\u00edn y Gaspar del Cuchara<br \/>\nSegunda guitarra, Pit\u00edn hijo<\/p>\n<p class=\"p1\">Piano flamenco solista y cante: Diego Amador<\/p>\n<p class=\"p1\">Baile: Farruquito<br \/>\nCante de acompa\u00f1amiento al baile: Mari Viz\u00e1rraga y Pepe de Pura<br \/>\nGuitarra: Antonio Santiago \u2018\u00d1o\u00f1o\u2019<br \/>\nPercusi\u00f3n: Paquito Vega<\/p>\n<p class=\"p1\">Presentador: Manuel Curao<\/p>\n<p>&nbsp;<\/p>\n","protected":false,"gt_translate_keys":[{"key":"rendered","format":"html"}]},"excerpt":{"rendered":"<p>Los d\u00edas 13 y 14 de junio se celebr\u00f3 en los Jardines del Valle de la capital hispalense el VII Festival Flamenco Valle Gitano. La primera de las jornadas se reserv\u00f3 para el reconocimiento al 50\u00ba aniversario de las pe\u00f1as flamencas La Fragua de Bellavista y la de Tomares. La segunda qued\u00f3 pre\u00f1ada de recitales en honor a Chiquetete.<\/p>\n","protected":false,"gt_translate_keys":[{"key":"rendered","format":"html"}]},"author":63,"featured_media":2989,"comment_status":"open","ping_status":"open","sticky":false,"template":"","format":"standard","meta":{"_acf_changed":false,"pmpro_default_level":"","jnews-multi-image_gallery":[],"jnews_single_post":{"format":"standard","override":[{"template":"2","parallax":"1","fullscreen":"1","layout":"right-sidebar","sidebar":"default-sidebar","second_sidebar":"default-sidebar","sticky_sidebar":"1","share_position":"bottom","share_float_style":"share-monocrhome","show_share_counter":"1","show_view_counter":"1","show_featured":"1","show_post_meta":"1","show_post_author":"1","show_post_author_image":"1","show_post_date":"1","post_date_format":"default","post_date_format_custom":"Y\/m\/d","show_post_reading_time":"1","post_reading_time_wpm":"250","post_calculate_word_method":"str_word_count","show_zoom_button":"1","zoom_button_out_step":"2","zoom_button_in_step":"3","show_post_tag":"1","show_popup_post":"1","number_popup_post":"1","show_post_related":"1","show_inline_post_related":"1"}],"image_override":[{"single_post_thumbnail_size":"no-crop","single_post_gallery_size":"crop-500"}],"trending_post_position":"meta","trending_post_label":"Trending","sponsored_post_label":"Sponsored by","disable_ad":"0","subtitle":"Los d\u00edas 13 y 14 de junio se celebr\u00f3 en los Jardines del Valle de la capital hispalense el VII Festival Flamenco Valle Gitano. La primera de las jornadas se reserv\u00f3 para el reconocimiento al 50\u00ba aniversario de las pe\u00f1as flamencas La Fragua de Bellavista y la de Tomares. La segunda qued\u00f3 pre\u00f1ada de recitales en honor a Chiquetete."},"jnews_primary_category":{"id":"248"},"jnews_override_bookmark_settings":{"override_bookmark_button":"0","override_show_bookmark_button":"0"},"jnews_social_meta":[],"jnews_review":[],"enable_review":"","type":"percentage","name":"","summary":"","brand":"","sku":"","good":[],"bad":[],"score_override":"","override_value":"","rating":[],"price":[],"jnews_override_counter":{"view_counter_number":"0","share_counter_number":"0","like_counter_number":"0","dislike_counter_number":"0"},"footnotes":""},"categories":[46,38],"tags":[86,60,965,2532,2695],"class_list":["post-2988","post","type-post","status-publish","format-standard","has-post-thumbnail","hentry","category-cronicas","category-en-portada","tag-farruquito","tag-festival-flamenco","tag-pena-flamenca-de-tomares","tag-pena-flamenca-la-fragua-de-bellavista","tag-vii-festival-flamenco-valle-gitano","pmpro-has-access"],"acf":[],"aioseo_notices":[],"gt_translate_keys":[{"key":"link","format":"url"}],"_links":{"self":[{"href":"https:\/\/expoflamenco.com\/revista\/wp-json\/wp\/v2\/posts\/2988","targetHints":{"allow":["GET"]}}],"collection":[{"href":"https:\/\/expoflamenco.com\/revista\/wp-json\/wp\/v2\/posts"}],"about":[{"href":"https:\/\/expoflamenco.com\/revista\/wp-json\/wp\/v2\/types\/post"}],"author":[{"embeddable":true,"href":"https:\/\/expoflamenco.com\/revista\/wp-json\/wp\/v2\/users\/63"}],"replies":[{"embeddable":true,"href":"https:\/\/expoflamenco.com\/revista\/wp-json\/wp\/v2\/comments?post=2988"}],"version-history":[{"count":0,"href":"https:\/\/expoflamenco.com\/revista\/wp-json\/wp\/v2\/posts\/2988\/revisions"}],"wp:featuredmedia":[{"embeddable":true,"href":"https:\/\/expoflamenco.com\/revista\/wp-json\/wp\/v2\/media\/2989"}],"wp:attachment":[{"href":"https:\/\/expoflamenco.com\/revista\/wp-json\/wp\/v2\/media?parent=2988"}],"wp:term":[{"taxonomy":"category","embeddable":true,"href":"https:\/\/expoflamenco.com\/revista\/wp-json\/wp\/v2\/categories?post=2988"},{"taxonomy":"post_tag","embeddable":true,"href":"https:\/\/expoflamenco.com\/revista\/wp-json\/wp\/v2\/tags?post=2988"}],"curies":[{"name":"wp","href":"https:\/\/api.w.org\/{rel}","templated":true}]}}