{"id":2950,"date":"2025-05-17T18:09:07","date_gmt":"2025-05-17T16:09:07","guid":{"rendered":"https:\/\/expoflamenco.com\/revistanew\/el-cante-del-turry-rebusca-en-los-ecos-de-morente\/"},"modified":"2025-05-17T18:09:07","modified_gmt":"2025-05-17T16:09:07","slug":"el-cante-del-turry-rebusca-en-los-ecos-de-morente","status":"publish","type":"post","link":"https:\/\/expoflamenco.com\/revista\/el-cante-del-turry-rebusca-en-los-ecos-de-morente\/","title":{"rendered":"El cante del Turry rebusca en los ecos de Morente","gt_translate_keys":[{"key":"rendered","format":"text"}]},"content":{"rendered":"<p class=\"Standard\" style=\"text-align: justify; text-justify: inter-ideograph;\">La <a href=\"https:\/\/ogijares.es\/lugares\/que-ver\/pena-flamenca-eva-garrido-la-yerbabuena\" target=\"_blank\" rel=\"noopener\">Pe\u00f1a Flamenca Eva la Yerbabuena<\/a> de Og\u00edjares (Granada) recibi\u00f3 a un cantaor del terru\u00f1o, concretamente de la costa, con un bagaje en lo flamenco que comienza a ser tenido en cuenta y que merece formar parte del inter\u00e9s de los aficionados y programadores. <b>Antonio G\u00f3mez el Turry<\/b> no acaba de salir del tarro de las esencias porque ya lleva unos a\u00f1os en la profesi\u00f3n, los suficientes para saber de qu\u00e9 va el cante. Por eso, cuando se le escucha, se le aprecian maneras de artista, estudia a los grandes maestros e intenta pasarlos por su filtro y su registro tonal para mostrar cu\u00e1les son sus fuentes y de donde bebe. Ya lo dec\u00eda<b> Enrique Morente<\/b> cuando cantaba aquellos versos tergiversados a conciencia: <em>Sombra le ped\u00ed a una fuente \/ agua le ped\u00ed a un olivo<\/em>. Las intenciones del Ronco del Albaic\u00edn eran claras, aunque no todos est\u00e9n capacitados para entenderlas. Al Turry le pasa algo similar con su cante. Claras intenciones a expensas de que el aficionado de a pie alcance a entender el porqu\u00e9 para comprender desde la elecci\u00f3n de su repertorio hasta su formas cantaoras.<\/p>\n<p class=\"Standard\" style=\"text-align: justify; text-justify: inter-ideograph;\">Su voz suena canastera por momentos, con cierto eco aguardentoso aderezado de melismas que dibujan los estilos que ejecuta de una forma particular. Es un cantaor de extremos en ese sentido, sube a los altos y baja con facilidad, no se detiene en los medios ni los mantiene porque su \u2018qu\u00e9 decir\u2019 juega en esa liga.<\/p>\n<p class=\"Standard\" style=\"text-align: justify; text-justify: inter-ideograph;\">Estuvo acompa\u00f1ado de una de las mejores guitarras de hoy,<b> Miguel \u00c1ngel Cort\u00e9s,<\/b> lo m\u00e1s granado de Granada, valga la cuasi redundancia y de las guitarras con m\u00e1s solera y sensibilidad del panorama flamenco. L\u00e1stima que el sonido no terminara de acompa\u00f1ar a pesar de que se trajo t\u00e9cnico propio,<b> Eloy Heredia, <\/b>y equipo de sonido. Y no estuvo mal en s\u00ed, pero el exceso de reberb y el volumen hicieron mella porque cuando Turry sube a los tonos altos hay que apreciarlo en su medida, sin sonoridad de aparatos que ayuden, porque no le hace falta.<\/p>\n<p class=\"Standard\" style=\"text-align: justify; text-justify: inter-ideograph;\">El recital fueron dos partes diferenciadas. La primera compuesta con vidalita, canti\u00f1as, sole\u00e1 y malague\u00f1as. La vidalita abri\u00f3 las puertas de una introducci\u00f3n de la composici\u00f3n de <b>Manuel Alejandro<\/b> <i>A que no te vas<\/i> que conocemos en la voz de<b> Roc\u00edo Jurado <\/b>que dio paso a una vidalita personal con renovaci\u00f3n de letras y sali\u00e9ndose de los c\u00e1nones mel\u00f3dicos por momentos. Se aprecian en \u00e9l las influencias cantaoras de Morente, es su referente, su gu\u00eda en el camino y su faro.<\/p>\n<p class=\"Standard\" style=\"text-align: justify; text-justify: inter-ideograph;\">Por canti\u00f1as se acord\u00f3 de la<b> Juanaca<\/b> de M\u00e1laga, del<b> Butr\u00f3n<\/b> y de<b> La Papera.<\/b> No fueron largas pero s\u00ed expresivas.<\/p>\n<p>&nbsp;<\/p>\n<blockquote><p><em>\u00abLa voz de El Turry suena canastera por momentos, con cierto eco aguardentoso aderezado de melismas que dibujan los estilos que ejecuta de una forma particular. Es un cantaor de extremos en ese sentido, sube a los altos y baja con facilidad, no se detiene en los medios ni los mantiene porque su \u2018qu\u00e9 decir\u2019 juega en esa liga\u00bb<\/em><\/p><\/blockquote>\n<p>&nbsp;<\/p>\n<p class=\"Standard\" style=\"text-align: justify; text-justify: inter-ideograph;\">Quiso acordarse de los maestros del cante de Gran\u00e1 en la sole\u00e1, aclarando que son cantes de Triana ali\u00f1ados por las aguas del Genil y de quienes bebieron de las aguas sonoras de Sierra Nevada. Cantes de<b> Pinea, Cobitos, Pepe el de Jun<\/b> que a la postre son de Serva la Bari, del <b>Portugu\u00e9s <\/b>y de <b>Paquirri,<\/b> pero que hoy ya son casi m\u00e1s de Granada que del mundo porque la impronta de aquellos grandes int\u00e9rpretes ha quedado en la memoria sonora de los cantaores granadinos. El Turry juega con modulaciones de su eco, pasando del bajo al alto sin despeinarse, dejando los medios en el olvido.<\/p>\n<p class=\"Standard\" style=\"text-align: justify; text-justify: inter-ideograph;\">Miguel \u00c1ngel Cortes acompa\u00f1\u00f3 magistralmente. Supo ejercer su rol de escudero sin poder evitar inconscientemente que la guitarra le suena a gloria y que a cada nota sobresal\u00eda con respeto por encima del cante, y es que es muy dif\u00edcil que su guitarra quede relegada a simple acompa\u00f1ante porque suena tan grandilocuente que hay que destaparse ante ella. As\u00ed, destacar que en las malague\u00f1as toc\u00f3 con precisi\u00f3n, sutileza y sensibilidad. No se puede tocar mejor. El Turry cant\u00f3 las de<b> Chac\u00f3n<\/b> y del <b>Ni\u00f1o V\u00e9lez<\/b>, que remat\u00f3 con una tanda de abandolaos de <b>Juan Breva,<\/b> fandango cercano al estilo de <b>Juan Mar\u00eda Blanco<\/b> y remate por <b>Frasquito Yerbabuena.<\/b><\/p>\n<p class=\"Standard\" style=\"text-align: justify; text-justify: inter-ideograph;\">La segunda parte comenz\u00f3 con farruca cl\u00e1sica. Seguiriyas mirando a Jerez y los Puertos con cabal de <b>Diego el Lebrijano, <\/b>que se escucha bien poco en los recitales y es de agradecer a\u00fan desdibujando los detalles, pero hay que quedarse con marcar la diferencia.<\/p>\n<p class=\"Standard\" style=\"text-align: justify; text-justify: inter-ideograph;\">Donde de verdad expuso y ejecut\u00f3 con solvencia fue en la media grana\u00edna y grana\u00edna. En la media, de nuevo mir\u00f3 a Morente y <b>Lorca, <\/b><i>Y de pronto no estaba el p\u00e1jaro en la rama, <\/i>y en la grana\u00edna a la ciudad, al Genil y al aroma moruno que tanto nos ha impregnado musicalmente.<\/p>\n<p class=\"Standard\" style=\"text-align: justify; text-justify: inter-ideograph;\">Dejar\u00eda para el final una buena tanda de tangos de Gran\u00e1, los de siempre, la Salve gitana, los del Camino, los Paraos y una buena elecci\u00f3n de los de Enrique. Por ah\u00ed domina a la perfecci\u00f3n aunque lleve el cante en los extremos. Se echa de menos que juegue con los tonos medios, que se busque por ah\u00ed. A petici\u00f3n del p\u00fablico, entregado, hizo un fandango con letra propia.<\/p>\n<p>&nbsp;<\/p>\n<p class=\"Standard\" style=\"text-align: justify; text-justify: inter-ideograph;\"><b>Ficha art\u00edstica<\/b><\/p>\n<p class=\"Standard\" style=\"text-align: justify; text-justify: inter-ideograph;\">Recital de cante de El Turry<\/p>\n<p class=\"Standard\" style=\"text-align: justify; text-justify: inter-ideograph;\">Pe\u00f1a flamenca Eva la Yerbabuena (Og\u00edjares, Granada)<\/p>\n<p class=\"Standard\" style=\"text-align: justify; text-justify: inter-ideograph;\">16 de mayo de 2025<\/p>\n<p class=\"Standard\" style=\"text-align: justify; text-justify: inter-ideograph;\">Cante: Antonio G\u00f3mez el Turry<\/p>\n<p class=\"Standard\" style=\"text-align: justify; text-justify: inter-ideograph;\">Guitarra: Miguel \u00c1ngel Cort\u00e9s<\/p>\n<p class=\"Standard\" style=\"text-align: justify; text-justify: inter-ideograph;\">\n","protected":false,"gt_translate_keys":[{"key":"rendered","format":"html"}]},"excerpt":{"rendered":"<p>El cantaor de la costa granadina apost\u00f3 por un repertorio ambivalente en el que Morente resonaba a cada paso y en el que la guitarra de Miguel \u00c1ngel Cort\u00e9s fue magistral.<\/p>\n","protected":false,"gt_translate_keys":[{"key":"rendered","format":"html"}]},"author":65,"featured_media":2951,"comment_status":"open","ping_status":"open","sticky":false,"template":"","format":"standard","meta":{"_acf_changed":false,"pmpro_default_level":"","jnews-multi-image_gallery":[],"jnews_single_post":{"format":"standard","override":[{"template":"2","parallax":"1","fullscreen":"1","layout":"right-sidebar","sidebar":"default-sidebar","second_sidebar":"default-sidebar","sticky_sidebar":"1","share_position":"bottom","share_float_style":"share-monocrhome","show_share_counter":"1","show_view_counter":"1","show_featured":"1","show_post_meta":"1","show_post_author":"1","show_post_author_image":"1","show_post_date":"1","post_date_format":"default","post_date_format_custom":"Y\/m\/d","show_post_reading_time":"1","post_reading_time_wpm":"250","post_calculate_word_method":"str_word_count","show_zoom_button":"1","zoom_button_out_step":"2","zoom_button_in_step":"3","show_post_tag":"1","show_popup_post":"1","number_popup_post":"1","show_post_related":"1","show_inline_post_related":"1"}],"image_override":[{"single_post_thumbnail_size":"no-crop","single_post_gallery_size":"crop-500"}],"trending_post_position":"meta","trending_post_label":"Trending","sponsored_post_label":"Sponsored by","disable_ad":"0","subtitle":"El cantaor de la costa granadina apost\u00f3 en la Pe\u00f1a Flamenca Eva la Yerbabuena (Og\u00edjares) por un repertorio ambivalente en el que Morente resonaba a cada paso y en el que la guitarra de Miguel \u00c1ngel Cort\u00e9s fue magistral."},"jnews_primary_category":{"id":"248"},"jnews_override_bookmark_settings":{"override_bookmark_button":"0","override_show_bookmark_button":"0"},"jnews_social_meta":[],"jnews_review":[],"enable_review":"","type":"percentage","name":"","summary":"","brand":"","sku":"","good":[],"bad":[],"score_override":"","override_value":"","rating":[],"price":[],"jnews_override_counter":{"view_counter_number":"0","share_counter_number":"0","like_counter_number":"0","dislike_counter_number":"0"},"footnotes":""},"categories":[46,38],"tags":[963,54,1393,569,2277,2649],"class_list":["post-2950","post","type-post","status-publish","format-standard","has-post-thumbnail","hentry","category-cronicas","category-en-portada","tag-antonio-gomez-el-turry","tag-cantaor-flamenco","tag-granada","tag-miguel-angel-cortes","tag-ogijares","tag-pena-flamenca-eva-la-yerbabuena","pmpro-has-access"],"acf":[],"aioseo_notices":[],"gt_translate_keys":[{"key":"link","format":"url"}],"_links":{"self":[{"href":"https:\/\/expoflamenco.com\/revista\/wp-json\/wp\/v2\/posts\/2950","targetHints":{"allow":["GET"]}}],"collection":[{"href":"https:\/\/expoflamenco.com\/revista\/wp-json\/wp\/v2\/posts"}],"about":[{"href":"https:\/\/expoflamenco.com\/revista\/wp-json\/wp\/v2\/types\/post"}],"author":[{"embeddable":true,"href":"https:\/\/expoflamenco.com\/revista\/wp-json\/wp\/v2\/users\/65"}],"replies":[{"embeddable":true,"href":"https:\/\/expoflamenco.com\/revista\/wp-json\/wp\/v2\/comments?post=2950"}],"version-history":[{"count":0,"href":"https:\/\/expoflamenco.com\/revista\/wp-json\/wp\/v2\/posts\/2950\/revisions"}],"wp:featuredmedia":[{"embeddable":true,"href":"https:\/\/expoflamenco.com\/revista\/wp-json\/wp\/v2\/media\/2951"}],"wp:attachment":[{"href":"https:\/\/expoflamenco.com\/revista\/wp-json\/wp\/v2\/media?parent=2950"}],"wp:term":[{"taxonomy":"category","embeddable":true,"href":"https:\/\/expoflamenco.com\/revista\/wp-json\/wp\/v2\/categories?post=2950"},{"taxonomy":"post_tag","embeddable":true,"href":"https:\/\/expoflamenco.com\/revista\/wp-json\/wp\/v2\/tags?post=2950"}],"curies":[{"name":"wp","href":"https:\/\/api.w.org\/{rel}","templated":true}]}}