{"id":2941,"date":"2025-05-18T12:51:24","date_gmt":"2025-05-18T10:51:24","guid":{"rendered":"https:\/\/expoflamenco.com\/revistanew\/josemi-carmona-nuevos-medios-era-un-sitio-de-arte-es-parte-de-la-musica-espanola\/"},"modified":"2025-05-18T12:51:24","modified_gmt":"2025-05-18T10:51:24","slug":"josemi-carmona-nuevos-medios-era-un-sitio-de-arte-es-parte-de-la-musica-espanola","status":"publish","type":"post","link":"https:\/\/expoflamenco.com\/revista\/josemi-carmona-nuevos-medios-era-un-sitio-de-arte-es-parte-de-la-musica-espanola\/","title":{"rendered":"Josemi Carmona: \u00abNuevos Medios era un sitio de arte, es parte de la m\u00fasica espa\u00f1ola\u00bb","gt_translate_keys":[{"key":"rendered","format":"text"}]},"content":{"rendered":"<p>\u00c9rase una vez una discogr\u00e1fica independiente comandada por un tal <strong>Mario Pacheco <\/strong>(Madrid, 1950 &#8211; 2010), productor musical que hab\u00eda trabajado en <em>La leyenda del tiempo<\/em> de Camar\u00f3n y en el dise\u00f1o de portadas de Morente, que en los a\u00f1os 80 y 90 impuls\u00f3 un concepto trasgresor conocido como \u00abnuevo flamenco\u00bb. Se llamada <strong>Nuevos Medios.<\/strong> Aquella santa casa puso en circulaci\u00f3n emblem\u00e1ticos discos de artistas como Pepe Habichuela, Ketama, Pata Negra, Martirio, Ray Heredia, La Barber\u00eda del Sur, Poveda, Duquende, Jos\u00e9 el Franc\u00e9s, etc\u00e9tera. Es el germen de <a href=\"https:\/\/www.instagram.com\/limbae.es\" target=\"_blank\" rel=\"noopener\"><strong>Limba\u00e9<\/strong><\/a> \u2013en cal\u00f3, &#8216;vuelta&#8217; o &#8216;regreso&#8217;\u2013, esto es, Nuevos Medios en feliz sociedad con Sony Music Espa\u00f1a para recuperar el esp\u00edritu de dar voz a los j\u00f3venes flamencos actuales, los emergentes y los consagrados, y proyectarlos en la cultura audiovisual. Hablamos con <strong>Josemi Carmona <\/strong>(Madrid, 1971), el c\u00e9lebre guitarrista, compositor y miembro de Ketama, que ejerce aqu\u00ed de director musical.<\/p>\n<p>&nbsp;<\/p>\n<p><strong><span style=\"font-family: -apple-system, BlinkMacSystemFont, 'Segoe UI', Roboto, Oxygen-Sans, Ubuntu, Cantarell, 'Helvetica Neue', sans-serif;\">\u2013 Un ejercicio de arqueolog\u00eda y resurrecci\u00f3n de aquel hist\u00f3rico Nuevos Medios. Qu\u00e9 proyecto tan bonito, \u00bfno?<\/span><\/strong><\/p>\n<p><span style=\"font-family: -apple-system, BlinkMacSystemFont, 'Segoe UI', Roboto, Oxygen-Sans, Ubuntu, Cantarell, 'Helvetica Neue', sans-serif;\">\u2013S\u00ed, bueno, no es mi proyecto. <\/span>Yo estoy participando en \u00e9l como una especie de director musical, entre comillas, porque ejerzo ese trabajo con Mar\u00eda Pacheco, que es la hija de Mario. Todo esto nace porque no s\u00e9 si sabes que el proyecto de Nuevos Medios empez\u00f3 con un disco de mi padre, Pepe Habichuela: <em>A mandeli<\/em> (1983). Mar\u00eda y yo siempre quisimos hacer algo juntos, pues hemos tenido muy buena relaci\u00f3n. As\u00ed llegamos a un punto en el que hubiese j\u00f3venes flamencos, unos m\u00e1s desconocidos y otros con m\u00e1s nombre. Un proyecto para poder ense\u00f1ar algunas cosas que se hacen partiendo siempre desde el flamenco. No tiene por qu\u00e9 ser flamenco puro, pero s\u00ed que se basaran en esas ra\u00edces. Y a partir de ah\u00ed, hicimos un v\u00eddeo con Lin Cort\u00e9s junto a Alana Sink\u00eby y Miryam Latrece, dos artistas de jazz. Despu\u00e9s seguimos con Jos\u00e9 del Tomate e Ismael de la Rosa &#8216;El Bola&#8217;. Ahora estamos con otro tema de Lin Cort\u00e9s solo a piano, que hace un recuerdo a Ray Heredia. Y bueno, pues con la ilusi\u00f3n y un poco la incertidumbre de poder seguir con el proyecto, porque yo creo que estos proyectos que son as\u00ed tan especiales necesitan una maduraci\u00f3n, continuidad para consolidarse. Estamos empujando de la mejor manera que podemos. Yo estoy ah\u00ed en una labor como de ojeador, dig\u00e1moslo as\u00ed. Pensar en compa\u00f1eros. A m\u00ed me gusta mucho la producci\u00f3n musical, y ya hay artistas que me est\u00e1n llamando para poder participar en Limba\u00e9.<\/p>\n<p>&nbsp;<\/p>\n<blockquote><p><em>\u00abTener un v\u00eddeo de calidad, recibir el asesoramiento m\u00edo y de Mar\u00eda Pacheco. La intenci\u00f3n es seguir empujando el flamenco, crear encuentros entre artistas diferentes, hacer como una casa donde la gente haga nuevas cosas\u00bb<\/em><\/p><\/blockquote>\n<p>&nbsp;<\/p>\n<p><strong>\u2013 Dec\u00eds que vais a fichar a artistas que necesitan que les den voz. \u00bfLos j\u00f3venes int\u00e9rpretes de flamenco est\u00e1n especialmente faltos de ese empuj\u00f3n, ese coqueto atril?<\/strong><\/p>\n<p>\u2013 M\u00e1s que fichar, se trata de apoyar. Los artistas no son nuestros. Aqu\u00ed viene alguien a hacer su v\u00eddeo y despu\u00e9s ya sigue por ah\u00ed currando. Mira por ejemplo el primer tema, que salgo yo con Lin y con Miryam. Fue una propuesta de Lin junt\u00e1ndonos a todos. Estuvimos de acuerdo y de ah\u00ed ha nacido un proyecto para hacer cosas juntos. Est\u00e1 claro que hoy en d\u00eda la gente puede hacer su disco y lo puede lanzar f\u00e1cilmente, pero la parte audiovisual es importante. Estar de la mano de un sello o envuelto en una idea procedente de un proyecto anterior, que son los J\u00f3venes Flamencos, yo creo que ayuda, que le da un poco de peso al artista. Tener un v\u00eddeo de calidad, recibir el asesoramiento m\u00edo y de Mar\u00eda Pacheco. La intenci\u00f3n es seguir empujando el flamenco, crear encuentros entre artistas diferentes, hacer como una casa donde la gente haga nuevas cosas. Un arma m\u00e1s para apoyar a esos artistas. Pero no vamos a apoderarnos de ese artista, a utilizarlo para royalties o conciertos. Es solo un sitio para ense\u00f1ar una parte de su arte.<\/p>\n<p>&nbsp;<\/p>\n<div class=\"jeg_video_container jeg_video_content\"><iframe title=\"Lin Cort\u00e9s, Limba\u00e9 - Por el aire ft. Alana Sink\u00eby, Miryam Latrece, Josemi Carmona\" width=\"500\" height=\"375\" src=\"https:\/\/www.youtube.com\/embed\/A2GZgsgjJwE?feature=oembed\" frameborder=\"0\" allow=\"accelerometer; autoplay; clipboard-write; encrypted-media; gyroscope; picture-in-picture; web-share\" referrerpolicy=\"strict-origin-when-cross-origin\" allowfullscreen><\/iframe><\/div>\n<p>&nbsp;<\/p>\n<p><strong>\u2013 \u00bfHay ahora mismo una escena especialmente interesante para rastrear?<\/strong><\/p>\n<p>\u2013 Yo creo que s\u00ed. Hay muchos artistas muy buenos, muchos guitarristas buenos, muchos cantaores buenos, muchos bailaores buenos. Hay muchos que son muy conocidos, como dice Jorge Pardo, otros que son menos conocidos y otros que son totalmente desconocidos. Todo lo que est\u00e9 hecho con arte y sinceridad, con ganas de ayudar a los artistas, yo creo que es positivo. Esa es nuestra intenci\u00f3n. Porque el esp\u00edritu de Nuevos Medios, en el que yo tuve la suerte de participar, era eso: una casa donde t\u00fa pod\u00edas mostrar cosas que no se ve\u00edan en otro lado. Eran los tiempos del primer disco de mi padre, despu\u00e9s los discos de Ketama y Pata Negra. Por ah\u00ed pasaron Miguel Poveda, el Tomate, Jos\u00e9 el Franc\u00e9s, la Aurora, Ram\u00f3n el Portugu\u00e9s, Guadiana, el Ray Heredia&#8230; No era un sitio de negocio, era un sitio de arte. Hab\u00eda una parte para subsistir, que la estructura fuera equilibrada. De hecho, en el caso de Ketama o de otros artistas, llegaba un momento en que necesitabas que tu arte llegara a m\u00e1s p\u00fablico y te dejaban libre. No era una cosa tan cerrada como una multinacional. Era una discogr\u00e1fica m\u00e1s enfocada a hacer cosas buenas. Yo he ido donde Mario y le he pedido dinero para comprarme un aparato que cre\u00eda que me ven\u00eda bien para componer y \u00e9l me lo ha dejado como inversi\u00f3n, \u00bfentiendes? Era un concepto muy moderno, a pesar de que eran los a\u00f1os 90. Ah\u00ed est\u00e1 el cat\u00e1logo de Nuevos Medios, que es parte de la m\u00fasica espa\u00f1ola.<\/p>\n<p>&nbsp;<\/p>\n<blockquote><p><em><span style=\"font-family: -apple-system, BlinkMacSystemFont, 'Segoe UI', Roboto, Oxygen-Sans, Ubuntu, Cantarell, 'Helvetica Neue', sans-serif;\">\u00ab<\/span>Yo digo que no es lo mismo unas papas con pescado que un pescado con papas. Las dos cosas te pueden gustar. Est\u00e1 bien que la gente diferencie lo que sale del flamenco a lo que viene de otro lado. Puede ser que te guste igual o m\u00e1s\u00bb<\/em><\/p><\/blockquote>\n<p>&nbsp;<\/p>\n<p><strong><span style=\"font-family: -apple-system, BlinkMacSystemFont, 'Segoe UI', Roboto, Oxygen-Sans, Ubuntu, Cantarell, 'Helvetica Neue', sans-serif;\">\u2013 \u00bfLimba\u00e9 va a gui\u00f1arle el ojo a las voces de vanguardia o a las m\u00e1s tradicionales? \u00bfUn poco de todo?<\/span><\/strong><\/p>\n<p><span style=\"font-family: -apple-system, BlinkMacSystemFont, 'Segoe UI', Roboto, Oxygen-Sans, Ubuntu, Cantarell, 'Helvetica Neue', sans-serif;\">\u2013 Si ves los v\u00eddeos que han salido hasta ahora, el primero fue una letra de Lorca, que es un tema de Lin. Una canci\u00f3n m\u00e1s moderna, dig\u00e1moslo as\u00ed. Luego est\u00e1 cantando El Bola por sole\u00e1, una sole\u00e1 muy pura, con el Tomate acompa\u00f1\u00e1ndole. Despu\u00e9s el hijo del Tomate hace una versi\u00f3n de la zambra, la del Ni\u00f1o Miguel. Ha salido tambi\u00e9n una buler\u00eda de El Bola&#8230; La idea es que conviva la m\u00fasica que hacemos los flamencos desde el flamenco. <\/span>Yo digo que no es lo mismo unas papas con pescado que un pescado con papas, y las dos cosas te pueden gustar. Est\u00e1 bien que la gente diferencie lo que sale del flamenco a lo que viene de otro lado. Puede ser que te guste igual o m\u00e1s. M\u00e1s que por la separaci\u00f3n de hacer grupos, es m\u00e1s por la informaci\u00f3n a nivel del oyente. Hay gente joven que se hace su disco y que le cuesta hacer su parte audiovisual de calidad. Tienen ganas de probar cosas, encuentros que se pueden hacer. Ah\u00ed es donde puede estar Limba\u00e9, intentando buscar una est\u00e9tica en lo musical y en la forma de hacer audiovisual que nos identifique, todo hecho con mimo.<\/p>\n<p>&nbsp;<\/p>\n<div class=\"jeg_video_container jeg_video_content\"><iframe title=\"Ismael de la Rosa, Jos\u00e9 del Tomate, Limba\u00e9 - Ojos negros (Sole\u00e1)\" width=\"500\" height=\"375\" src=\"https:\/\/www.youtube.com\/embed\/HOdlDAGZvFc?feature=oembed\" frameborder=\"0\" allow=\"accelerometer; autoplay; clipboard-write; encrypted-media; gyroscope; picture-in-picture; web-share\" referrerpolicy=\"strict-origin-when-cross-origin\" allowfullscreen><\/iframe><\/div>\n<p>&nbsp;<\/p>\n<p><strong>\u2013 Desde tu amplio bagaje profesional, ya sea como m\u00fasico, compositor y productor, incluso como miembro de Ketama, \u00bfves el flamenco como un arte minoritario o piensas que el flamenco vende?<\/strong> <strong>\u00bfLimbae es un proyecto concebido para llegar a grandes audiencias? <\/strong><\/p>\n<p>\u2013 No lo hemos planteado. Es cierto que yo no entiendo el hecho de ser minoritario como algo malo, o sea, con que subsista la cosa, con que pueda subsistir&#8230; Hay artes que son muy minoritarias y debe ser as\u00ed. Es arte para artistas. Esto es algo muy relativo. Yo creo que hoy en d\u00eda hay un gran inter\u00e9s por el flamenco, por todo lo espa\u00f1ol. Tambi\u00e9n a nivel internacional, con artistas de fuera que vienen para ac\u00e1. Todos piden estar con flamencos. Y ves que la gente urbana se acerca mucho al flamenco, que est\u00e1 coqueteando con ritmos que naturalmente han sido nuestros, entre comillas, entendiendo \u00abnuestro\u00bb como una cosa en positivo. Hacer una buler\u00eda, o hacer los dejes en la voz. Yo creo que es un buen momento. El tema comercial tiene su importancia, por supuesto, porque yo vivo de esto, tengo que dar de comer a mis ni\u00f1os. Hay muchas familias que comemos de la m\u00fasica. Pero creo que el artista debe ser honesto consigo mismo. Yo he pasado por momentos de mucho \u00e9xito con Ketama, y sigo viviendo desde otro sitio, que es el sitio de un guitarrista flamenco. Me acerco a otras m\u00fasicas. Me siento orgulloso de ser honesto conmigo mismo, de hacer lo que me gusta, de hacer m\u00fasica con compromiso e intentar dedicar todas las horas y la atenci\u00f3n que necesita la m\u00fasica. La responsabilidad de hacer m\u00fasica desde el coraz\u00f3n.<\/p>\n<p>&nbsp;<\/p>\n<blockquote><p><em>\u00abHoy en d\u00eda hay un gran inter\u00e9s por el flamenco, por todo lo espa\u00f1ol. Tambi\u00e9n a nivel internacional, con artistas de fuera que vienen para ac\u00e1 y piden estar con flamencos. Ves que la gente urbana se acerca mucho al flamenco, que est\u00e1 coqueteando con ritmos que naturalmente han sido nuestros\u00bb<\/em><\/p><\/blockquote>\n<p>&nbsp;<\/p>\n<p><strong>\u2013 Si miras hacia atr\u00e1s, \u00bforgulloso del camino recorrido?<\/strong><\/p>\n<p>\u2013 Yo cuido lo que hago, le pongo mucho cari\u00f1o. Si miro as\u00ed con la lupa m\u00e1s grande, veo que mi camino ha tenido sentido. No he entrado en las cosas que no me han gustado. He hecho algunas pruebas que me han aportado cosas, pero en las que no he profundizado m\u00e1s porque no me han llamado la atenci\u00f3n. Y otras que s\u00ed. Pero m\u00e1s que revisar el pasado, yo tengo las miras al futuro. Ahora estoy con un quinteto, ayer estuvimos tocando en Orense, anteayer en Madrid, ahora vamos a Suiza. Estoy muy ilusionado, porque es un recorrido por mi vida, por mi m\u00fasica. Empec\u00e9 con una grana\u00edna en la que me acuerdo del T\u00edo Sabas, de mi t\u00edo Juan, de mi padre&#8230; Y despu\u00e9s tambi\u00e9n hacemos canciones m\u00e1s modernas, siempre desde mi coraz\u00f3n flamenco. A\u00fan sigo con muchas ganas de aprender y de compartir. Eso es lo m\u00e1s importante, porque es lo que me mantiene vivo.<\/p>\n<p><strong>\u2013 \u00bfSientes que a tu padre, el gran Pepe Habichuela, se le reconoce su valor como gran maestro de la guitarra flamenca? <\/strong><\/p>\n<p>\u2013 A nivel popular, su nombre es importante. A la gente le suena. Yo creo que en Espa\u00f1a la guitarra es un mundo complicado, a nivel comercial es muy dif\u00edcil. Lo que s\u00ed tiene sin duda es el reconocimiento de todos los artistas y del mundo del arte, eso es importante. Ahora vamos a hacerle un homenaje, porque \u00e9l ya tiene 80 a\u00f1os. Va a empezar a dejar de tocar en directo. Vamos a hac\u00e9rselo en las Noches del Bot\u00e1nico y ya tenemos en la lista de artistas que se han sumado a gente como \u00c1ngeles Toledano, la Carrasco, la Mar\u00eda Terremoto, el Farru&#8230; Bueno, son compa\u00f1eros que al final van a intentar darle las gracias a las personas que nos han abierto el camino, como el caso de mi padre y de muchos otros que afortunadamente son los culpables de que nosotros estemos aqu\u00ed. \u2666<\/p>\n<p>&nbsp;<\/p>\n<div class=\"jeg_video_container jeg_video_content\"><iframe title=\"Ismael de la Rosa - A escondernos (Buler\u00eda) (Limba\u00e9 Sesi\u00f3n Flamenco) ft. Jos\u00e9 del Tomate\" width=\"500\" height=\"375\" src=\"https:\/\/www.youtube.com\/embed\/SgUixM6lKFs?feature=oembed\" frameborder=\"0\" allow=\"accelerometer; autoplay; clipboard-write; encrypted-media; gyroscope; picture-in-picture; web-share\" referrerpolicy=\"strict-origin-when-cross-origin\" allowfullscreen><\/iframe><\/div>\n<figure id=\"attachment_79276\" aria-describedby=\"caption-attachment-79276\" style=\"width: 1600px\" class=\"wp-caption aligncenter\"><a href=\"https:\/\/expoflamenco.com\/revista\/wp-content\/uploads\/sites\/17\/2025\/05\/limbae-videoclip-a-escondernos.webp\"><img fetchpriority=\"high\" decoding=\"async\" class=\"size-full wp-image-79276\" src=\"https:\/\/expoflamenco.com\/revista\/wp-content\/uploads\/sites\/17\/2025\/05\/limbae-videoclip-a-escondernos.webp\" alt=\"Grabaci\u00f3n del videoclip 'A escondernos'. Foto: Limba\u00e9\" width=\"1600\" height=\"1600\" \/><\/a><figcaption id=\"caption-attachment-79276\" class=\"wp-caption-text\">Grabaci\u00f3n del videoclip &#8216;A escondernos&#8217;. Un ascensor para proyectar el arte a lo m\u00e1s alto. Foto: Limba\u00e9<\/figcaption><\/figure>\n<p>&nbsp;<\/p>\n","protected":false,"gt_translate_keys":[{"key":"rendered","format":"html"}]},"excerpt":{"rendered":"<p>El guitarrista, compositor y productor que milit\u00f3 en los c\u00e9lebres Ketama oficia de director musical en Limba\u00e9, un proyecto heredero del sello discogr\u00e1fico Nuevos Medios que pretende dar lustre audiovisual a los j\u00f3venes flamencos. <\/p>\n","protected":false,"gt_translate_keys":[{"key":"rendered","format":"html"}]},"author":3,"featured_media":2942,"comment_status":"open","ping_status":"open","sticky":false,"template":"","format":"standard","meta":{"_acf_changed":false,"pmpro_default_level":"","jnews-multi-image_gallery":[],"jnews_single_post":{"format":"standard","override":[{"template":"2","parallax":"1","fullscreen":"1","layout":"right-sidebar","sidebar":"default-sidebar","second_sidebar":"default-sidebar","sticky_sidebar":"1","share_position":"bottom","share_float_style":"share-monocrhome","show_share_counter":"1","show_view_counter":"1","show_featured":"1","show_post_meta":"1","show_post_author":"1","show_post_author_image":"1","show_post_date":"1","post_date_format":"default","post_date_format_custom":"Y\/m\/d","show_post_reading_time":"1","post_reading_time_wpm":"250","post_calculate_word_method":"str_word_count","show_zoom_button":"1","zoom_button_out_step":"2","zoom_button_in_step":"3","show_post_tag":"1","show_popup_post":"1","number_popup_post":"1","show_author_box":"1","show_post_related":"1","show_inline_post_related":"1"}],"image_override":[{"single_post_thumbnail_size":"no-crop","single_post_gallery_size":"crop-500"}],"trending_post_position":"meta","trending_post_label":"Trending","sponsored_post_label":"Sponsored by","disable_ad":"0","subtitle":"El guitarrista, compositor y productor que milit\u00f3 en los c\u00e9lebres Ketama oficia de director musical en Limba\u00e9, un proyecto heredero del sello discogr\u00e1fico Nuevos Medios que pretende dar lustre audiovisual a los j\u00f3venes flamencos."},"jnews_primary_category":{"id":"106"},"jnews_override_bookmark_settings":{"override_bookmark_button":"0","override_show_bookmark_button":"0"},"jnews_social_meta":[],"jnews_review":[],"enable_review":"","type":"percentage","name":"","summary":"","brand":"","sku":"","good":[],"bad":[],"score_override":"","override_value":"","rating":[],"price":[],"jnews_override_counter":{"view_counter_number":"0","share_counter_number":"0","like_counter_number":"0","dislike_counter_number":"0"},"footnotes":""},"categories":[38,130],"tags":[2635,149,2636,2637,2638,2639,2640],"class_list":["post-2941","post","type-post","status-publish","format-standard","has-post-thumbnail","hentry","category-en-portada","category-entrevistas","tag-discografica","tag-guitarrista-flamenco","tag-josemi-carmona","tag-ketama","tag-limbae","tag-nuevos-medios","tag-videos-flamencos","pmpro-has-access"],"acf":[],"aioseo_notices":[],"gt_translate_keys":[{"key":"link","format":"url"}],"_links":{"self":[{"href":"https:\/\/expoflamenco.com\/revista\/wp-json\/wp\/v2\/posts\/2941","targetHints":{"allow":["GET"]}}],"collection":[{"href":"https:\/\/expoflamenco.com\/revista\/wp-json\/wp\/v2\/posts"}],"about":[{"href":"https:\/\/expoflamenco.com\/revista\/wp-json\/wp\/v2\/types\/post"}],"author":[{"embeddable":true,"href":"https:\/\/expoflamenco.com\/revista\/wp-json\/wp\/v2\/users\/3"}],"replies":[{"embeddable":true,"href":"https:\/\/expoflamenco.com\/revista\/wp-json\/wp\/v2\/comments?post=2941"}],"version-history":[{"count":0,"href":"https:\/\/expoflamenco.com\/revista\/wp-json\/wp\/v2\/posts\/2941\/revisions"}],"wp:featuredmedia":[{"embeddable":true,"href":"https:\/\/expoflamenco.com\/revista\/wp-json\/wp\/v2\/media\/2942"}],"wp:attachment":[{"href":"https:\/\/expoflamenco.com\/revista\/wp-json\/wp\/v2\/media?parent=2941"}],"wp:term":[{"taxonomy":"category","embeddable":true,"href":"https:\/\/expoflamenco.com\/revista\/wp-json\/wp\/v2\/categories?post=2941"},{"taxonomy":"post_tag","embeddable":true,"href":"https:\/\/expoflamenco.com\/revista\/wp-json\/wp\/v2\/tags?post=2941"}],"curies":[{"name":"wp","href":"https:\/\/api.w.org\/{rel}","templated":true}]}}