{"id":287,"date":"2024-01-22T18:27:47","date_gmt":"2024-01-22T17:27:47","guid":{"rendered":"https:\/\/expoflamenco.com\/revistanew\/2024\/01\/22\/el-xxiii-flamenco-festival-nueva-york-celebra-la-figura-de-paco-de-lucia-y-la-herencia-de-la-guitarra-espanola\/"},"modified":"2024-01-22T18:27:47","modified_gmt":"2024-01-22T17:27:47","slug":"el-xxiii-flamenco-festival-nueva-york-celebra-la-figura-de-paco-de-lucia-y-la-herencia-de-la-guitarra-espanola","status":"publish","type":"post","link":"https:\/\/expoflamenco.com\/revista\/el-xxiii-flamenco-festival-nueva-york-celebra-la-figura-de-paco-de-lucia-y-la-herencia-de-la-guitarra-espanola\/","title":{"rendered":"El XXIII Flamenco Festival Nueva York celebra la figura de Paco de Luc\u00eda\u2028y la herencia de la guitarra espa\u00f1ola","gt_translate_keys":[{"key":"rendered","format":"text"}]},"content":{"rendered":"<p>Casi dos d\u00e9cadas despu\u00e9s de que el maestro de la guitarra<strong> Paco de Luc\u00eda <\/strong>actuara por \u00faltima vez en la Gran Manzana, precisamente durante la celebraci\u00f3n de<strong> Flamenco Festival Nueva York 2007<\/strong>, la cita retoma este hito hist\u00f3rico para reunir en su nueva edici\u00f3n a 230 participantes en un merecido homenaje al guitarrista cuando se cumplen diez a\u00f1os de su muerte.&nbsp;Con esta premisa, Flamenco Festival alcanza su 23\u00aa edici\u00f3n en Nueva York, de nuevo como su sede principal de Estados Unidos, en una cita ineludible del 1 al 17 de marzo, que tendr\u00e1 a la guitarra espa\u00f1ola como protagonista, tambi\u00e9n, a trav\u00e9s de la conmemoraci\u00f3n del IV centenario del fallecimiento del m\u00fasico y poeta espa\u00f1ol <strong>Vicente Espinel<\/strong>, sacerdote, escritor y m\u00fasico espa\u00f1ol del Siglo de Oro al que se le atribuye haber a\u00f1adido la quinta cuerda a la guitarra espa\u00f1ola, tal y como hoy la conocemos.<\/p>\n<p><strong>&nbsp;<\/strong><\/p>\n<p>As\u00ed lo ha dado a conocer <strong>Miguel Mar\u00edn, <\/strong>director de <a href=\"https:\/\/www.flamencofestival.org\" target=\"_blank\" rel=\"noopener\">Flamenco Festival<\/a>, el lunes 22 de enero durante su presentaci\u00f3n en rueda de prensa en Sevilla, que ha estado acompa\u00f1ado por <strong>Ernesto P\u00e9rez Z\u00fa\u00f1iga<\/strong>, subdirector de Cultura del Instituto Cervantes, y <strong>Jos\u00e9 Miguel Carmona<\/strong>, coordinador de M\u00fasica de la Fundaci\u00f3n SGAE, instituciones colaboradoras de la cita, as\u00ed como por buena parte de las compa\u00f1\u00edas y artistas programados, que se han dado cita en el Pabell\u00f3n de los Estados Unidos de la Exposici\u00f3n Iberoamericana de 1929, sede de la <a href=\"https:\/\/www.fundacionvmo.com\/\" target=\"_blank\" rel=\"noopener\">Fundaci\u00f3n Valent\u00edn de Madariaga y Oya<\/a>. En este acto se ha detallado la programaci\u00f3n de esta nueva edici\u00f3n, que contar\u00e1 con el reclamo de grandes exponentes de este arte universal. Nombres como <strong>Tomatito, Rafael Riqueni, Alejandro Hurtado, Ra\u00fal Cantizano, Rycardo Moreno, Antonia Jim\u00e9nez, Diego del Morao, David de Arahal, Olga Pericet, Manuel Li\u00f1\u00e1n, Paula Comitre, Alfonso Losa, Concha Jare\u00f1o, Israel Fern\u00e1ndez, Mar\u00eda Jos\u00e9 Llergo, Inma La Carbonera, Sandra Carrasco <\/strong>y<strong> Los Voluble, <\/strong>entre otros, escriben con letra de oro la divulgaci\u00f3n del flamenco que el festival ofrece. Lo mejor del baile, el toque y el cante flamenco para conquistar a un p\u00fablico \u00e1vido de emoci\u00f3n que ser\u00e1 testigo de m\u00faltiples momentos \u00fanicos e irrepetibles en esta edici\u00f3n, que reunir\u00e1 propuestas creadas <em>ex profeso<\/em> para celebrar la m\u00fasica y ensalzar el talento, la capacidad de innovaci\u00f3n y la contribuci\u00f3n a la misma de Paco de Luc\u00eda.<\/p>\n<p>&nbsp;<\/p>\n<p>&nbsp;<\/p>\n<blockquote><p><em>\u00abDel 1 al 17 de marzo, m\u00e1s de 150 artistas espa\u00f1oles se suman a los ochenta de Nueva York para presentar en Estados Unidos 44 funciones en un total de veinti\u00fan espacios, trece en Nueva York y ocho en Miami, Boston, Los \u00c1ngeles, Chicago y Washington DC\u00bb<\/em><\/p><\/blockquote>\n<p>&nbsp;<\/p>\n<p>&nbsp;<\/p>\n<p><a href=\"https:\/\/expoflamenco.com\/prensa\/wp-content\/uploads\/sites\/17\/2024\/01\/expoflamenco-cartel-flamenco-festival-nueva-york-2024-20240417-232247.jpg\"><img fetchpriority=\"high\" decoding=\"async\" class=\"aligncenter size-full wp-image-47373\" src=\"https:\/\/expoflamenco.com\/prensa\/wp-content\/uploads\/sites\/17\/2024\/01\/expoflamenco-cartel-flamenco-festival-nueva-york-2024-20240417-232247.jpg\" alt=\"\" width=\"1600\" height=\"900\"><\/a><\/p>\n<p>&nbsp;<\/p>\n<p><strong>&nbsp;<\/strong><\/p>\n<p>Con todo, se espera que la asistencia a esta cita flamenca, que se ha hecho imprescindible en el calendario norteamericano y que <em>The New York Times<\/em> describe como \u201cuno de los principales eventos de danza de la ciudad\u201d, supere las 37.400 personas (20.600 en Nueva York y 16.800 entre el resto de ciudades), y que podr\u00e1n disfrutar de las 19 compa\u00f1\u00edas programadas en esta 23\u00aa edici\u00f3n, que contempla 44 funciones en 21 espacios de Nueva York, Miami, Boston, Chicago y Washington DC. Emplazamientos esc\u00e9nicos de la talla del New York City Center, Town Hall, The Public Theatre o Jazz at Lincoln Center, Kauffman Music Center\/Merkin Concert Hall o Berklee Theatre, por citar algunos ejemplos de Nueva York. Las entradas y toda la informaci\u00f3n para estas citas est\u00e1n disponibles en la <a href=\"https:\/\/www.flamencofestival.org\/\">p\u00e1gina web del Festival<\/a>.<\/p>\n<p>&nbsp;<\/p>\n<p>Flamenco Festival es un evento \u00fanico como gran altavoz internacional del flamenco. Hasta la fecha ha ofrecido 1.353 representaciones y ha presentado a 169 compa\u00f1\u00edas en 101 ciudades y 161 espacios de todo el mundo de la mano de todos los grandes nombres del flamenco de los \u00faltimos casi 25 a\u00f1os. Figuras en lo m\u00e1s alto de sus carreras como Sara Baras, Miguel Poveda, Eva Yerbabuena, Estrella Morente, Carmen Linares, Vicente Amigo, Manuel Li\u00f1\u00e1n, Mar\u00eda Terremoto, Tomatito, Mar\u00eda Pag\u00e9s, Manuela Carrasco, Israel Galv\u00e1n, Carmen Cort\u00e9s, Jos\u00e9 Merc\u00e9, Roc\u00edo Molina, Olga Pericet, Roc\u00edo M\u00e1rquez, Rosal\u00eda, Mercedes Ruiz, Farruquito o Rafaela Carrasco, entre muchos otros, y aut\u00e9nticos genios y leyendas universales que han hecho historia ya no est\u00e1n entre nosotros, como Paco de Luc\u00eda o Enrique Morente.<\/p>\n<p>&nbsp;<\/p>\n<p>Por todo ello, Flamenco Festival se configura como una de las mayores muestras de divulgaci\u00f3n y expansi\u00f3n de las artes esc\u00e9nicas espa\u00f1olas fuera de nuestras fronteras, y de nuevo queda patente con una vig\u00e9simo tercera edici\u00f3n. Adem\u00e1s, es uno de los m\u00e1s destacados encuentros flamencos de la programaci\u00f3n cultural de Estados Unidos.<\/p>\n<p>&nbsp;<\/p>\n<p>&nbsp;<\/p>\n<div style=\"width: 640px;\" class=\"wp-video\"><video class=\"wp-video-shortcode\" id=\"video-287-1\" width=\"640\" height=\"360\" preload=\"metadata\" controls=\"controls\"><source type=\"video\/mp4\" src=\"https:\/\/expoflamenco.online\/news\/wp-content\/uploads\/2024\/01\/Flamenco-Festival-NY-Presentacion-Sevilla-enero-2024-20240417-232240.mp4?_=1\" \/><a href=\"https:\/\/expoflamenco.online\/news\/wp-content\/uploads\/2024\/01\/Flamenco-Festival-NY-Presentacion-Sevilla-enero-2024-20240417-232240.mp4\">https:\/\/expoflamenco.online\/news\/wp-content\/uploads\/2024\/01\/Flamenco-Festival-NY-Presentacion-Sevilla-enero-2024-20240417-232240.mp4<\/a><\/video><\/div>\n<p>&nbsp;<\/p>\n<figure id=\"attachment_47367\" aria-describedby=\"caption-attachment-47367\" style=\"width: 1300px\" class=\"wp-caption aligncenter\"><a href=\"https:\/\/expoflamenco.com\/prensa\/wp-content\/uploads\/sites\/17\/2024\/01\/expoflamenco-presentacion-flamenco-festival-nueva-york-2024-en-sevilla-3-fundacion-madariaga-ene24-foto-felix-vazquez-20240417-232242.jpg\"><img decoding=\"async\" class=\"size-full wp-image-47367\" src=\"https:\/\/expoflamenco.com\/prensa\/wp-content\/uploads\/sites\/17\/2024\/01\/expoflamenco-presentacion-flamenco-festival-nueva-york-2024-en-sevilla-3-fundacion-madariaga-ene24-foto-felix-vazquez-20240417-232242.jpg\" alt=\"\" width=\"1300\" height=\"867\"><\/a><figcaption id=\"caption-attachment-47367\" class=\"wp-caption-text\">Presentaci\u00f3n en Sevilla del Flamenco Festival Nueva York. Fundaci\u00f3n Valent\u00edn de Madariaga. 22 enero 2024. Foto: F\u00e9lix V\u00e1zquez<\/figcaption><\/figure>\n<p>&nbsp;<\/p>\n<figure id=\"attachment_47371\" aria-describedby=\"caption-attachment-47371\" style=\"width: 1300px\" class=\"wp-caption aligncenter\"><a href=\"https:\/\/expoflamenco.com\/prensa\/wp-content\/uploads\/sites\/17\/2024\/01\/expoflamenco-presentacion-flamenco-festival-nueva-york-2024-en-sevilla-2-fundacion-madariaga-ene24-foto-felix-vazquez-20240417-232245.jpg\"><img decoding=\"async\" class=\"size-full wp-image-47371\" src=\"https:\/\/expoflamenco.com\/prensa\/wp-content\/uploads\/sites\/17\/2024\/01\/expoflamenco-presentacion-flamenco-festival-nueva-york-2024-en-sevilla-2-fundacion-madariaga-ene24-foto-felix-vazquez-20240417-232245.jpg\" alt=\"\" width=\"1300\" height=\"867\"><\/a><figcaption id=\"caption-attachment-47371\" class=\"wp-caption-text\">Presentaci\u00f3n en Sevilla del Flamenco Festival Nueva York. Fundaci\u00f3n Valent\u00edn de Madariaga. 22 enero 2024. Foto: F\u00e9lix V\u00e1zquez<\/figcaption><\/figure>\n<p>&nbsp;<\/p>\n","protected":false,"gt_translate_keys":[{"key":"rendered","format":"html"}]},"excerpt":{"rendered":"<p>Flamenco Festival Nueva York 2024 ofrecer\u00e1 del 1 al 17 de marzo una mirada \u00fanica a la escena flamenca actual, con cantaores como Sandra Carrasco,\u2028Israel Fern\u00e1ndez o Mar\u00eda Jos\u00e9 Llergo; guitarristas como Diego del Morao, Antonio Rey, Antonia Jim\u00e9nez o Ra\u00fal Cantizano; y bailaores como Alfonso Losa, El Yiyo o Paula Comitre.<\/p>\n","protected":false,"gt_translate_keys":[{"key":"rendered","format":"html"}]},"author":5,"featured_media":288,"comment_status":"open","ping_status":"open","sticky":false,"template":"","format":"standard","meta":{"_acf_changed":false,"pmpro_default_level":"","jnews-multi-image_gallery":[],"jnews_single_post":[],"jnews_primary_category":[],"jnews_override_bookmark_settings":[],"jnews_social_meta":[],"jnews_review":[],"enable_review":"","type":"","name":"","summary":"","brand":"","sku":"","good":[],"bad":[],"score_override":"","override_value":"","rating":[],"price":[],"jnews_override_counter":[],"footnotes":""},"categories":[47],"tags":[195,221,222],"class_list":["post-287","post","type-post","status-publish","format-standard","has-post-thumbnail","hentry","category-internacional","tag-flamenco","tag-flamenco-festival-nueva-york-2024","tag-presentacion-en-sevilla","pmpro-has-access"],"acf":[],"aioseo_notices":[],"gt_translate_keys":[{"key":"link","format":"url"}],"_links":{"self":[{"href":"https:\/\/expoflamenco.com\/revista\/wp-json\/wp\/v2\/posts\/287","targetHints":{"allow":["GET"]}}],"collection":[{"href":"https:\/\/expoflamenco.com\/revista\/wp-json\/wp\/v2\/posts"}],"about":[{"href":"https:\/\/expoflamenco.com\/revista\/wp-json\/wp\/v2\/types\/post"}],"author":[{"embeddable":true,"href":"https:\/\/expoflamenco.com\/revista\/wp-json\/wp\/v2\/users\/5"}],"replies":[{"embeddable":true,"href":"https:\/\/expoflamenco.com\/revista\/wp-json\/wp\/v2\/comments?post=287"}],"version-history":[{"count":0,"href":"https:\/\/expoflamenco.com\/revista\/wp-json\/wp\/v2\/posts\/287\/revisions"}],"wp:featuredmedia":[{"embeddable":true,"href":"https:\/\/expoflamenco.com\/revista\/wp-json\/wp\/v2\/media\/288"}],"wp:attachment":[{"href":"https:\/\/expoflamenco.com\/revista\/wp-json\/wp\/v2\/media?parent=287"}],"wp:term":[{"taxonomy":"category","embeddable":true,"href":"https:\/\/expoflamenco.com\/revista\/wp-json\/wp\/v2\/categories?post=287"},{"taxonomy":"post_tag","embeddable":true,"href":"https:\/\/expoflamenco.com\/revista\/wp-json\/wp\/v2\/tags?post=287"}],"curies":[{"name":"wp","href":"https:\/\/api.w.org\/{rel}","templated":true}]}}