{"id":2855,"date":"2025-04-11T13:31:26","date_gmt":"2025-04-11T11:31:26","guid":{"rendered":"https:\/\/expoflamenco.com\/revistanew\/ritos-culturales-que-condicionan-el-arte-jondo\/"},"modified":"2025-04-11T13:31:26","modified_gmt":"2025-04-11T11:31:26","slug":"ritos-culturales-que-condicionan-el-arte-jondo","status":"publish","type":"post","link":"https:\/\/expoflamenco.com\/revista\/ritos-culturales-que-condicionan-el-arte-jondo\/","title":{"rendered":"Ritos culturales que condicionan el arte jondo","gt_translate_keys":[{"key":"rendered","format":"text"}]},"content":{"rendered":"<p>\u00a1C\u00f3nchale, odio esos titulares sesudos! Simplificar\u00e9. Un d\u00eda empiezas a pensar que quiz\u00e1s ser\u00eda divertido dar unas clases de baile flamenco, guitarra o incluso cante. Espa\u00f1ol o extranjero, macho o hembra, joven o veterano, la aventura promete aportar emociones con un m\u00ednimo de riesgo o gasto, y piensas en lo guay que va a quedar cuando sueltas la nueva aventura en conversaci\u00f3n casual como quien no quiere la cosa: \u00abAy, se hace tarde, me tengo que ir, tengo clase de flamenco\u00bb<em>.<\/em><\/p>\n<p>Pero <strong>el flamenco te engancha a un nivel m\u00e1s complejo, no tolera una relaci\u00f3n superficial.<\/strong> Despu\u00e9s del primer contacto, empiezas a descubrir la riqueza cultural que hay detr\u00e1s, la historia, la cocina, artes pl\u00e1sticas, los vinos y especialmente la parte religiosa como viene expuesta en los numerosos rituales cat\u00f3licos asociados con la <strong>Semana Santa en Andaluc\u00eda<\/strong>.<\/p>\n<p>El domingo pude acompa\u00f1ar a socios y amigos de la <a href=\"https:\/\/www.facebook.com\/PFtiojosedepaula\/?locale=es_ES\" target=\"_blank\" rel=\"noopener\">Pe\u00f1a Flamenca T\u00edo Jos\u00e9 de Paula<\/a> en su visita a la hist\u00f3rica <strong>Iglesia de Santiago<\/strong> situada en el coraz\u00f3n del flamenqu\u00edsimo barrio justo en frente de la sede de la pe\u00f1a, al besapi\u00e9s de <strong>Nuestro Padre Jes\u00fas del Prendimiento<\/strong>.\u00a0 Mucho vocabulario eclesi\u00e1stico entretejido con alusiones flamencas obligatoriamente presentes en las emotivas interpretaciones de saetas cantadas por algunos de los presentes, como <strong>Joaqu\u00edn Zambo<\/strong>, presidente de la pe\u00f1a T\u00edo Jos\u00e9 de Paula, o la muy querida cantaora sanluque\u00f1a, afincada en Jerez, <strong>Mar\u00eda Vargas<\/strong>.<\/p>\n<p>Con un 60 por ciento de los espa\u00f1oles, y un 87 por ciento de la poblaci\u00f3n andaluza identific\u00e1ndose como cat\u00f3licos practicantes, <strong>abundan int\u00e9rpretes saeteros<\/strong>, tanto los que se dedican profesionalmente como aficionados, y sus cantes al respecto se incluyen <strong>dentro del repertorio del cante flamenco<\/strong>, aunque su interpretaci\u00f3n se limite, como los cantes navide\u00f1os, a la temporada asociada.<\/p>\n<p><em>Vale, s\u00ed, ya, todo eso est\u00e1 muy bien, pero yo s\u00f3lo quer\u00eda una pata\u00edta pa\u2019 las bodas y tal, ya sabes. <\/em><\/p>\n<p>&nbsp;<\/p>\n<blockquote><p><em>\u00abSea Juanito Valderrama por guajira o Juan Talega por ton\u00e1 liviana, sin \u00e1nimo de ofender a cualquiera de los dos, una vez abierto el tarro de las esencias no hay viaje de retorno\u00bb<\/em><\/p><\/blockquote>\n<p>&nbsp;<\/p>\n<p>No, <strong>el flamenco es un compromiso vitalicio y total<\/strong>, entras en el convento de las emociones sabiendo que all\u00ed dejas la esencia y meollo de tu persona hasta que la muerte os separe. Podr\u00e1 haber flirteos con otras expresiones musicales, porque el flamenco es m\u00fasica, incluso cuando se baila, y por mucho que lo nieguen algunos. Sea <strong>Juanito Valderrama<\/strong> por guajira o <strong>Juan Talega<\/strong> por ton\u00e1 liviana, sin \u00e1nimo de ofender a cualquiera de los dos, una vez abierto el tarro de las esencias no hay viaje de retorno.<\/p>\n<p>Despu\u00e9s de las formalidades, hab\u00eda cante en la pe\u00f1a con nada menos que <strong>Romerito de Jerez<\/strong>, a punto de cumplir los 93 a\u00f1os, acompa\u00f1ado a la guitarra por su hijo <strong>Antonio \u201cRomerito hijo\u201d<\/strong> deleitando a los presentes con su frescura y energ\u00eda por sole\u00e1, alegr\u00edas, fandangos y buler\u00edas, y fin de fiesta con<strong> la Yoya, la Curra<\/strong> y otras habituales de las queridas mujeres de la Pe\u00f1a T\u00edo Jos\u00e9.<\/p>\n<p>El resumen del mensaje entonces es este: si quieres sentir las emociones del arte jondo, salta a la piscina virtual en su extremo profundo sin salvavidas, absorbe la cultura, b\u00e9betela, v\u00edvela, sea la recogida del Prendi en Semana Santa, mostachones de Utrera o un plato berza con sus tagarninas, todo te alimenta el alma y define el flamenco, una forma de vida, una filosof\u00eda.<\/p>\n<p>&nbsp;<\/p>\n","protected":false,"gt_translate_keys":[{"key":"rendered","format":"html"}]},"excerpt":{"rendered":"<p>Si quieres sentir las emociones del arte jondo, salta a la piscina virtual en su extremo profundo sin salvavidas. Absorbe la cultura, b\u00e9betela, v\u00edvela. Sea la recogida del Prendi en Semana Santa, mostachones de Utrera o un plato berza con sus tagarninas, todo te alimenta el alma y define el flamenco, una forma de vida, una filosof\u00eda.<\/p>\n","protected":false,"gt_translate_keys":[{"key":"rendered","format":"html"}]},"author":35,"featured_media":2856,"comment_status":"open","ping_status":"open","sticky":false,"template":"","format":"standard","meta":{"_acf_changed":false,"pmpro_default_level":"","jnews-multi-image_gallery":[],"jnews_single_post":{"format":"standard","override":[{"template":"2","parallax":"1","fullscreen":"1","layout":"right-sidebar","sidebar":"default-sidebar","second_sidebar":"default-sidebar","sticky_sidebar":"1","share_position":"bottom","share_float_style":"share-monocrhome","show_share_counter":"1","show_view_counter":"1","show_featured":"1","show_post_meta":"1","show_post_author":"1","show_post_author_image":"1","show_post_date":"1","post_date_format":"default","post_date_format_custom":"Y\/m\/d","show_post_reading_time":"1","post_reading_time_wpm":"250","post_calculate_word_method":"str_word_count","show_zoom_button":"1","zoom_button_out_step":"2","zoom_button_in_step":"3","show_post_tag":"1","show_popup_post":"1","number_popup_post":"1","show_author_box":"1","show_post_related":"1","show_inline_post_related":"1"}],"image_override":[{"single_post_thumbnail_size":"no-crop","single_post_gallery_size":"crop-500"}],"trending_post_position":"meta","trending_post_label":"Trending","sponsored_post_label":"Sponsored by","disable_ad":"0","subtitle":"Si quieres sentir las emociones del arte jondo, salta a la piscina virtual en su extremo profundo sin salvavidas. Absorbe la cultura, b\u00e9betela, v\u00edvela. Sea la recogida del Prendi en Semana Santa, mostachones de Utrera o un plato berza con sus tagarninas, todo te alimenta el alma y define el flamenco, una forma de vida, una filosof\u00eda."},"jnews_primary_category":{"id":"69"},"jnews_override_bookmark_settings":{"override_bookmark_button":"0","override_show_bookmark_button":"0"},"jnews_social_meta":[],"jnews_review":[],"enable_review":"","type":"percentage","name":"","summary":"","brand":"","sku":"","good":[],"bad":[],"score_override":"","override_value":"","rating":[],"price":[],"jnews_override_counter":{"view_counter_number":"0","share_counter_number":"0","like_counter_number":"0","dislike_counter_number":"0"},"footnotes":""},"categories":[95,94],"tags":[145,2554,722,2314],"class_list":["post-2855","post","type-post","status-publish","format-standard","has-post-thumbnail","hentry","category-estela-flamenca","category-firmas","tag-pena-flamenca","tag-pena-tio-jose-de-paula","tag-romerito-de-jerez","tag-saeta-flamenca","pmpro-has-access"],"acf":[],"aioseo_notices":[],"gt_translate_keys":[{"key":"link","format":"url"}],"_links":{"self":[{"href":"https:\/\/expoflamenco.com\/revista\/wp-json\/wp\/v2\/posts\/2855","targetHints":{"allow":["GET"]}}],"collection":[{"href":"https:\/\/expoflamenco.com\/revista\/wp-json\/wp\/v2\/posts"}],"about":[{"href":"https:\/\/expoflamenco.com\/revista\/wp-json\/wp\/v2\/types\/post"}],"author":[{"embeddable":true,"href":"https:\/\/expoflamenco.com\/revista\/wp-json\/wp\/v2\/users\/35"}],"replies":[{"embeddable":true,"href":"https:\/\/expoflamenco.com\/revista\/wp-json\/wp\/v2\/comments?post=2855"}],"version-history":[{"count":0,"href":"https:\/\/expoflamenco.com\/revista\/wp-json\/wp\/v2\/posts\/2855\/revisions"}],"wp:featuredmedia":[{"embeddable":true,"href":"https:\/\/expoflamenco.com\/revista\/wp-json\/wp\/v2\/media\/2856"}],"wp:attachment":[{"href":"https:\/\/expoflamenco.com\/revista\/wp-json\/wp\/v2\/media?parent=2855"}],"wp:term":[{"taxonomy":"category","embeddable":true,"href":"https:\/\/expoflamenco.com\/revista\/wp-json\/wp\/v2\/categories?post=2855"},{"taxonomy":"post_tag","embeddable":true,"href":"https:\/\/expoflamenco.com\/revista\/wp-json\/wp\/v2\/tags?post=2855"}],"curies":[{"name":"wp","href":"https:\/\/api.w.org\/{rel}","templated":true}]}}