{"id":2779,"date":"2025-05-06T17:51:38","date_gmt":"2025-05-06T15:51:38","guid":{"rendered":"https:\/\/expoflamenco.com\/revistanew\/el-festival-alma-y-jaleo-llega-a-badajoz-con-un-cartel-de-flamenco-y-fusion\/"},"modified":"2025-05-06T17:51:38","modified_gmt":"2025-05-06T15:51:38","slug":"el-festival-alma-y-jaleo-llega-a-badajoz-con-un-cartel-de-flamenco-y-fusion","status":"publish","type":"post","link":"https:\/\/expoflamenco.com\/revista\/el-festival-alma-y-jaleo-llega-a-badajoz-con-un-cartel-de-flamenco-y-fusion\/","title":{"rendered":"El Festival Alma y Jaleo llega a Badajoz con un cartel de flamenco y fusi\u00f3n","gt_translate_keys":[{"key":"rendered","format":"text"}]},"content":{"rendered":"<p>El 17 de mayo, la Plaza de Toros de Badajoz (Av. de Pardaleras, 19) se convierte en el epicentro del arte y la m\u00fasica con la llegada del <a href=\"https:\/\/www.almayjaleo.es\/\" target=\"_blank\" rel=\"noopener\">Festival Alma y Jaleo<\/a>, un evento que fusiona lo mejor del flamenco con sonidos contempor\u00e1neos. La cita contar\u00e1 con un cartel de lujo y promete una jornada inolvidable para los amantes de la m\u00fasica en vivo.<\/p>\n<p>El Festival Alma y Jaleo re\u00fane a un elenco de artistas que representan la esencia del flamenco y la fusi\u00f3n musical. <strong>Juanfra Carrasco<\/strong>, una de las voces m\u00e1s prometedoras del flamenco, que ha sabido conquistar al p\u00fablico con su autenticidad y pasi\u00f3n. <strong>El Capullo de Jerez<\/strong>, leyenda viva del flamenco, cuya energ\u00eda y estilo inconfundible han marcado generaciones.<\/p>\n<p><strong>Marina Garc\u00eda<\/strong>, una artista emergente con un talento arrollador, que conecta lo tradicional con los sonidos m\u00e1s actuales. La <strong>Escuela de Baile Pilar And\u00fajar<\/strong>, con un espect\u00e1culo de danza flamenca que pondr\u00e1 el alma y la elegancia en el escenario. <strong>Los Rokipankis de Extremadura<\/strong>, el grupo de versiones que traer\u00e1 un toque de diversi\u00f3n y frescura al festival.<\/p>\n<p>&nbsp;<\/p>\n<div class=\"jeg_video_container jeg_video_content\"><iframe title=\"ALMA Y JALEO BADAJOZ - TRAILER\" width=\"500\" height=\"281\" src=\"https:\/\/www.youtube.com\/embed\/jbt9GkSP_sc?feature=oembed\" frameborder=\"0\" allow=\"accelerometer; autoplay; clipboard-write; encrypted-media; gyroscope; picture-in-picture; web-share\" referrerpolicy=\"strict-origin-when-cross-origin\" allowfullscreen><\/iframe><\/div>\n<p>&nbsp;<\/p>\n<p>El Festival Alma y Jaleo no es solo un evento musical, sino una experiencia que celebra la cultura flamenca en todas sus formas. Desde la fuerza del cante y el baile hasta la alegr\u00eda contagiosa de la m\u00fasica en directo, la noche del 17 de mayo ser\u00e1 una aut\u00e9ntica fiesta en el coraz\u00f3n de Badajoz.<\/p>\n<p>Entradas ya disponibles a trav\u00e9s de las plataformas Wegow y Enterticket.<\/p>\n<p>&nbsp;<\/p>\n<p><a href=\"https:\/\/expoflamenco.com\/revista\/wp-content\/uploads\/sites\/17\/2025\/05\/cartel-festival-alma-y-jaleo-2025-badajoz.jpg\"><img fetchpriority=\"high\" decoding=\"async\" class=\"aligncenter size-full wp-image-79079\" src=\"https:\/\/expoflamenco.com\/revista\/wp-content\/uploads\/sites\/17\/2025\/05\/cartel-festival-alma-y-jaleo-2025-badajoz.jpg\" alt=\"\" width=\"700\" height=\"875\" \/><\/a><\/p>\n<p>&nbsp;<\/p>\n","protected":false,"gt_translate_keys":[{"key":"rendered","format":"html"}]},"excerpt":{"rendered":"<p>Juanfra Carrasco, El Capullo de Jerez y Marina Garc\u00eda encabezan el 17 de mayo un evento \u00fanico en la Plaza de Toros de Badajoz, Extremadura. La Escuela de Baile Pilar And\u00fajar y Los Rokipankis de Extremadura completan un espect\u00e1culo vibrante de m\u00fasica y danza.<\/p>\n","protected":false,"gt_translate_keys":[{"key":"rendered","format":"html"}]},"author":5,"featured_media":469,"comment_status":"open","ping_status":"open","sticky":false,"template":"","format":"standard","meta":{"_acf_changed":false,"pmpro_default_level":"","jnews-multi-image_gallery":[],"jnews_single_post":{"format":"standard","override":[{"template":"2","parallax":"1","fullscreen":"1","layout":"right-sidebar","sidebar":"default-sidebar","second_sidebar":"default-sidebar","sticky_sidebar":"1","share_position":"bottom","share_float_style":"share-monocrhome","show_share_counter":"1","show_view_counter":"1","show_featured":"1","show_post_meta":"1","show_post_author":"1","show_post_author_image":"1","show_post_date":"1","post_date_format":"default","post_date_format_custom":"Y\/m\/d","show_post_reading_time":"1","post_reading_time_wpm":"250","post_calculate_word_method":"str_word_count","show_zoom_button":"1","zoom_button_out_step":"2","zoom_button_in_step":"3","show_post_tag":"1","show_popup_post":"1","number_popup_post":"1","show_author_box":"1","show_post_related":"1","show_inline_post_related":"1"}],"image_override":[{"single_post_thumbnail_size":"no-crop","single_post_gallery_size":"crop-500"}],"trending_post_position":"meta","trending_post_label":"Trending","sponsored_post_label":"Sponsored by","disable_ad":"0","subtitle":"Juanfra Carrasco, Capullo de Jerez y Marina Garc\u00eda encabezan el 17 de mayo un evento \u00fanico en la Plaza de Toros de Badajoz, Extremadura. La Escuela de Baile Pilar And\u00fajar y Los Rokipankis de Extremadura completan un espect\u00e1culo vibrante de m\u00fasica y danza."},"jnews_primary_category":{"id":"4226"},"jnews_override_bookmark_settings":{"override_bookmark_button":"0","override_show_bookmark_button":"0"},"jnews_social_meta":[],"jnews_review":[],"enable_review":"","type":"percentage","name":"","summary":"","brand":"","sku":"","good":[],"bad":[],"score_override":"","override_value":"","rating":[],"price":[],"jnews_override_counter":{"view_counter_number":"0","share_counter_number":"0","like_counter_number":"0","dislike_counter_number":"0"},"footnotes":""},"categories":[37,38],"tags":[2477,1441,2478],"class_list":["post-2779","post","type-post","status-publish","format-standard","has-post-thumbnail","hentry","category-actualidad","category-en-portada","tag-el-capullo-de-jerez","tag-juanfra-carrasco","tag-marina-garcia","pmpro-has-access"],"acf":[],"aioseo_notices":[],"gt_translate_keys":[{"key":"link","format":"url"}],"_links":{"self":[{"href":"https:\/\/expoflamenco.com\/revista\/wp-json\/wp\/v2\/posts\/2779","targetHints":{"allow":["GET"]}}],"collection":[{"href":"https:\/\/expoflamenco.com\/revista\/wp-json\/wp\/v2\/posts"}],"about":[{"href":"https:\/\/expoflamenco.com\/revista\/wp-json\/wp\/v2\/types\/post"}],"author":[{"embeddable":true,"href":"https:\/\/expoflamenco.com\/revista\/wp-json\/wp\/v2\/users\/5"}],"replies":[{"embeddable":true,"href":"https:\/\/expoflamenco.com\/revista\/wp-json\/wp\/v2\/comments?post=2779"}],"version-history":[{"count":0,"href":"https:\/\/expoflamenco.com\/revista\/wp-json\/wp\/v2\/posts\/2779\/revisions"}],"wp:featuredmedia":[{"embeddable":true,"href":"https:\/\/expoflamenco.com\/revista\/wp-json\/wp\/v2\/media\/469"}],"wp:attachment":[{"href":"https:\/\/expoflamenco.com\/revista\/wp-json\/wp\/v2\/media?parent=2779"}],"wp:term":[{"taxonomy":"category","embeddable":true,"href":"https:\/\/expoflamenco.com\/revista\/wp-json\/wp\/v2\/categories?post=2779"},{"taxonomy":"post_tag","embeddable":true,"href":"https:\/\/expoflamenco.com\/revista\/wp-json\/wp\/v2\/tags?post=2779"}],"curies":[{"name":"wp","href":"https:\/\/api.w.org\/{rel}","templated":true}]}}