{"id":2777,"date":"2025-05-07T10:39:50","date_gmt":"2025-05-07T08:39:50","guid":{"rendered":"https:\/\/expoflamenco.com\/revistanew\/animo-albuquerque\/"},"modified":"2025-05-07T10:39:50","modified_gmt":"2025-05-07T08:39:50","slug":"animo-albuquerque","status":"publish","type":"post","link":"https:\/\/expoflamenco.com\/revista\/animo-albuquerque\/","title":{"rendered":"\u00a1\u00c1nimo,  Albuquerque!","gt_translate_keys":[{"key":"rendered","format":"text"}]},"content":{"rendered":"<p>En el a\u00f1o 1982, el <strong>Instituto Nacional de Flamenco<\/strong> fue\u00a0fundado por <strong>Eva Encinias<\/strong>, con abundante historia familiar y popular que apoyaba aquel comienzo. En estas cuatro d\u00e9cadas el gran esfuerzo de Eva y su familia, hizo nacer el <a href=\"https:\/\/ffabq.org\/\" target=\"_blank\" rel=\"noopener\">Flamenco Festival de Alburquerque<\/a> (Nuevo M\u00e9xico, Estados Unidos), el evento m\u00e1s grande y longevo de este tipo fuera de Espa\u00f1a. Desde entonces el Instituto ha organizado numerosos proyectos sociales y did\u00e1cticos, y aguantado alguna que otra desgracia como un extenso incendio que destruy\u00f3 gran parte de la sede central de la organizaci\u00f3n, o la maldita Covid que oblig\u00f3 a la realizaci\u00f3n del programa del Festival virtual on-line.<\/p>\n<p>Ahora, el golpe m\u00e1s cruel: una sustanciosa aportaci\u00f3n econ\u00f3mica previamente concedida por <strong>National Endowment of the Arts<\/strong> ha sido revocada. Seg\u00fan la NEA, \u00abse tom\u00f3 la decisi\u00f3n de redirigir los fondos hacia proyectos alineados con las nuevas prioridades federales\u201d. El proyecto del Flamenco Festival de Alburquerque, a pesar de su alcance hist\u00f3rico, sus asociaciones internacionales y su profunda conexi\u00f3n con las comunidades hispanas y de Nuevo M\u00e9xico, fue considerado no alineado con dichas prioridades seg\u00fan una breve declaraci\u00f3n de protesta publicada ayer en las redes por <strong>Marisol Encinias<\/strong>, actual directora del Festival.<\/p>\n<p>La noticia ha ca\u00eddo como un cubo de agua helada sobre el evento cuando faltan menos de dos meses para el comienzo de la 38\u00aa edici\u00f3n de la hist\u00f3rica cita.<\/p>\n<p>&nbsp;<\/p>\n<blockquote><p><em>\u00abQuiero asegurarles que el festival sigue adelante seg\u00fan lo planeado. Estamos apelando activamente la decisi\u00f3n y trabajando arduamente para recaudar los fondos necesarios para cerrar la brecha. Somos fuertes y vamos a salir adelante, especialmente con el apoyo de quienes aman y valoran las artes\u00bb (Marisol Encinias)<\/em><\/p><\/blockquote>\n<p>&nbsp;<\/p>\n<p>Recuerdo ahora aquellos a\u00f1os setenta, la popularidad en aumento de los festivales de verano, cuando la entrada casi siempre costaba 500 pesetas (3 euros o $3.40 d\u00f3lares), que nos parec\u00eda un dineral cuando en un tablao los del cuadro no ganaban eso por noche. Estos festivales se pusieron de moda, e incluso con carteles largu\u00edsimos con primeras figuras de cante, baile o guitarra, hab\u00eda sueldos elevados. No hab\u00eda subvenciones ni patrocinio de peso.<\/p>\n<p>La aparici\u00f3n de <strong>las pe\u00f1as flamencas<\/strong>, que entonces brotaban como habas en oto\u00f1o, reforz\u00f3 la afici\u00f3n y el orgullo local, dando lugar a un compartido e imparable sensibilidad cultural, como no hab\u00eda existido anteriormente. La organizaci\u00f3n de estos eventos qued\u00f3 en manos de las autoridades municipales y funcionarios, a menudo sin criterio al respecto.<\/p>\n<p>La retirada de la financiaci\u00f3n del Flamenco Festival de Alburquerque, que no ha sido el \u00fanico evento privado en estos d\u00edas del apoyo p\u00fablico econ\u00f3mico, es un triste paso atr\u00e1s para el arte jondo y la poblaci\u00f3n en general. Unas emotivas palabras de Marisol Encinias:<\/p>\n<p>\u201cGracias a todas y todos por su incre\u00edble apoyo. Quiero asegurarles que el festival sigue adelante seg\u00fan lo planeado. Estamos apelando activamente la decisi\u00f3n y trabajando arduamente para recaudar los fondos necesarios para cerrar la brecha. Somos fuertes y vamos a salir adelante, especialmente con el apoyo de quienes aman y valoran las artes\u201d.<\/p>\n<p>&nbsp;<\/p>\n","protected":false,"gt_translate_keys":[{"key":"rendered","format":"html"}]},"excerpt":{"rendered":"<p>La retirada de la financiaci\u00f3n del Flamenco Festival de Alburquerque, que no ha sido el \u00fanico evento privado en estos d\u00edas del apoyo p\u00fablico econ\u00f3mico, es un triste paso atr\u00e1s para el arte jondo.<\/p>\n","protected":false,"gt_translate_keys":[{"key":"rendered","format":"html"}]},"author":35,"featured_media":2778,"comment_status":"open","ping_status":"open","sticky":false,"template":"","format":"standard","meta":{"_acf_changed":false,"pmpro_default_level":"","jnews-multi-image_gallery":[],"jnews_single_post":{"format":"standard","override":[{"template":"2","parallax":"1","fullscreen":"1","layout":"right-sidebar","sidebar":"default-sidebar","second_sidebar":"default-sidebar","sticky_sidebar":"1","share_position":"bottom","share_float_style":"share-monocrhome","show_share_counter":"1","show_view_counter":"1","show_featured":"1","show_post_meta":"1","show_post_author":"1","show_post_author_image":"1","show_post_date":"1","post_date_format":"default","post_date_format_custom":"Y\/m\/d","show_post_reading_time":"1","post_reading_time_wpm":"250","post_calculate_word_method":"str_word_count","show_zoom_button":"1","zoom_button_out_step":"2","zoom_button_in_step":"3","show_post_tag":"1","show_popup_post":"1","number_popup_post":"1","show_author_box":"1","show_post_related":"1","show_inline_post_related":"1"}],"image_override":[{"single_post_thumbnail_size":"no-crop","single_post_gallery_size":"crop-500"}],"trending_post_position":"meta","trending_post_label":"Trending","sponsored_post_label":"Sponsored by","disable_ad":"0","subtitle":"La retirada de la financiaci\u00f3n del Flamenco Festival de Alburquerque (Nuevo M\u00e9xico, EE. UU.), que no ha sido el \u00fanico evento privado en estos d\u00edas del apoyo p\u00fablico econ\u00f3mico, es un triste paso atr\u00e1s para el arte jondo."},"jnews_primary_category":{"id":"69"},"jnews_override_bookmark_settings":{"override_bookmark_button":"0","override_show_bookmark_button":"0"},"jnews_social_meta":[],"jnews_review":[],"enable_review":"","type":"percentage","name":"","summary":"","brand":"","sku":"","good":[],"bad":[],"score_override":"","override_value":"","rating":[],"price":[],"jnews_override_counter":{"view_counter_number":"0","share_counter_number":"0","like_counter_number":"0","dislike_counter_number":"0"},"footnotes":""},"categories":[38,95,94],"tags":[60,2474,2475,2476],"class_list":["post-2777","post","type-post","status-publish","format-standard","has-post-thumbnail","hentry","category-en-portada","category-estela-flamenca","category-firmas","tag-festival-flamenco","tag-flamenco-festival-de-alburquerque","tag-marisol-encinias","tag-nuevo-mexico","pmpro-has-access"],"acf":[],"aioseo_notices":[],"gt_translate_keys":[{"key":"link","format":"url"}],"_links":{"self":[{"href":"https:\/\/expoflamenco.com\/revista\/wp-json\/wp\/v2\/posts\/2777","targetHints":{"allow":["GET"]}}],"collection":[{"href":"https:\/\/expoflamenco.com\/revista\/wp-json\/wp\/v2\/posts"}],"about":[{"href":"https:\/\/expoflamenco.com\/revista\/wp-json\/wp\/v2\/types\/post"}],"author":[{"embeddable":true,"href":"https:\/\/expoflamenco.com\/revista\/wp-json\/wp\/v2\/users\/35"}],"replies":[{"embeddable":true,"href":"https:\/\/expoflamenco.com\/revista\/wp-json\/wp\/v2\/comments?post=2777"}],"version-history":[{"count":0,"href":"https:\/\/expoflamenco.com\/revista\/wp-json\/wp\/v2\/posts\/2777\/revisions"}],"wp:featuredmedia":[{"embeddable":true,"href":"https:\/\/expoflamenco.com\/revista\/wp-json\/wp\/v2\/media\/2778"}],"wp:attachment":[{"href":"https:\/\/expoflamenco.com\/revista\/wp-json\/wp\/v2\/media?parent=2777"}],"wp:term":[{"taxonomy":"category","embeddable":true,"href":"https:\/\/expoflamenco.com\/revista\/wp-json\/wp\/v2\/categories?post=2777"},{"taxonomy":"post_tag","embeddable":true,"href":"https:\/\/expoflamenco.com\/revista\/wp-json\/wp\/v2\/tags?post=2777"}],"curies":[{"name":"wp","href":"https:\/\/api.w.org\/{rel}","templated":true}]}}