{"id":2775,"date":"2025-05-08T11:01:43","date_gmt":"2025-05-08T09:01:43","guid":{"rendered":"https:\/\/expoflamenco.com\/revistanew\/se-presentra-el-documental-morente-barcelona\/"},"modified":"2025-05-08T11:01:43","modified_gmt":"2025-05-08T09:01:43","slug":"se-presentra-el-documental-morente-barcelona","status":"publish","type":"post","link":"https:\/\/expoflamenco.com\/revista\/se-presentra-el-documental-morente-barcelona\/","title":{"rendered":"Se presentra el documental &#8216;Morente &#038; Barcelona&#8217;","gt_translate_keys":[{"key":"rendered","format":"text"}]},"content":{"rendered":"<p><strong><em>Morente &amp; Barcelona<\/em><\/strong> es la oportunidad de conocer m\u00e1s a fondo la personalidad art\u00edstica de <strong>Enrique Morente<\/strong>, reivindicando su trayectoria y mostrando c\u00f3mo los movimientos vecinales conformados en su mayor\u00eda por inmigrantes andaluces y extreme\u00f1os en Barcelona fueron los art\u00edfices de aquella cultura de vanguardia que desde la Ciutat Condal saltar\u00eda al resto de Espa\u00f1a a lo largo de los a\u00f1os 60 y 70 del siglo pasado. <em>Morente &amp; Barcelona<\/em> nos conduce, a trav\u00e9s de los barrios perif\u00e9ricos y obreros de la capital de Catalu\u00f1a, convertidos en el escenario ideal para que el cantaor tuviera la oportunidad de expresar sus inquietudes art\u00edsticas desde la m\u00e1s absoluta libertad, para as\u00ed dar rienda suelta a una heterodoxia hasta entonces desconocida en el flamenco y servir de punto de partida tanto para el propio Enrique Morente como para compa\u00f1eros como Jos\u00e9 Monge Cruz <strong>Camar\u00f3n de la Isla<\/strong> o <strong>Juan Pe\u00f1a el Lebrijano<\/strong>, adem\u00e1s de para j\u00f3venes de la posterior generaci\u00f3n como <strong>Arc\u00e1ngel, Poveda, Roc\u00edo M\u00e1rquez<\/strong> o <strong>David Lagos<\/strong>, hasta llegar a la actualidad con nombres como <strong>la Tremendita, Cristian de Moret<\/strong> o grupos como <strong>Derby Motoreta Burrito Kachimba, Salvar Do\u00f1ana<\/strong> y <strong>Califato \u00be<\/strong> que hoy contin\u00faan buscando nuevos caminos y lenguajes para el flamenco y para la vanguardia.<\/p>\n<p>Durante un tiempo, la ciudad de Barcelona se convirti\u00f3 en el lugar donde Enrique Morente pudo poner en pr\u00e1ctica sus proyectos m\u00e1s arriesgados, inventarse aventuras junto a m\u00fasicos de otros estilos, experimentar con el jazz y desarrollar, libremente, su propia personalidad art\u00edstica, hasta convertirse en uno de los artistas m\u00e1s singulares, con la trayectoria y una de las discograf\u00edas m\u00e1s interesantes y ricas de la historia del flamenco contempor\u00e1neo.<\/p>\n<p>La creaci\u00f3n de la primera pe\u00f1a flamenca de Espa\u00f1a dedicada a su figura naci\u00f3 en 1970 en el barrio de <strong>Verdum (Nou Barris, Barcelona)<\/strong>. Desde entonces Morente empez\u00f3 a visitar la zona compartiendo escenario con las luchas vecinales que reivindicaban una vida digna, reclamando servicios y recursos a la vez que autogestionaban sus necesidades y generaban cultura. Sus actos fueron siempre m\u00e1s all\u00e1 del simple recital. Form\u00f3 parte del seminario en Begur organizado por el <a href=\"https:\/\/tallerdemusics.com\/\" target=\"_blank\" rel=\"noopener\">Taller de M\u00fasics<\/a>, donde pudieron encontrarse Morente y el maestro <strong>Sabicas<\/strong>. De cuyo encuentro naci\u00f3 su actuaci\u00f3n conjunta en el festival <strong>BarceWomad<\/strong> y la grabaci\u00f3n del legendario disco <em>Nueva York-Granada<\/em>.<\/p>\n<p>&nbsp;<\/p>\n<blockquote><p><em>\u00ab&#8217;Morente &amp; Barcelona&#8217; nos conduce, a trav\u00e9s de los barrios perif\u00e9ricos y obreros de la capital de Catalu\u00f1a, convertidos en el escenario ideal para que el cantaor tuviera la oportunidad de expresar sus inquietudes art\u00edsticas desde la m\u00e1s absoluta libertad, para as\u00ed dar rienda suelta a una heterodoxia hasta entonces desconocida en el flamenco\u00bb<\/em><\/p><\/blockquote>\n<p>&nbsp;<\/p>\n<p><a href=\"https:\/\/expoflamenco.com\/revista\/wp-content\/uploads\/sites\/17\/2025\/05\/cartel-morente-y-barcelona-14-mayo-sala-el-cachorro.jpg\"><img fetchpriority=\"high\" decoding=\"async\" class=\"aligncenter wp-image-79085\" src=\"https:\/\/expoflamenco.com\/revista\/wp-content\/uploads\/sites\/17\/2025\/05\/cartel-morente-y-barcelona-14-mayo-sala-el-cachorro.jpg\" alt=\"\" width=\"400\" height=\"556\" \/><\/a><\/p>\n<p>&nbsp;<\/p>\n<p>Enrique Morente descubri\u00f3 un territorio abonado para la experimentaci\u00f3n, para compartir con artistas emergentes, naturales de Catalu\u00f1a, como Mayte Mart\u00edn, Miguel Poveda, Juan G\u00f3mez Chicuelo o Ginesa Ortega, y encontr\u00f3 en el Taller de M\u00fasics un laboratorio donde poner en pr\u00e1ctica encuentros con el jazz junto a <strong>Max Roach, Pat Metheny o Chano Dom\u00ednguez<\/strong>.<\/p>\n<p>Dentro de la escena independiente trabaj\u00f3 con los neoyorkinos <strong>Sonic Youth<\/strong> en el marco del festival <strong>Primavera Sound<\/strong>, y su relaci\u00f3n con <strong>Leonard Cohen<\/strong> dar\u00eda como resultado <em>Omega<\/em>, disco de culto grabado junto a sus paisanos grana\u00ednos <strong>Lagartija Nick<\/strong>, que tambi\u00e9n se inici\u00f3 en Barcelona. Aun as\u00ed, siempre que se ha hablado de Enrique Morente, se ha tendido a obviar y silenciar todos estos hechos. Por lo que las im\u00e1genes de sus haza\u00f1as en la ciudad condal han quedado olvidadas por la historia \u201coficial\u201d.<\/p>\n<p>Este documental, que se presenta el mi\u00e9rcoles 14 de mayo a las 21 horas en la Sala el Cachorro, calle Procurador, 19 de Triana (Sevilla), cuenta para su presentaci\u00f3n con las voces de <strong>Llu\u00eds Cabrera<\/strong> \u2013fundador del Taller de Musics de Barcelona\u2013 y <strong>Fernando Gonz\u00e1lez-Caballos<\/strong> \u2013antrop\u00f3logo, periodista y gestor cultural\u2013. Un documental dirigido por el tambi\u00e9n periodista musical <strong>Jordi Turt\u00f3s<\/strong> y producido por <strong>Elsabeth<\/strong>, que reivindica las relaciones y v\u00ednculos, gracias a los cuales el cantaor granadino se liber\u00f3 y rompi\u00f3 las ataduras que la ortodoxia impon\u00eda. Con una Barcelona, como tel\u00f3n de fondo, que fue, y todav\u00eda es, un punto de partida y de llegada para muchas aventuras art\u00edsticas, entre las cuales siempre ha estado el flamenco.<\/p>\n<p>Adem\u00e1s del d\u00eda 14 de mayo en Triana, el documental <em>Morente &amp; Barcelona<\/em> se presenta el 15 en C\u00f3rdoba, el 16 en Huelva y el 17 en Marinaleda dentro del festival Fiebre del Cante.<\/p>\n<p>&nbsp;<\/p>\n","protected":false,"gt_translate_keys":[{"key":"rendered","format":"html"}]},"excerpt":{"rendered":"<p>La Sala El Cachorro (Triana, Sevilla) acoge el 14 de mayo la presentaci\u00f3n del documental &#8216;Morente &#038; Barcelona&#8217;. Intervienen Llu\u00eds Cabrera, fundador del Taller de Musics de Barcelona, y el antrop\u00f3logo Fernando Gonz\u00e1lez-Caballos. La pel\u00edcula est\u00e1 dirigida por el periodista musical Jordi Turt\u00f3s y ofrece la oportunidad de conocer m\u00e1s a fondo la personalidad art\u00edstica de Enrique Morente.<\/p>\n","protected":false,"gt_translate_keys":[{"key":"rendered","format":"html"}]},"author":5,"featured_media":2776,"comment_status":"open","ping_status":"open","sticky":false,"template":"","format":"standard","meta":{"_acf_changed":false,"pmpro_default_level":"","jnews-multi-image_gallery":[],"jnews_single_post":{"format":"standard","override":[{"template":"2","parallax":"1","fullscreen":"1","layout":"right-sidebar","sidebar":"default-sidebar","second_sidebar":"default-sidebar","sticky_sidebar":"1","share_position":"bottom","share_float_style":"share-monocrhome","show_share_counter":"1","show_view_counter":"1","show_featured":"1","show_post_meta":"1","show_post_author":"1","show_post_author_image":"1","show_post_date":"1","post_date_format":"default","post_date_format_custom":"Y\/m\/d","show_post_reading_time":"1","post_reading_time_wpm":"250","post_calculate_word_method":"str_word_count","show_zoom_button":"1","zoom_button_out_step":"2","zoom_button_in_step":"3","show_post_tag":"1","show_popup_post":"1","number_popup_post":"1","show_author_box":"1","show_post_related":"1","show_inline_post_related":"1"}],"image_override":[{"single_post_thumbnail_size":"no-crop","single_post_gallery_size":"crop-500"}],"trending_post_position":"meta","trending_post_label":"Trending","sponsored_post_label":"Sponsored by","disable_ad":"0","subtitle":"La Sala El Cachorro (Triana, Sevilla) acoge el 14 de mayo la presentaci\u00f3n del documental 'Morente & Barcelona'. Intervienen Llu\u00eds Cabrera, fundador del Taller de Musics de Barcelona, y el antrop\u00f3logo Fernando Gonz\u00e1lez-Caballos. La pel\u00edcula est\u00e1 dirigida por el periodista musical Jordi Turt\u00f3s y ofrece la oportunidad de conocer m\u00e1s a fondo la personalidad art\u00edstica de Enrique Morente."},"jnews_primary_category":{"id":"4226"},"jnews_override_bookmark_settings":{"override_bookmark_button":"0","override_show_bookmark_button":"0"},"jnews_social_meta":[],"jnews_review":[],"enable_review":"","type":"percentage","name":"","summary":"","brand":"","sku":"","good":[],"bad":[],"score_override":"","override_value":"","rating":[],"price":[],"jnews_override_counter":{"view_counter_number":"0","share_counter_number":"0","like_counter_number":"0","dislike_counter_number":"0"},"footnotes":""},"categories":[37,38],"tags":[450,2470,2471,451,2472,2473],"class_list":["post-2775","post","type-post","status-publish","format-standard","has-post-thumbnail","hentry","category-actualidad","category-en-portada","tag-documental","tag-lluis-cabrera","tag-morente-barcelona","tag-pelicula-flamenca","tag-sala-el-cachorro","tag-taller-de-musics-de-barcelona","pmpro-has-access"],"acf":[],"aioseo_notices":[],"gt_translate_keys":[{"key":"link","format":"url"}],"_links":{"self":[{"href":"https:\/\/expoflamenco.com\/revista\/wp-json\/wp\/v2\/posts\/2775","targetHints":{"allow":["GET"]}}],"collection":[{"href":"https:\/\/expoflamenco.com\/revista\/wp-json\/wp\/v2\/posts"}],"about":[{"href":"https:\/\/expoflamenco.com\/revista\/wp-json\/wp\/v2\/types\/post"}],"author":[{"embeddable":true,"href":"https:\/\/expoflamenco.com\/revista\/wp-json\/wp\/v2\/users\/5"}],"replies":[{"embeddable":true,"href":"https:\/\/expoflamenco.com\/revista\/wp-json\/wp\/v2\/comments?post=2775"}],"version-history":[{"count":0,"href":"https:\/\/expoflamenco.com\/revista\/wp-json\/wp\/v2\/posts\/2775\/revisions"}],"wp:featuredmedia":[{"embeddable":true,"href":"https:\/\/expoflamenco.com\/revista\/wp-json\/wp\/v2\/media\/2776"}],"wp:attachment":[{"href":"https:\/\/expoflamenco.com\/revista\/wp-json\/wp\/v2\/media?parent=2775"}],"wp:term":[{"taxonomy":"category","embeddable":true,"href":"https:\/\/expoflamenco.com\/revista\/wp-json\/wp\/v2\/categories?post=2775"},{"taxonomy":"post_tag","embeddable":true,"href":"https:\/\/expoflamenco.com\/revista\/wp-json\/wp\/v2\/tags?post=2775"}],"curies":[{"name":"wp","href":"https:\/\/api.w.org\/{rel}","templated":true}]}}