{"id":2769,"date":"2025-03-24T22:46:14","date_gmt":"2025-03-24T21:46:14","guid":{"rendered":"https:\/\/expoflamenco.com\/revistanew\/matias-campos-ganador-del-i-concurso-del-desplante-juvenil\/"},"modified":"2025-03-24T22:46:14","modified_gmt":"2025-03-24T21:46:14","slug":"matias-campos-ganador-del-i-concurso-del-desplante-juvenil","status":"publish","type":"post","link":"https:\/\/expoflamenco.com\/revista\/matias-campos-ganador-del-i-concurso-del-desplante-juvenil\/","title":{"rendered":"Mat\u00edas Campos, ganador del I Concurso del Desplante Juvenil","gt_translate_keys":[{"key":"rendered","format":"text"}]},"content":{"rendered":"<p class=\"p1\">El emblem\u00e1tico <a href=\"https:\/\/museominerolaunion.es\/\" target=\"_blank\" rel=\"noopener\">Museo Minero de La Uni\u00f3n<\/a> (Regi\u00f3n de Murcia) fue el escenario de la emocionante primera final del <strong>Desplante Juvenil<\/strong>, una de las citas m\u00e1s esperadas dentro del <strong>Encuentro Internacional de Escuelas de Flamenco y Danza Espa\u00f1ola<\/strong>, que se ha celebrado estos d\u00edas en la localidad.<\/p>\n<p class=\"p1\">Las semifinales demostraron el alt\u00edsimo nivel de los j\u00f3venes participantes, con actuaciones llenas de fuerza, t\u00e9cnica y emoci\u00f3n que pusieron muy dif\u00edcil la decisi\u00f3n del jurado. La final fue vibrante, con los finalistas entreg\u00e1ndose por completo sobre el escenario y haciendo gala de un talento prometedor.<\/p>\n<p class=\"p1\">Los finalistas fueron <strong>Paula Cabrera<\/strong> (Murcia), <strong>Mat\u00edas Campos<\/strong> (Granada), <strong>Rub\u00e9n Guerrero<\/strong> (M\u00e1laga) y <strong>Claudia S\u00e1nchez<\/strong> (Madrid). El ganador fue finalmente Mat\u00edas Campos, quien conquist\u00f3 al p\u00fablico y al jurado con su fuerza, expresividad y autenticidad.<\/p>\n<p class=\"p2\">El jurado de esta edici\u00f3n estuvo compuesto por <strong>Paula Rodr\u00edguez<\/strong>, Premio Desplante 2021, y <strong>Olga Llorente<\/strong>, Premio Desplante 2019. Dos figuras de referencia en la danza espa\u00f1ola y el flamenco, que valoraron la t\u00e9cnica, la interpretaci\u00f3n y la personalidad art\u00edstica de cada uno de los finalistas.<\/p>\n<p class=\"p2\">El acto cont\u00f3 con la presencia de la directora general de Juventud, <strong>Carmen Mu\u00f1oz<\/strong>, el alcalde de La Uni\u00f3n, <strong>Joaqu\u00edn Zapata<\/strong>, varios concejales del equipo de gobierno, el director del Festival Internacional del Cante de las Minas, <strong>Julio Garc\u00eda<\/strong>, y <strong>Rub\u00e9n Calder\u00f3n<\/strong>, de Flamencum Experience, empresa impulsora del Encuentro Internacional de Escuelas de Flamenco y Danza Espa\u00f1ola.<\/p>\n<p class=\"p2\">El certamen se consolida as\u00ed como una plataforma clave para la proyecci\u00f3n de nuevos talentos del flamenco y refuerza el papel de La Uni\u00f3n como referente cultural a nivel nacional e internacional.<\/p>\n<p>&nbsp;<\/p>\n<figure id=\"attachment_78011\" aria-describedby=\"caption-attachment-78011\" style=\"width: 1500px\" class=\"wp-caption aligncenter\"><a href=\"https:\/\/expoflamenco.com\/revista\/wp-content\/uploads\/sites\/17\/2025\/03\/desplante-juvenil-3-matias-campos-foto-las-minas.webp\"><img fetchpriority=\"high\" decoding=\"async\" class=\"size-full wp-image-78011\" src=\"https:\/\/expoflamenco.com\/revista\/wp-content\/uploads\/sites\/17\/2025\/03\/desplante-juvenil-3-matias-campos-foto-las-minas.webp\" alt=\"Mat\u00edas Campos. Desplante Juvenil, La Uni\u00f3n. Foto: Cante de las Minas\" width=\"1500\" height=\"1000\" \/><\/a><figcaption id=\"caption-attachment-78011\" class=\"wp-caption-text\">Mat\u00edas Campos. Desplante Juvenil, La Uni\u00f3n. Foto: Cante de las Minas<\/figcaption><\/figure>\n<figure id=\"attachment_78010\" aria-describedby=\"caption-attachment-78010\" style=\"width: 1000px\" class=\"wp-caption aligncenter\"><a href=\"https:\/\/expoflamenco.com\/revista\/wp-content\/uploads\/sites\/17\/2025\/03\/desplante-juvenil-2-foto-las-minas.webp\"><img decoding=\"async\" class=\"size-full wp-image-78010\" src=\"https:\/\/expoflamenco.com\/revista\/wp-content\/uploads\/sites\/17\/2025\/03\/desplante-juvenil-2-foto-las-minas.webp\" alt=\"Desplante Juvenil, La Uni\u00f3n. Foto: Cante de las Minas\" width=\"1000\" height=\"1500\" \/><\/a><figcaption id=\"caption-attachment-78010\" class=\"wp-caption-text\">Desplante Juvenil, La Uni\u00f3n. Foto: Cante de las Minas<\/figcaption><\/figure>\n<p>&nbsp;<\/p>\n","protected":false,"gt_translate_keys":[{"key":"rendered","format":"html"}]},"excerpt":{"rendered":"<p>El Museo Minero de La Uni\u00f3n ha acogido la primera final del Desplante Juvenil dentro del Encuentro Internacional de Escuelas de Flamenco y Danza Espa\u00f1ola.<\/p>\n","protected":false,"gt_translate_keys":[{"key":"rendered","format":"html"}]},"author":5,"featured_media":2770,"comment_status":"open","ping_status":"open","sticky":false,"template":"","format":"standard","meta":{"_acf_changed":false,"pmpro_default_level":"","jnews-multi-image_gallery":[],"jnews_single_post":{"format":"standard","override":[{"template":"2","parallax":"1","fullscreen":"1","layout":"right-sidebar","sidebar":"default-sidebar","second_sidebar":"default-sidebar","sticky_sidebar":"1","share_position":"bottom","share_float_style":"share-monocrhome","show_share_counter":"1","show_view_counter":"1","show_featured":"1","show_post_meta":"1","show_post_author":"1","show_post_author_image":"1","show_post_date":"1","post_date_format":"default","post_date_format_custom":"Y\/m\/d","show_post_reading_time":"1","post_reading_time_wpm":"250","post_calculate_word_method":"str_word_count","show_zoom_button":"1","zoom_button_out_step":"2","zoom_button_in_step":"3","show_post_tag":"1","show_popup_post":"1","number_popup_post":"1","show_author_box":"1","show_post_related":"1","show_inline_post_related":"1"}],"image_override":[{"single_post_thumbnail_size":"no-crop","single_post_gallery_size":"crop-500"}],"trending_post_position":"meta","trending_post_label":"Trending","sponsored_post_label":"Sponsored by","disable_ad":"0","subtitle":"El Museo Minero de La Uni\u00f3n ha acogido la primera final del Desplante Juvenil dentro del Encuentro Internacional de Escuelas de Flamenco y Danza Espa\u00f1ola."},"jnews_primary_category":{"id":"4226"},"jnews_override_bookmark_settings":{"override_bookmark_button":"0","override_show_bookmark_button":"0"},"jnews_social_meta":[],"jnews_review":[],"enable_review":"","type":"percentage","name":"","summary":"","brand":"","sku":"","good":[],"bad":[],"score_override":"","override_value":"","rating":[],"price":[],"jnews_override_counter":{"view_counter_number":"0","share_counter_number":"0","like_counter_number":"0","dislike_counter_number":"0"},"footnotes":""},"categories":[37],"tags":[2465,2466,2467,195,2468],"class_list":["post-2769","post","type-post","status-publish","format-standard","has-post-thumbnail","hentry","category-actualidad","tag-desplante-juvenil","tag-encuentro-internacional-de-escuelas-de-flamenco-y-danza-espanola","tag-festival-del-cante-de-las-minas","tag-flamenco","tag-museo-minero-la-union","pmpro-has-access"],"acf":[],"aioseo_notices":[],"gt_translate_keys":[{"key":"link","format":"url"}],"_links":{"self":[{"href":"https:\/\/expoflamenco.com\/revista\/wp-json\/wp\/v2\/posts\/2769","targetHints":{"allow":["GET"]}}],"collection":[{"href":"https:\/\/expoflamenco.com\/revista\/wp-json\/wp\/v2\/posts"}],"about":[{"href":"https:\/\/expoflamenco.com\/revista\/wp-json\/wp\/v2\/types\/post"}],"author":[{"embeddable":true,"href":"https:\/\/expoflamenco.com\/revista\/wp-json\/wp\/v2\/users\/5"}],"replies":[{"embeddable":true,"href":"https:\/\/expoflamenco.com\/revista\/wp-json\/wp\/v2\/comments?post=2769"}],"version-history":[{"count":0,"href":"https:\/\/expoflamenco.com\/revista\/wp-json\/wp\/v2\/posts\/2769\/revisions"}],"wp:featuredmedia":[{"embeddable":true,"href":"https:\/\/expoflamenco.com\/revista\/wp-json\/wp\/v2\/media\/2770"}],"wp:attachment":[{"href":"https:\/\/expoflamenco.com\/revista\/wp-json\/wp\/v2\/media?parent=2769"}],"wp:term":[{"taxonomy":"category","embeddable":true,"href":"https:\/\/expoflamenco.com\/revista\/wp-json\/wp\/v2\/categories?post=2769"},{"taxonomy":"post_tag","embeddable":true,"href":"https:\/\/expoflamenco.com\/revista\/wp-json\/wp\/v2\/tags?post=2769"}],"curies":[{"name":"wp","href":"https:\/\/api.w.org\/{rel}","templated":true}]}}