{"id":2767,"date":"2025-03-24T22:57:39","date_gmt":"2025-03-24T21:57:39","guid":{"rendered":"https:\/\/expoflamenco.com\/revistanew\/bonela-hijo-el-cante-con-personalidad\/"},"modified":"2025-03-24T22:57:39","modified_gmt":"2025-03-24T21:57:39","slug":"bonela-hijo-el-cante-con-personalidad","status":"publish","type":"post","link":"https:\/\/expoflamenco.com\/revista\/bonela-hijo-el-cante-con-personalidad\/","title":{"rendered":"Bonela hijo: el cante con personalidad","gt_translate_keys":[{"key":"rendered","format":"text"}]},"content":{"rendered":"<p>Cuando uno va a <a href=\"https:\/\/www.instagram.com\/labambera\/\" target=\"_blank\" rel=\"noopener\">La Bambera<\/a> se espera cualquier cosa. Pero cualquier cosa buena. Casi siempre. Apuestan por una programaci\u00f3n distinta que rompe el molde de los carteles jartibles. Y es, sin duda, junto a <strong>Torres Macarena<\/strong>, <strong>El Pozo de las Penas<\/strong> y la de <strong>Miguel Vargas<\/strong>, una de las mejores pe\u00f1as de la provincia de Sevilla, a pesar de que apenas cuenta con un a\u00f1o en su andadura. Volvi\u00f3 a acertar. Trajo a sus tablas al cantaor malague\u00f1o <strong>Bonela hijo<\/strong>, acompa\u00f1ado a la guitarra por <strong>Rub\u00e9n Lara<\/strong>, poco escuchados por estas tierras del tri\u00e1ngulo flamenco que cada d\u00eda m\u00e1s se desdibuja.<\/p>\n<p>Acostumbrao yo a medir el cante con un manido rasero, Bonela desbarat\u00f3 mi o\u00eddo y el de la afici\u00f3n con una personalidad arrolladora, haci\u00e9ndolo todo suyo y despistando en las atribuciones a los cabales de escuadra y cartab\u00f3n. Porque cuando el sello va por delante se olvida uno de qui\u00e9n fue el que le dio nombre al cante y se centra en el que lo hace y perfila. Bonela es un creador. Y parece que est\u00e1 por ah\u00ed escond\u00edo. \u00a1B\u00e1rbaro!<\/p>\n<p>&nbsp;<\/p>\n<blockquote><p><em>\u00abBonela desbarat\u00f3 mi o\u00eddo y el de la afici\u00f3n con una personalidad arrolladora, haci\u00e9ndolo todo suyo y despistando en las atribuciones a los cabales de escuadra y cartab\u00f3n. (&#8230;) Bonela es un creador. Y parece que est\u00e1 por ah\u00ed escond\u00edo. \u00a1B\u00e1rbaro!\u00bb<\/em><\/p><\/blockquote>\n<p>&nbsp;<\/p>\n\n<p>&nbsp;<\/p>\n<p>Se rebusc\u00f3 en la malague\u00f1a y puso un cielo de guirnaldas con los melismas de su ga\u00f1ote. Original, \u00fanico. Y cosi\u00f3 una espuerta de abandolaos surtidos que mejor no los pudo acompa\u00f1ar a la sonanta el bueno de Rub\u00e9n Lara, creativo y singular. De dulce fue el preg\u00f3n de las moras, en desuso. Por sole\u00e1 descoll\u00f3 enjundioso y can\u00f3nico en las variantes, pero rebautiz\u00e1ndolas al pasar por el tragaero de su garganta. Hizo una serrana deliciosa, distinta, ingeniosa y nueva, acu\u00f1ada en los mimbres de un cantaor aficionao de verd\u00e1 que sabe jugar con los tercios y las melod\u00edas sin salirse del tiesto. No falt\u00f3 el macho de <strong>Mar\u00eda Borrico<\/strong>. Y aconsejao en las letras por su eminencia <strong>Ram\u00f3n Soler<\/strong> recre\u00f3 una guajira fresca y propia que hizo cosquillas. Dijo que inspirada en la <em>Tonada de Carvajal<\/em> con gui\u00f1os a <strong>El Pena <\/strong>padre y <strong>Juan Breva<\/strong>. Cruji\u00f3 por seguiriya par\u00e1ndose en la ortodoxia, que el llanto admite menos experimentos y mucha jondura. Desparram\u00f3 la sal por alegr\u00edas a petici\u00f3n del p\u00fablico y ech\u00f3 el cerrojo por fandangos de <strong>Palanca<\/strong> y <strong>Corruco<\/strong> redondeando un recital extraordinario, colmao de empaque, conocimientos y buen paladar.<\/p>\n<p>Rub\u00e9n se sali\u00f3 del pellejo trinando con sus yemas sobre los r\u00edos de plata de una guitarra particular, elegante, flamenca y fina. Con una pulcritud pasmosa y un comp\u00e1s asombroso que sabe trastear con los contratiempos y el reloj a su antojo. Porque conoce el pa\u00f1o y lo teje a voluntad con tintes nuevos.<\/p>\n<p>\u00a1Qu\u00e9 manera de cantar! Bonela hijo la form\u00f3 bien form\u00e1. Y quedar\u00e1 en el recuerdo de los aficionaos con gusto el recital que dio en La Bambera aquel d\u00eda.<\/p>\n<p>&nbsp;<\/p>\n<p><strong>Ficha art\u00edstica<\/strong><\/p>\n<p>Recital de cante de Bonela hijo<br \/>\nPe\u00f1a Flamenca La Bambera, Sevilla<br \/>\n22 de marzo de 2025<br \/>\nCante: Bonela hijo<br \/>\nGuitarra: Rub\u00e9n Lara<\/p>\n<p>&nbsp;<\/p>\n","protected":false,"gt_translate_keys":[{"key":"rendered","format":"html"}]},"excerpt":{"rendered":"<p>La Pe\u00f1a La Bambera de Sevilla volvi\u00f3 a acertar en su programaci\u00f3n con el recital de cante de Bonela hijo.<\/p>\n","protected":false,"gt_translate_keys":[{"key":"rendered","format":"html"}]},"author":63,"featured_media":2768,"comment_status":"open","ping_status":"open","sticky":false,"template":"","format":"standard","meta":{"_acf_changed":false,"pmpro_default_level":"","jnews-multi-image_gallery":[],"jnews_single_post":{"format":"standard","override":[{"template":"2","parallax":"1","fullscreen":"1","layout":"right-sidebar","sidebar":"default-sidebar","second_sidebar":"default-sidebar","sticky_sidebar":"1","share_position":"bottom","share_float_style":"share-monocrhome","show_share_counter":"1","show_view_counter":"1","show_featured":"1","show_post_meta":"1","show_post_author":"1","show_post_author_image":"1","show_post_date":"1","post_date_format":"default","post_date_format_custom":"Y\/m\/d","show_post_reading_time":"1","post_reading_time_wpm":"250","post_calculate_word_method":"str_word_count","show_zoom_button":"1","zoom_button_out_step":"2","zoom_button_in_step":"3","show_post_tag":"1","show_popup_post":"1","number_popup_post":"1","show_author_box":"1","show_post_related":"1","show_inline_post_related":"1"}],"image_override":[{"single_post_thumbnail_size":"no-crop","single_post_gallery_size":"crop-500"}],"trending_post_position":"meta","trending_post_label":"Trending","sponsored_post_label":"Sponsored by","disable_ad":"0","subtitle":"La Pe\u00f1a La Bambera de Sevilla volvi\u00f3 a acertar en su programaci\u00f3n con el recital de cante de Bonela hijo."},"jnews_primary_category":{"id":"248"},"jnews_override_bookmark_settings":{"override_bookmark_button":"0","override_show_bookmark_button":"0"},"jnews_social_meta":[],"jnews_review":[],"enable_review":"","type":"percentage","name":"","summary":"","brand":"","sku":"","good":[],"bad":[],"score_override":"","override_value":"","rating":[],"price":[],"jnews_override_counter":{"view_counter_number":"0","share_counter_number":"0","like_counter_number":"0","dislike_counter_number":"0"},"footnotes":""},"categories":[46,38],"tags":[665,195,2464],"class_list":["post-2767","post","type-post","status-publish","format-standard","has-post-thumbnail","hentry","category-cronicas","category-en-portada","tag-bonela-hijo","tag-flamenco","tag-pena-la-bambera-sevilla","pmpro-has-access"],"acf":[],"aioseo_notices":[],"gt_translate_keys":[{"key":"link","format":"url"}],"_links":{"self":[{"href":"https:\/\/expoflamenco.com\/revista\/wp-json\/wp\/v2\/posts\/2767","targetHints":{"allow":["GET"]}}],"collection":[{"href":"https:\/\/expoflamenco.com\/revista\/wp-json\/wp\/v2\/posts"}],"about":[{"href":"https:\/\/expoflamenco.com\/revista\/wp-json\/wp\/v2\/types\/post"}],"author":[{"embeddable":true,"href":"https:\/\/expoflamenco.com\/revista\/wp-json\/wp\/v2\/users\/63"}],"replies":[{"embeddable":true,"href":"https:\/\/expoflamenco.com\/revista\/wp-json\/wp\/v2\/comments?post=2767"}],"version-history":[{"count":0,"href":"https:\/\/expoflamenco.com\/revista\/wp-json\/wp\/v2\/posts\/2767\/revisions"}],"wp:featuredmedia":[{"embeddable":true,"href":"https:\/\/expoflamenco.com\/revista\/wp-json\/wp\/v2\/media\/2768"}],"wp:attachment":[{"href":"https:\/\/expoflamenco.com\/revista\/wp-json\/wp\/v2\/media?parent=2767"}],"wp:term":[{"taxonomy":"category","embeddable":true,"href":"https:\/\/expoflamenco.com\/revista\/wp-json\/wp\/v2\/categories?post=2767"},{"taxonomy":"post_tag","embeddable":true,"href":"https:\/\/expoflamenco.com\/revista\/wp-json\/wp\/v2\/tags?post=2767"}],"curies":[{"name":"wp","href":"https:\/\/api.w.org\/{rel}","templated":true}]}}