{"id":2568,"date":"2025-02-22T21:54:57","date_gmt":"2025-02-22T20:54:57","guid":{"rendered":"https:\/\/expoflamenco.com\/revistanew\/el-festival-de-jerez-entrega-los-premios-a-los-artistas-destacados-de-2024\/"},"modified":"2025-02-22T21:54:57","modified_gmt":"2025-02-22T20:54:57","slug":"el-festival-de-jerez-entrega-los-premios-a-los-artistas-destacados-de-2024","status":"publish","type":"post","link":"https:\/\/expoflamenco.com\/revista\/el-festival-de-jerez-entrega-los-premios-a-los-artistas-destacados-de-2024\/","title":{"rendered":"El Festival de Jerez entrega los premios a los artistas destacados de 2024","gt_translate_keys":[{"key":"rendered","format":"text"}]},"content":{"rendered":"<p>La alcaldesa de Jerez, <strong>Mar\u00eda Jos\u00e9 Garc\u00eda-Pelayo<\/strong>, ha presidido el acto de la entrega de premios a los artistas m\u00e1s destacados de la pasada edici\u00f3n del <a href=\"https:\/\/www.festivaldejerez.es\/\" target=\"_blank\" rel=\"noopener\">Festival de Jerez<\/a> a los bailaores Patricia Guerrero, Alfonso Losa y Juan Tom\u00e1s de la Mol\u00eda, los cantaores \u00c1ngeles Toledano y Manuel Monje, adem\u00e1s de los guitarristas Juan G\u00f3mez &#8216;Chicuelo&#8217; y Francisco Vinuesa. El acto ha contado, adem\u00e1s, con la presencia de los delegados <strong>Francisco Zurita, Nela Garc\u00eda<\/strong> y <strong>Bel\u00e9n de la Cuadra<\/strong>, y <strong>Carlos Granados<\/strong>, director del certamen. Estas distinciones, en sus diferentes categor\u00edas, han sido concedidas por iniciativa de las entidades colaboradoras de la muestra y empresas privadas de la ciudad.<\/p>\n<p>En su intervenci\u00f3n, la alcaldesa ha felicitado a los galardonados por su creatividad y por enriquecer el certamen con su arte. Adem\u00e1s, ha agradecido a las empresas y entidades patrocinadoras su implicaci\u00f3n con el festival.<\/p>\n<p>El acto de entrega de los galardones \u2013celebrado en la Bodega San Gin\u00e9s, sede del Consejo Regulador del Vino y presentado por el periodista flamenco <strong>Juan Garrido<\/strong>\u2013 comenz\u00f3 con la entrega del Premio del P\u00fablico de Diario de Jerez, otorgado mediante votaci\u00f3n de los espectadores, al espect\u00e1culo <em>Alter ego<\/em> de los bailaores <strong>Patricia Guerrero y Alfonso Losa,<\/strong> que pudo verse en el Teatro Villamarta. Este galard\u00f3n fue entregado por <strong>Daniel Lamparero<\/strong>, director del citado rotativo.<\/p>\n<p>Adem\u00e1s, este espect\u00e1culo tambi\u00e9n ha recibido el Premio de la Cr\u00edtica, organizado por la C\u00e1tedra de Flamencolog\u00eda y Estudios Folkl\u00f3ricos de la ciudad y el Consejo Regulador del Vino. El galard\u00f3n \u2013Catavino de Plata y el correspondiente diploma acreditativo\u2013 fue entregado por <strong>Fran Pereira<\/strong> y <strong>Manuel Naranjo<\/strong>, presidente y secretario, respectivamente, de la C\u00e1tedra de Flamencolog\u00eda de Jerez, y <strong>C\u00e9sar Salda\u00f1a<\/strong>, presidente del Consejo Regulador del Vino.<\/p>\n<p>&nbsp;<\/p>\n<blockquote><p><em>\u00abLa alcaldesa de Jerez, Mar\u00eda Jos\u00e9 Garc\u00eda-Pelayo, ha presidido el acto de la entrega de premios a los artistas m\u00e1s destacados de la pasada edici\u00f3n del <a href=\"https:\/\/www.festivaldejerez.es\/\" target=\"_blank\" rel=\"noopener\">Festival de Jerez<\/a> a los bailaores Patricia Guerrero, Alfonso Losa y Juan Tom\u00e1s de la Mol\u00eda, los cantaores \u00c1ngeles Toledano y Manuel Monje, y los guitarristas Juan G\u00f3mez &#8216;Chicuelo&#8217; y Francisco Vinuesa\u00bb<\/em><\/p><\/blockquote>\n<p>&nbsp;<\/p>\n<figure id=\"attachment_76628\" aria-describedby=\"caption-attachment-76628\" style=\"width: 1140px\" class=\"wp-caption aligncenter\"><a href=\"https:\/\/expoflamenco.com\/revista\/wp-content\/uploads\/sites\/17\/2025\/02\/premios-artistas-destacados-festival-jerez-2024-3.webp\"><img fetchpriority=\"high\" decoding=\"async\" class=\"size-full wp-image-76628\" src=\"https:\/\/expoflamenco.com\/revista\/wp-content\/uploads\/sites\/17\/2025\/02\/premios-artistas-destacados-festival-jerez-2024-3.webp\" alt=\"Entrega de premios a los artistas destacados del Festival de Jerez 2024. Foto: Ayuntamiento Jerez\" width=\"1140\" height=\"777\" \/><\/a><figcaption id=\"caption-attachment-76628\" class=\"wp-caption-text\">Entrega de premios a los artistas destacados del Festival de Jerez 2024. Foto: Ayuntamiento Jerez<\/figcaption><\/figure>\n<p>&nbsp;<\/p>\n<p>El Premio Artista Revelaci\u00f3n, concedido por Bodegas Gonz\u00e1lez-Byass tras votaci\u00f3n de los cr\u00edticos especializados, recay\u00f3 en el bailaor <strong>Juan Tom\u00e1s de la Mol\u00eda<\/strong> por su espect\u00e1culo <em>Vertebrado, <\/em>que pudo verse en Sala Compa\u00f1\u00eda y que cont\u00f3 con la direcci\u00f3n art\u00edstica de <strong>Manuel Li\u00f1\u00e1n<\/strong>.<\/p>\n<p>El Premio Mejor Cante de Acompa\u00f1amiento \u2013que concede la Federaci\u00f3n Local de Pe\u00f1as Flamencas que preside <strong>Jes\u00fas L\u00f3pez<\/strong>\u2013 recay\u00f3 en esta ocasi\u00f3n en <strong>\u00c1ngeles Toledano<\/strong> por su actuaci\u00f3n sobresaliente en el montaje <em>Alter Ego<\/em> de Patricia Guerrero y Alfonso Losa. Asimismo, el joven cantaor jerezano <strong>Manuel Monje<\/strong> se hizo acreedor al Premio Revelaci\u00f3n \u2013que tambi\u00e9n otorga la federaci\u00f3n que agrupa a las entidades flamencas\u2013 por el recital ofrecido en la Pe\u00f1a Buena Gente, dentro del ciclo <em>De Pe\u00f1a en Pe\u00f1a<\/em><\/p>\n<p>A la lista de premiados por su destacada actuaci\u00f3n en la pasada edici\u00f3n del Festival de Jerez tambi\u00e9n se suma el peculiar toque de <strong>Juan G\u00f3mez &#8216;Chicuelo&#8217;<\/strong>, Premio Guitarra con Alma que concede la Academia de Guitarra Flamenca Jos\u00e9 Ignacio Franco. Los cr\u00edticos destacaron, en esta ocasi\u00f3n, su participaci\u00f3n en el espect\u00e1culo <em>Tres piezas, <\/em>protagonizado por los bailaores <strong>Karen Lugo<\/strong> y <strong>Jos\u00e9 Maldonado<\/strong> en los Museos de la Atalaya. En cambio, el premio a la Mejor Composici\u00f3n Musical, que concede CajaSur, ha correspondido al guitarrista <strong>Francisco Vinuesa<\/strong>, que form\u00f3 parte del equipo art\u00edstico de <em>Alter ego<\/em>. El galard\u00f3n fue entregado por <strong>Noelia Mart\u00ednez<\/strong> y <strong>Nieves Cebolla<\/strong>, directora y subdirectora, respectivamente, de la entidad financiera en la ciudad.<\/p>\n<p>Todos los artistas galardonados lanzaron un mensaje com\u00fan: que el reconocimiento a su trabajo individual es fruto de un esfuerzo colectivo, adem\u00e1s de mostrar su m\u00e1s sincero agradecimiento al certamen.<\/p>\n<p>&nbsp;<\/p>\n<figure id=\"attachment_76627\" aria-describedby=\"caption-attachment-76627\" style=\"width: 1140px\" class=\"wp-caption aligncenter\"><a href=\"https:\/\/expoflamenco.com\/revista\/wp-content\/uploads\/sites\/17\/2025\/02\/premios-artistas-destacados-festival-jerez-2024-2.webp\"><img decoding=\"async\" class=\"size-full wp-image-76627\" src=\"https:\/\/expoflamenco.com\/revista\/wp-content\/uploads\/sites\/17\/2025\/02\/premios-artistas-destacados-festival-jerez-2024-2.webp\" alt=\"Entrega de premios a los artistas destacados del Festival de Jerez 2024. Foto: Ayuntamiento Jerez\" width=\"1140\" height=\"777\" \/><\/a><figcaption id=\"caption-attachment-76627\" class=\"wp-caption-text\">La alcaldesa de Jerez, con el joven Manuel Monje. Entrega de premios a los artistas destacados del Festival de Jerez 2024. Foto: Ayuntamiento Jerez<\/figcaption><\/figure>\n<p>&nbsp;<\/p>\n","protected":false,"gt_translate_keys":[{"key":"rendered","format":"html"}]},"excerpt":{"rendered":"<p>Patricia Guerrero, Alfonso Losa, Juan Tom\u00e1s de la Mol\u00eda, \u00c1ngeles Toledano, Chicuelo, Francisco Vinuesa y Manuel Monje recogen sus galardones.<\/p>\n","protected":false,"gt_translate_keys":[{"key":"rendered","format":"html"}]},"author":5,"featured_media":2569,"comment_status":"open","ping_status":"open","sticky":false,"template":"","format":"standard","meta":{"_acf_changed":false,"pmpro_default_level":"","jnews-multi-image_gallery":[],"jnews_single_post":{"format":"standard","override":[{"template":"2","parallax":"1","fullscreen":"1","layout":"right-sidebar","sidebar":"default-sidebar","second_sidebar":"default-sidebar","sticky_sidebar":"1","share_position":"bottom","share_float_style":"share-monocrhome","show_share_counter":"1","show_view_counter":"1","show_featured":"1","show_post_meta":"1","show_post_author":"1","show_post_author_image":"1","show_post_date":"1","post_date_format":"default","post_date_format_custom":"Y\/m\/d","show_post_reading_time":"1","post_reading_time_wpm":"250","post_calculate_word_method":"str_word_count","show_zoom_button":"1","zoom_button_out_step":"2","zoom_button_in_step":"3","show_post_tag":"1","show_popup_post":"1","number_popup_post":"1","show_author_box":"1","show_post_related":"1","show_inline_post_related":"1"}],"image_override":[{"single_post_thumbnail_size":"no-crop","single_post_gallery_size":"crop-500"}],"trending_post_position":"meta","trending_post_label":"Trending","sponsored_post_label":"Sponsored by","disable_ad":"0","subtitle":"Patricia Guerrero, Alfonso Losa, Juan Tom\u00e1s de la Mol\u00eda, \u00c1ngeles Toledano, Chicuelo, Francisco Vinuesa y Manuel Monje recogen sus galardones."},"jnews_primary_category":{"id":"4226"},"jnews_override_bookmark_settings":{"override_bookmark_button":"0","override_show_bookmark_button":"0"},"jnews_social_meta":[],"jnews_review":[],"enable_review":"","type":"percentage","name":"","summary":"","brand":"","sku":"","good":[],"bad":[],"score_override":"","override_value":"","rating":[],"price":[],"jnews_override_counter":{"view_counter_number":"0","share_counter_number":"0","like_counter_number":"0","dislike_counter_number":"0"},"footnotes":""},"categories":[37,1888],"tags":[294,2266],"class_list":["post-2568","post","type-post","status-publish","format-standard","has-post-thumbnail","hentry","category-actualidad","category-jerez-2025","tag-festival-de-jerez","tag-premios-artistas-descatados","pmpro-has-access"],"acf":[],"aioseo_notices":[],"gt_translate_keys":[{"key":"link","format":"url"}],"_links":{"self":[{"href":"https:\/\/expoflamenco.com\/revista\/wp-json\/wp\/v2\/posts\/2568","targetHints":{"allow":["GET"]}}],"collection":[{"href":"https:\/\/expoflamenco.com\/revista\/wp-json\/wp\/v2\/posts"}],"about":[{"href":"https:\/\/expoflamenco.com\/revista\/wp-json\/wp\/v2\/types\/post"}],"author":[{"embeddable":true,"href":"https:\/\/expoflamenco.com\/revista\/wp-json\/wp\/v2\/users\/5"}],"replies":[{"embeddable":true,"href":"https:\/\/expoflamenco.com\/revista\/wp-json\/wp\/v2\/comments?post=2568"}],"version-history":[{"count":0,"href":"https:\/\/expoflamenco.com\/revista\/wp-json\/wp\/v2\/posts\/2568\/revisions"}],"wp:featuredmedia":[{"embeddable":true,"href":"https:\/\/expoflamenco.com\/revista\/wp-json\/wp\/v2\/media\/2569"}],"wp:attachment":[{"href":"https:\/\/expoflamenco.com\/revista\/wp-json\/wp\/v2\/media?parent=2568"}],"wp:term":[{"taxonomy":"category","embeddable":true,"href":"https:\/\/expoflamenco.com\/revista\/wp-json\/wp\/v2\/categories?post=2568"},{"taxonomy":"post_tag","embeddable":true,"href":"https:\/\/expoflamenco.com\/revista\/wp-json\/wp\/v2\/tags?post=2568"}],"curies":[{"name":"wp","href":"https:\/\/api.w.org\/{rel}","templated":true}]}}