{"id":2540,"date":"2025-02-25T12:52:13","date_gmt":"2025-02-25T11:52:13","guid":{"rendered":"https:\/\/expoflamenco.com\/revistanew\/andalucia-television-emite-el-estreno-de-paco-de-lucia-flamenco-legacy\/"},"modified":"2025-02-25T12:52:13","modified_gmt":"2025-02-25T11:52:13","slug":"andalucia-television-emite-el-estreno-de-paco-de-lucia-flamenco-legacy","status":"publish","type":"post","link":"https:\/\/expoflamenco.com\/revista\/andalucia-television-emite-el-estreno-de-paco-de-lucia-flamenco-legacy\/","title":{"rendered":"Andaluc\u00eda Televisi\u00f3n emite el estreno de &#8216;Paco de Luc\u00eda. Flamenco Legacy&#8217;","gt_translate_keys":[{"key":"rendered","format":"text"}]},"content":{"rendered":"<p><strong>Andaluc\u00eda Televisi\u00f3n <\/strong>ha estrenado el lunes 24 de febrero la versi\u00f3n ampliada de <strong><em>Paco de Luc\u00eda. Flamenco Legacy<\/em><\/strong>, coincidiendo con el und\u00e9cimo aniversario de su fallecimiento. Un trabajo de<strong> Womack Studios<\/strong>\u00a0participado por Canal Sur Televisi\u00f3n en el que durante seis cap\u00edtulos se recupera la figura del inolvidable guitarrista gracias a los testimonios de familiares, compa\u00f1eros cercanos y numerosos expertos.<\/p>\n<p><em>Paco de Luc\u00eda. Flamenco Legacy<\/em> repasa, mediante una narraci\u00f3n no cronol\u00f3gica, los acontecimientos que forjaron su carrera art\u00edstica, sin olvidar su lado m\u00e1s personal. El primer cap\u00edtulo cuenta con la participaci\u00f3n de rostros tan conocidos como los de su familia, con los testimonios de <strong>Curro S\u00e1nchez, Casilda S\u00e1nchez<\/strong> o <strong>Luc\u00eda S\u00e1nchez<\/strong>, hijos de Paco de Luc\u00eda, y su segunda mujer, <strong>Gabriela Canseco<\/strong>; <strong>Juan Jos\u00e9 T\u00e9llez<\/strong>, bi\u00f3grafo de Paco; el comparsista <strong>Antonio Mart\u00edn<\/strong>; el pianista <strong>Chano Dom\u00ednguez<\/strong>; expertos como <strong>Cristina Cruces<\/strong> o <strong>Jos\u00e9 Manuel Gamboa<\/strong>; o el guitarrista <strong>Ca\u00f1izares<\/strong>, entre otros. Todos sus testimonios hacen un recorrido desde los or\u00edgenes del inolvidable guitarrista y ahondan en c\u00f3mo conocieron su fallecimiento, y tambi\u00e9n en las distintas problem\u00e1ticas que surgieron con el gobierno nacional para poder repatriar su cuerpo desde M\u00e9xico.<\/p>\n<p>&nbsp;<\/p>\n<blockquote><p><em>\u00abUn trabajo de Womack Studios participado por Canal Sur Televisi\u00f3n en el que durante seis cap\u00edtulos se recupera la figura del inolvidable guitarrista gracias a los testimonios de familiares, compa\u00f1eros cercanos y numerosos expertos\u00bb<\/em><\/p><\/blockquote>\n<p>&nbsp;<\/p>\n<figure id=\"attachment_76866\" aria-describedby=\"caption-attachment-76866\" style=\"width: 1600px\" class=\"wp-caption aligncenter\"><a href=\"https:\/\/expoflamenco.com\/revista\/wp-content\/uploads\/sites\/17\/2025\/02\/paco-de-lucia-flamenco-legacy-2.webp\"><img fetchpriority=\"high\" decoding=\"async\" class=\"size-full wp-image-76866\" src=\"https:\/\/expoflamenco.com\/revista\/wp-content\/uploads\/sites\/17\/2025\/02\/paco-de-lucia-flamenco-legacy-2.webp\" alt=\"Paco de Luc\u00eda. Flamenco Legacy. Womack Studios\" width=\"1600\" height=\"900\" \/><\/a><figcaption id=\"caption-attachment-76866\" class=\"wp-caption-text\">Paco de Luc\u00eda. Flamenco Legacy. Womack Studios<\/figcaption><\/figure>\n<p>&nbsp;<\/p>\n<p>Adem\u00e1s, en el resto de cap\u00edtulos tambi\u00e9n participar\u00e1n muchos otros nombres intr\u00ednsecamente unidos a Paco de Luc\u00eda como su sobrina y cantante <strong>Mal\u00fa<\/strong>; expertos de la talla de <strong>Jos\u00e9 Mar\u00eda Casta\u00f1o, Luis Landero<\/strong> o <strong>Enrique Montiel<\/strong>; o artistas como <strong>Ruben Dantas, Yerai Cort\u00e9s, Sara Baras, Farru, Argentina, Pepe Habichuela, Rub\u00e9n Blades, Jos\u00e9 Merc\u00e9, Carrete de M\u00e1laga, Carmen Linares o Farruquito<\/strong>, entre muchos otros. Dichas voces seguir\u00e1n potenciando esta serie documental de Womack Studios sobre los inicios y vida del guitarrista en Algeciras, tocando temas, tambi\u00e9n, como su relaci\u00f3n con <strong>Camar\u00f3n<\/strong>, al igual que pasando por la influencia que recibi\u00f3 de otras m\u00fasicas y la celebraci\u00f3n de su legado flamenco, contado todo ello desde un punto de vista did\u00e1ctico y riguroso, pero tambi\u00e9n entretenido y emocionante, para acercar a especialistas y a ne\u00f3fitos su inigualable m\u00fasica.<\/p>\n<p>Adem\u00e1s, <em>Paco de Luc\u00eda. Flamenco Legacy<\/em> tambi\u00e9n muestra el lado ma\u0301s desconocido del festival homenaje al ic\u00f3nico guitarrista andaluz, que bajo el t\u00edtulo de <strong>Paco de Luc\u00eda Legacy<\/strong> acogi\u00f3 Estados Unidos entre los d\u00edas 20 y 24 de febrero de 2024, mostrando ima\u0301genes exclusivas de los ensayos y el backstage, adema\u0301s de los conciertos celebrados durante aquellos cinco di\u0301as en diferentes escenarios estadounidenses, en ciudades donde el flamenco siempre logra un lleno absoluto.<\/p>\n<p>Los otros cinco cap\u00edtulos se estrenan cada tarde, hasta el s\u00e1bado 1 de marzo, siempre a las 19 h y en Andaluc\u00eda TV.<\/p>\n<p>&nbsp;<\/p>\n<p><a href=\"https:\/\/expoflamenco.com\/revista\/wp-content\/uploads\/sites\/17\/2025\/02\/cartel-paco-de-lucia-flamenco-legacy.webp\"><img decoding=\"async\" class=\"aligncenter size-full wp-image-76865\" src=\"https:\/\/expoflamenco.com\/revista\/wp-content\/uploads\/sites\/17\/2025\/02\/cartel-paco-de-lucia-flamenco-legacy.webp\" alt=\"\" width=\"914\" height=\"1280\" \/><\/a><\/p>\n<p>&nbsp;<\/p>\n","protected":false,"gt_translate_keys":[{"key":"rendered","format":"html"}]},"excerpt":{"rendered":"<p>Tras la emisi\u00f3n de la primera entrega en Canal Sur TV el pasado noviembre, ahora Andaluc\u00eda TV acoge el visionado de una versi\u00f3n ampliada que recupera la figura del inolvidable guitarrista con los testimonios de familiares, compa\u00f1eros y expertos.<\/p>\n","protected":false,"gt_translate_keys":[{"key":"rendered","format":"html"}]},"author":5,"featured_media":2541,"comment_status":"open","ping_status":"open","sticky":false,"template":"","format":"standard","meta":{"_acf_changed":false,"pmpro_default_level":"","jnews-multi-image_gallery":[],"jnews_single_post":{"format":"standard","override":[{"template":"2","parallax":"1","fullscreen":"1","layout":"right-sidebar","sidebar":"default-sidebar","second_sidebar":"default-sidebar","sticky_sidebar":"1","share_position":"bottom","share_float_style":"share-monocrhome","show_share_counter":"1","show_view_counter":"1","show_featured":"1","show_post_meta":"1","show_post_author":"1","show_post_author_image":"1","show_post_date":"1","post_date_format":"default","post_date_format_custom":"Y\/m\/d","show_post_reading_time":"1","post_reading_time_wpm":"250","post_calculate_word_method":"str_word_count","show_zoom_button":"1","zoom_button_out_step":"2","zoom_button_in_step":"3","show_post_tag":"1","show_popup_post":"1","number_popup_post":"1","show_author_box":"1","show_post_related":"1","show_inline_post_related":"1"}],"image_override":[{"single_post_thumbnail_size":"no-crop","single_post_gallery_size":"crop-500"}],"trending_post_position":"meta","trending_post_label":"Trending","sponsored_post_label":"Sponsored by","disable_ad":"0","subtitle":"Tras la emisi\u00f3n de la primera entrega en Canal Sur TV el pasado noviembre, ahora Andaluc\u00eda TV acoge el visionado de una versi\u00f3n ampliada que recupera la figura del inolvidable guitarrista con los testimonios de familiares, compa\u00f1eros y expertos."},"jnews_primary_category":{"id":"4226"},"jnews_override_bookmark_settings":{"override_bookmark_button":"0","override_show_bookmark_button":"0"},"jnews_social_meta":[],"jnews_review":[],"enable_review":"","type":"percentage","name":"","summary":"","brand":"","sku":"","good":[],"bad":[],"score_override":"","override_value":"","rating":[],"price":[],"jnews_override_counter":{"view_counter_number":"0","share_counter_number":"0","like_counter_number":"0","dislike_counter_number":"0"},"footnotes":""},"categories":[37],"tags":[450,2249,2250],"class_list":["post-2540","post","type-post","status-publish","format-standard","has-post-thumbnail","hentry","category-actualidad","tag-documental","tag-paco-de-lucia-flamenco-legacy","tag-womack-studios","pmpro-has-access"],"acf":[],"aioseo_notices":[],"gt_translate_keys":[{"key":"link","format":"url"}],"_links":{"self":[{"href":"https:\/\/expoflamenco.com\/revista\/wp-json\/wp\/v2\/posts\/2540","targetHints":{"allow":["GET"]}}],"collection":[{"href":"https:\/\/expoflamenco.com\/revista\/wp-json\/wp\/v2\/posts"}],"about":[{"href":"https:\/\/expoflamenco.com\/revista\/wp-json\/wp\/v2\/types\/post"}],"author":[{"embeddable":true,"href":"https:\/\/expoflamenco.com\/revista\/wp-json\/wp\/v2\/users\/5"}],"replies":[{"embeddable":true,"href":"https:\/\/expoflamenco.com\/revista\/wp-json\/wp\/v2\/comments?post=2540"}],"version-history":[{"count":0,"href":"https:\/\/expoflamenco.com\/revista\/wp-json\/wp\/v2\/posts\/2540\/revisions"}],"wp:featuredmedia":[{"embeddable":true,"href":"https:\/\/expoflamenco.com\/revista\/wp-json\/wp\/v2\/media\/2541"}],"wp:attachment":[{"href":"https:\/\/expoflamenco.com\/revista\/wp-json\/wp\/v2\/media?parent=2540"}],"wp:term":[{"taxonomy":"category","embeddable":true,"href":"https:\/\/expoflamenco.com\/revista\/wp-json\/wp\/v2\/categories?post=2540"},{"taxonomy":"post_tag","embeddable":true,"href":"https:\/\/expoflamenco.com\/revista\/wp-json\/wp\/v2\/tags?post=2540"}],"curies":[{"name":"wp","href":"https:\/\/api.w.org\/{rel}","templated":true}]}}