{"id":2538,"date":"2025-02-25T13:09:21","date_gmt":"2025-02-25T12:09:21","guid":{"rendered":"https:\/\/expoflamenco.com\/revistanew\/podcast-el-oro-molio-de-la-macanita-en-el-29-festival-de-jerez\/"},"modified":"2025-02-25T13:09:21","modified_gmt":"2025-02-25T12:09:21","slug":"podcast-el-oro-molio-de-la-macanita-en-el-29-festival-de-jerez","status":"publish","type":"post","link":"https:\/\/expoflamenco.com\/revista\/podcast-el-oro-molio-de-la-macanita-en-el-29-festival-de-jerez\/","title":{"rendered":"P\u00f3dcast | El &#8216;Oro mol\u00edo&#8217; de La Macanita en el 29 Festival de Jerez","gt_translate_keys":[{"key":"rendered","format":"text"}]},"content":{"rendered":"<p>A modo de cr\u00f3nica sonora os ofrezco algunos pasajes del espect\u00e1culo \u2018Oro mol\u00edo\u2019 que la cantaora <strong>Tomasa Guerrero Carrasco \u2018La Macanita<\/strong>\u2019 estren\u00f3 en el marco de la 29 edici\u00f3n del Festival de Jerez.<\/p>\n<p>La bodega de Los Ap\u00f3stoles de Gonz\u00e1lez Byass acog\u00eda\u00a0 la voz arcillosa de la cantaora del barrio de Santiago el domingo 23 de febrero. El t\u00edtulo quer\u00eda describir el recorrido por los <strong>cantes m\u00e1s representativos de la artista.<\/strong> Aquellos son\u00edos que le han visto crecer y hacerse una primera figura de la expresi\u00f3n jonda.<\/p>\n<p>Tomasa estuvo <strong>acompa\u00f1ada<\/strong> por las guitarras de Manuel Valencia y Antonio Higuero, la percusi\u00f3n de Carlos Merino y las palmas y comp\u00e1s de Chicharito de Jerez, Manuel `Macano\u00b4 Javier Pe\u00f1a y Diego Montoya. Como artista invitado, y al piano, Jos\u00e9 Zarzana.<\/p>\n<p>De todo el espect\u00e1culo he seleccionado los iniciales cantes por siguiriyas y sole\u00e1 as\u00ed como un apunte, al piano, del homenaje a La Paquera y Antonio Gallardo con la zambra \u2018Sole\u00e1 de mis pesares\u2019. <strong>Sonido directo del Festival de Jerez<\/strong> recogido por el equipo de expoflamenco. La fotograf\u00eda es de Miguel \u00c1ngel Casta\u00f1o.<\/p>\n<p>&nbsp;<\/p>\n<blockquote class=\"wp-embedded-content\" data-secret=\"FIyn0UWqbw\"><p><a href=\"https:\/\/expoflamenco.com\/podcast\/tomasa-la-macanita-oro-molio\/\">Tomasa La Macanita &#8211; &#8216;Oro mol\u00edo&#8217;<\/a><\/p><\/blockquote>\n<p><iframe class=\"wp-embedded-content\" sandbox=\"allow-scripts\" security=\"restricted\" style=\"position: absolute; visibility: hidden;\" title=\"\u00abTomasa La Macanita &#8211; &#8216;Oro mol\u00edo&#8217;\u00bb \u2014 Podcast expoflamenco\" src=\"https:\/\/expoflamenco.com\/podcast\/tomasa-la-macanita-oro-molio\/embed\/#?secret=JdMh0M5Vpi#?secret=FIyn0UWqbw\" data-secret=\"FIyn0UWqbw\" width=\"500\" height=\"282\" frameborder=\"0\" marginwidth=\"0\" marginheight=\"0\" scrolling=\"no\"><\/iframe><\/p>\n","protected":false,"gt_translate_keys":[{"key":"rendered","format":"html"}]},"excerpt":{"rendered":"<p>La cantaora Tomasa La Macanita ofreci\u00f3 este recital el 23 de febrero en la Bodega Gonz\u00e1lez Byass con las guitarras de Manuel Valencia y Antonio Higuero.<\/p>\n","protected":false,"gt_translate_keys":[{"key":"rendered","format":"html"}]},"author":5,"featured_media":2539,"comment_status":"open","ping_status":"open","sticky":false,"template":"","format":"standard","meta":{"_acf_changed":false,"pmpro_default_level":"","jnews-multi-image_gallery":[],"jnews_single_post":{"format":"standard","override":[{"template":"2","parallax":"1","fullscreen":"1","layout":"right-sidebar","sidebar":"default-sidebar","second_sidebar":"default-sidebar","sticky_sidebar":"1","share_position":"bottom","share_float_style":"share-monocrhome","show_share_counter":"1","show_view_counter":"1","show_featured":"1","show_post_meta":"1","show_post_author":"1","show_post_author_image":"1","show_post_date":"1","post_date_format":"default","post_date_format_custom":"Y\/m\/d","show_post_reading_time":"1","post_reading_time_wpm":"250","post_calculate_word_method":"str_word_count","show_zoom_button":"1","zoom_button_out_step":"2","zoom_button_in_step":"3","show_post_tag":"1","show_popup_post":"1","number_popup_post":"1","show_author_box":"1","show_post_related":"1","show_inline_post_related":"1"}],"image_override":[{"single_post_thumbnail_size":"no-crop","single_post_gallery_size":"crop-500"}],"trending_post_position":"meta","trending_post_label":"Trending","sponsored_post_label":"Sponsored by","disable_ad":"0","subtitle":"La cantaora Tomasa La Macanita ofreci\u00f3 este recital el 23 de febrero en la Bodega Gonz\u00e1lez Byass con las guitarras de Manuel Valencia y Antonio Higuero."},"jnews_primary_category":{"id":"4226"},"jnews_override_bookmark_settings":{"override_bookmark_button":"0","override_show_bookmark_button":"0"},"jnews_social_meta":[],"jnews_review":[],"enable_review":"","type":"percentage","name":"","summary":"","brand":"","sku":"","good":[],"bad":[],"score_override":"","override_value":"","rating":[],"price":[],"jnews_override_counter":{"view_counter_number":"0","share_counter_number":"0","like_counter_number":"0","dislike_counter_number":"0"},"footnotes":""},"categories":[37,1888],"tags":[294,2228,2246,2247,2248],"class_list":["post-2538","post","type-post","status-publish","format-standard","has-post-thumbnail","hentry","category-actualidad","category-jerez-2025","tag-festival-de-jerez","tag-bodegas-gonzalez-byass","tag-macanita-en-directo","tag-oro-molio","tag-tomasa-la-macanita","pmpro-has-access"],"acf":[],"aioseo_notices":[],"gt_translate_keys":[{"key":"link","format":"url"}],"_links":{"self":[{"href":"https:\/\/expoflamenco.com\/revista\/wp-json\/wp\/v2\/posts\/2538","targetHints":{"allow":["GET"]}}],"collection":[{"href":"https:\/\/expoflamenco.com\/revista\/wp-json\/wp\/v2\/posts"}],"about":[{"href":"https:\/\/expoflamenco.com\/revista\/wp-json\/wp\/v2\/types\/post"}],"author":[{"embeddable":true,"href":"https:\/\/expoflamenco.com\/revista\/wp-json\/wp\/v2\/users\/5"}],"replies":[{"embeddable":true,"href":"https:\/\/expoflamenco.com\/revista\/wp-json\/wp\/v2\/comments?post=2538"}],"version-history":[{"count":0,"href":"https:\/\/expoflamenco.com\/revista\/wp-json\/wp\/v2\/posts\/2538\/revisions"}],"wp:featuredmedia":[{"embeddable":true,"href":"https:\/\/expoflamenco.com\/revista\/wp-json\/wp\/v2\/media\/2539"}],"wp:attachment":[{"href":"https:\/\/expoflamenco.com\/revista\/wp-json\/wp\/v2\/media?parent=2538"}],"wp:term":[{"taxonomy":"category","embeddable":true,"href":"https:\/\/expoflamenco.com\/revista\/wp-json\/wp\/v2\/categories?post=2538"},{"taxonomy":"post_tag","embeddable":true,"href":"https:\/\/expoflamenco.com\/revista\/wp-json\/wp\/v2\/tags?post=2538"}],"curies":[{"name":"wp","href":"https:\/\/api.w.org\/{rel}","templated":true}]}}