{"id":2536,"date":"2025-02-25T13:22:48","date_gmt":"2025-02-25T12:22:48","guid":{"rendered":"https:\/\/expoflamenco.com\/revistanew\/la-cantaora-onubense-rocio-belen-presento-en-el-iaf-su-album-alzare-mi-voz\/"},"modified":"2025-02-25T13:22:48","modified_gmt":"2025-02-25T12:22:48","slug":"la-cantaora-onubense-rocio-belen-presento-en-el-iaf-su-album-alzare-mi-voz","status":"publish","type":"post","link":"https:\/\/expoflamenco.com\/revista\/la-cantaora-onubense-rocio-belen-presento-en-el-iaf-su-album-alzare-mi-voz\/","title":{"rendered":"La cantaora onubense Roc\u00edo Bel\u00e9n present\u00f3 en el IAF su \u00e1lbum &#8216;Alzar\u00e9 mi voz&#8217;","gt_translate_keys":[{"key":"rendered","format":"text"}]},"content":{"rendered":"<p>La sede del <a href=\"https:\/\/www.juntadeandalucia.es\/cultura\/flamenco\/\" target=\"_blank\" rel=\"noopener\">Instituto Andaluz del Flamenco<\/a> ha sido escenario de la presentaci\u00f3n del \u00faltimo trabajo discogr\u00e1fico de la cantaora onubense <strong>Roc\u00edo Bel\u00e9n<\/strong>, <strong><em>Alzar\u00e9 mi voz<\/em><\/strong>. Se trata de un proyecto en el que la joven artista quiere rendir un homenaje a las mujeres en el mundo del flamenco a trav\u00e9s de nueve cantes.<\/p>\n<p>La cantaora quiere \u201crendir homenaje a esa superaci\u00f3n, lucha y sacrificio\u201d, buscando un futuro m\u00e1s poderoso e inclusivo para todas las cantoras. \u201cFlamenca es lo que soy y lo que quiero ser\u201d, a\u00f1ad\u00eda, y a partir de aqu\u00ed, de sus referencias e inspiraciones musicales y personales, ha creado un disco que invita a la celebraci\u00f3n, a la reflexi\u00f3n y a la buena m\u00fasica. Todo esto, gracias a la colaboraci\u00f3n de su productor <strong>Francis G\u00f3mez Cruzado<\/strong>.<\/p>\n<p>El disco est\u00e1 disponible en todas las plataformas digitales desde el 21 de febrero, y con su presentaci\u00f3n \u201cen la casa del flamenco\u201d se quiere apoyar la carrera de j\u00f3venes valores que, como Roc\u00edo Bel\u00e9n, \u201cest\u00e1n trabajando para difundir el cante jondo con una perspectiva fresca sin perder la ra\u00edz\u201d, en palabras del director del Instituto Andaluz del Flamenco, <strong>Crist\u00f3bal Ortega<\/strong>.<\/p>\n<p>&nbsp;<\/p>\n<blockquote><p><em>\u00abA trav\u00e9s de nueve canciones, la artista hace un canto a la libertad y al empoderamiento femenino por diferentes palos del flamenco como alegr\u00edas, tangos, buler\u00edas, sevillanas flamencas, rumbas, fandangos o cantes de Levante\u00bb<\/em><\/p><\/blockquote>\n<p>&nbsp;<\/p>\n<h2>\u2018<strong>Alzar\u00e9 mi voz\u2019, de Roc\u00edo Bel\u00e9n<\/strong><\/h2>\n<p>A trav\u00e9s de nueve canciones, la artista hace un canto a la libertad y al empoderamiento femenino por diferentes palos del flamenco como alegr\u00edas, tangos, buler\u00edas, sevillanas flamencas, rumbas, fandangos o cantes de Levante. Previo a la publicaci\u00f3n completa del disco, el p\u00fablico ya ha podido disfrutar de tres adelantos, los temas <strong><em>Alzar\u00e9 mi voz, Tela marinera<\/em><\/strong> y <strong><em>Sabes bien<\/em><\/strong>, presentados en directo en una gira promocional por M\u00e9xico y pr\u00f3ximamente la llevar\u00e1 a Miami y Puerto Rico. Adem\u00e1s, el 14 de febrero present\u00f3 el videoclip de <strong><em>Te amar\u00e9<\/em><\/strong>, unos tanguillos que expresan una profunda vulnerabilidad y un deseo sincero de amor.<\/p>\n<p>Roc\u00edo Bel\u00e9n es una cantaora flamenca que a\u00fana la esencia tradicional con un enfoque vanguardista. Su trayectoria art\u00edstica comienza a los 10 a\u00f1os en los concursos de fandangos de su tierra. La pasi\u00f3n por este cante le llev\u00f3 a tomar clases en la <strong>Fundaci\u00f3n Amparo Correa<\/strong>, y ah\u00ed inici\u00f3 su carrera, forjada tambi\u00e9n en la <strong>Fundaci\u00f3n Cristina Heeren<\/strong> con profesores de la talla de Jos\u00e9 de la Tomasa, Paco Taranto, Calixto S\u00e1nchez, Esperanza Fern\u00e1ndez, Laura Vital, Virginia G\u00e1mez o Juan Jos\u00e9 Amador. Su buen hacer en el cante le ha llevado a ganar m\u00e1s de 30 premios de flamenco de primer nivel. Cabe destacar el Premio Joven del Concurso Nacional de Cante Jondo Antonio Mairena, el primer Premio en el Concurso de Cante por Taranta y Tarantos Fundaci\u00f3n Cristina Heeren, Premio a la mejor Malague\u00f1a por la Federaci\u00f3n Provincial de Pe\u00f1as Flamencas de M\u00e1laga, Premio Certamen Nacional de Saetas \u201cCiudad de la Uni\u00f3n\u201d.<\/p>\n<p>Tambi\u00e9n obtuvo el mayor reconocimiento y m\u00e1ximo galard\u00f3n en el fandango de Huelva, alz\u00e1ndose con el 1\u00ba Premio de Paco Toronjo en la Villa de Alosno. En los a\u00f1os 2017 y 2018 logra llegar a semifinales del Festival Internacional del Cante de las Minas y ha sido finalista en el Concurso Nacional de Arte Flamenco de C\u00f3rdoba (2019), dos de los concursos m\u00e1s prestigiosos a nivel nacional.<\/p>\n<p>&nbsp;<\/p>\n<div class=\"jeg_video_container jeg_video_content\"><iframe title=\"Roc\u00edo Bel\u00e9n - Te amar\u00e9 (Tanguillos)\" width=\"500\" height=\"281\" src=\"https:\/\/www.youtube.com\/embed\/6vQO-f9CCWQ?feature=oembed\" frameborder=\"0\" allow=\"accelerometer; autoplay; clipboard-write; encrypted-media; gyroscope; picture-in-picture; web-share\" referrerpolicy=\"strict-origin-when-cross-origin\" allowfullscreen><\/iframe><\/div>\n<p>&nbsp;<\/p>\n","protected":false,"gt_translate_keys":[{"key":"rendered","format":"html"}]},"excerpt":{"rendered":"<p>La sede del Instituto Andaluz del Flamenco ha sido escenario de la presentaci\u00f3n del \u00faltimo trabajo discogr\u00e1fico de la cantaora onubense Roc\u00edo Bel\u00e9n, Alzar\u00e9 mi voz. Se trata de un proyecto en el que la joven artista quiere rendir un homenaje a las mujeres en el mundo del flamenco a trav\u00e9s de nueve cantes. La [&hellip;]<\/p>\n","protected":false,"gt_translate_keys":[{"key":"rendered","format":"html"}]},"author":5,"featured_media":2537,"comment_status":"open","ping_status":"open","sticky":false,"template":"","format":"standard","meta":{"_acf_changed":false,"pmpro_default_level":"","jnews-multi-image_gallery":[],"jnews_single_post":{"format":"standard","override":[{"template":"2","parallax":"1","fullscreen":"1","layout":"right-sidebar","sidebar":"default-sidebar","second_sidebar":"default-sidebar","sticky_sidebar":"1","share_position":"bottom","share_float_style":"share-monocrhome","show_share_counter":"1","show_view_counter":"1","show_featured":"1","show_post_meta":"1","show_post_author":"1","show_post_author_image":"1","show_post_date":"1","post_date_format":"default","post_date_format_custom":"Y\/m\/d","show_post_reading_time":"1","post_reading_time_wpm":"250","post_calculate_word_method":"str_word_count","show_zoom_button":"1","zoom_button_out_step":"2","zoom_button_in_step":"3","show_post_tag":"1","show_popup_post":"1","number_popup_post":"1","show_author_box":"1","show_post_related":"1","show_inline_post_related":"1"}],"image_override":[{"single_post_thumbnail_size":"no-crop","single_post_gallery_size":"crop-500"}],"trending_post_position":"meta","trending_post_label":"Trending","sponsored_post_label":"Sponsored by","disable_ad":"0","subtitle":"El proyecto homenajea a la mujer en el mundo del flamenco y a\u00fana la esencia tradicional con un enfoque vanguardista."},"jnews_primary_category":[],"jnews_override_bookmark_settings":{"override_bookmark_button":"0","override_show_bookmark_button":"0"},"jnews_social_meta":[],"jnews_review":[],"enable_review":"","type":"percentage","name":"","summary":"","brand":"","sku":"","good":[],"bad":[],"score_override":"","override_value":"","rating":[],"price":[],"jnews_override_counter":{"view_counter_number":"0","share_counter_number":"0","like_counter_number":"0","dislike_counter_number":"0"},"footnotes":""},"categories":[37],"tags":[2244,152,345,2245],"class_list":["post-2536","post","type-post","status-publish","format-standard","has-post-thumbnail","hentry","category-actualidad","tag-alzare-mi-voz","tag-disco-flamenco","tag-instituto-andaluz-del-flamenco","tag-rocio-belen","pmpro-has-access"],"acf":[],"aioseo_notices":[],"gt_translate_keys":[{"key":"link","format":"url"}],"_links":{"self":[{"href":"https:\/\/expoflamenco.com\/revista\/wp-json\/wp\/v2\/posts\/2536","targetHints":{"allow":["GET"]}}],"collection":[{"href":"https:\/\/expoflamenco.com\/revista\/wp-json\/wp\/v2\/posts"}],"about":[{"href":"https:\/\/expoflamenco.com\/revista\/wp-json\/wp\/v2\/types\/post"}],"author":[{"embeddable":true,"href":"https:\/\/expoflamenco.com\/revista\/wp-json\/wp\/v2\/users\/5"}],"replies":[{"embeddable":true,"href":"https:\/\/expoflamenco.com\/revista\/wp-json\/wp\/v2\/comments?post=2536"}],"version-history":[{"count":0,"href":"https:\/\/expoflamenco.com\/revista\/wp-json\/wp\/v2\/posts\/2536\/revisions"}],"wp:featuredmedia":[{"embeddable":true,"href":"https:\/\/expoflamenco.com\/revista\/wp-json\/wp\/v2\/media\/2537"}],"wp:attachment":[{"href":"https:\/\/expoflamenco.com\/revista\/wp-json\/wp\/v2\/media?parent=2536"}],"wp:term":[{"taxonomy":"category","embeddable":true,"href":"https:\/\/expoflamenco.com\/revista\/wp-json\/wp\/v2\/categories?post=2536"},{"taxonomy":"post_tag","embeddable":true,"href":"https:\/\/expoflamenco.com\/revista\/wp-json\/wp\/v2\/tags?post=2536"}],"curies":[{"name":"wp","href":"https:\/\/api.w.org\/{rel}","templated":true}]}}