{"id":2528,"date":"2025-02-27T08:43:15","date_gmt":"2025-02-27T07:43:15","guid":{"rendered":"https:\/\/expoflamenco.com\/revistanew\/rafaela-carrasco-le-baila-a-las-musas\/"},"modified":"2025-02-27T08:43:15","modified_gmt":"2025-02-27T07:43:15","slug":"rafaela-carrasco-le-baila-a-las-musas","status":"publish","type":"post","link":"https:\/\/expoflamenco.com\/revista\/rafaela-carrasco-le-baila-a-las-musas\/","title":{"rendered":"Rafaela Carrasco le baila a las musas","gt_translate_keys":[{"key":"rendered","format":"text"}]},"content":{"rendered":"<p>La maestra sevillana <strong>Rafaela Carrasco<\/strong> ha encontrado en las musas de la mitolog\u00eda griega la inspiraci\u00f3n para <strong><em>Creaviva<\/em><\/strong>, o el estado del artista desde la soledad, esa parte esencial de la vida de una persona que puede presentarse en periodos de episodios cortos y que se acompa\u00f1a con sentimientos de culpa, angustia y de disminuci\u00f3n en la autoestima hasta llegar al aislamiento social.<\/p>\n<p>En ese silencio profundo, amolda Rafaela Carrasco al lenguaje corporal y, a medida que se acomoda a esta suite de nueve movimientos, va estimulando grandemente la imaginaci\u00f3n del espectador, en el que despierta no ya un pensamiento cr\u00edtico, pero s\u00ed el saber que ninguna persona est\u00e1 exenta de sufrir alg\u00fan episodio de soledad.<\/p>\n<p>La propuesta se articula sobre nueve musas griegas, entre ellas <strong>Cl\u00edo<\/strong>, que representa la historia y la poes\u00eda \u00e9pica, a la que la compa\u00f1\u00eda de Carrasco evoca desde la sole\u00e1 las claves del \u00e9xito: elegancia en los movimientos, personalidad sostenida y el modo de complementarlas con las emociones que se quieren transmitir.<\/p>\n<p><strong>Urania<\/strong>, musa de la Astronom\u00eda, busca en cambio el futuro, y se halla desde el singular pandero cuadrado de <strong>Pe\u00f1aparda<\/strong> (Salamanca), donde la voz de <strong>Gema Caballero<\/strong>, afinada y bien empastada, no encuentra dificultad t\u00e9cnica alguna para que Carrasco aporte flamenquer\u00eda a la danza popular, pero a\u00f1adamos mismamente que lo hace de modo tan perfecto que no transgrede ning\u00fan l\u00edmite.<\/p>\n<p>Este es el rasgo dominante en el montaje, que atiende, igualmente, a <strong>Polimnia<\/strong>, asociada a los cantos sagrados, y a <strong>Erat\u00f3<\/strong>, la musa que inspira a guitarristas como <strong>Jes\u00fas Torres<\/strong> y <strong>Jos\u00e9 Luis Medina<\/strong> a fin de que Rafaela Carrasco evidencie desde la farruca c\u00f3mo la propuesta a lo que aspira es envolver al espectador en una experiencia de intensa visualidad po\u00e9tica.<\/p>\n<p>&nbsp;<\/p>\n<blockquote><p><em>\u00ab&#8217;Creaviva&#8217; contribuye a agrandar la trayectoria de Rafaela Carrasco, la maestra que, si es reconocida por sus exitosos trabajos, no s\u00f3lo se muestra en esta ocasi\u00f3n poderosa como bailaora, sino que entrega una interpretaci\u00f3n actoral sorprendente\u00bb<\/em><\/p><\/blockquote>\n<p>&nbsp;<\/p>\n\n<p>&nbsp;<\/p>\n<p>La pura m\u00fasica nos la aproxima con <strong>Euterpe<\/strong>, ante la que toda la compa\u00f1\u00eda logra por buler\u00edas y sevillanas alcanzar plenamente esa atm\u00f3sfera evocadora que parece ser su principal objetivo.<\/p>\n<p>Y en la soledad de <strong>Cal\u00edope<\/strong>, el baile de Carrasco retrata la valent\u00eda y resistencia de la mujer encarcelada en su soledad, mientras <strong>Antonio Campos<\/strong> canta como preludio de \u201cla que muere llorando\u201d, o nos retiene la atenci\u00f3n con <strong>Melp\u00f3mene<\/strong>, la musa de la tragedia donde en la voz de Caballero predominan los caracteres del romance que baila una Rafaela Carrasco extraordinaria, enfrentada con dignidad a las duras condiciones que refleja la diversidad de sus luchas.<\/p>\n<p>De la tragedia pasamos, empero, a la risa buscando la inspiraci\u00f3n ante <strong>Tal\u00eda<\/strong>, la musa de la comedia que permite que Rafaela Carrasco destaque su gran maestr\u00eda desde el poder transformador como forma de resistencia. Con una coreograf\u00eda profundamente emotiva y muy construida, la sevillana logra no solo evocar los recuerdos, sino tambi\u00e9n resaltar la fortaleza femenina frente a la adversidad, ofreciendo una reflexi\u00f3n conmovedora sobre la lucha por la tradici\u00f3n y la autonom\u00eda.<\/p>\n<p>Rafaela Carrasco emprende, pues, un conmovedor viaje de reconstrucci\u00f3n de la memoria de la soledad a trav\u00e9s de un montaje que, a este tenor, se convierte en la br\u00fajula emocional que la gu\u00eda a buscar la libertad, pero sin dejar de lado que todo testimonio de esperanza es la resistencia que trasciende el tiempo.<\/p>\n<p><em>Creaviva<\/em> culmina con la expectativa de <strong>Teps\u00edcore<\/strong>. Es la diosa de la danza que, en torno a un fin de fiesta al son de las buler\u00edas de C\u00e1diz, contribuye a agrandar la trayectoria de Rafaela Carrasco, la maestra que, si es reconocida por sus exitosos trabajos, no s\u00f3lo se muestra en esta ocasi\u00f3n poderosa como bailaora, sino que entrega una interpretaci\u00f3n actoral sorprendente.<\/p>\n<p>Y es que, si complejo es unir danza y narrativa, o mostrar destreza y versatilidad en escena sin perder la carga po\u00e9tica necesarias para transmitir la profundidad del texto, tanto o m\u00e1s lo es servirse de las musas griegas como met\u00e1fora de los conflictos de la soledad.<\/p>\n<p>&nbsp;<\/p>\n<p><strong>Ficha art\u00edstica<\/strong><\/p>\n<p><em>Creaviva<\/em>, de Rafaela Carrasco<br \/>\nXXIX Festival de Jerez<br \/>\nTeatro Villamarta<br \/>\n26 de febrero de 2025<br \/>\nBaile: Rafaela Carrasco<br \/>\nM\u00fasicos: Gema Caballero y Antonio Campos (cante), Jes\u00fas Torres y Jos\u00e9 Luis Medina (guitarras) y Kike Terr\u00f3n (percusi\u00f3n)<br \/>\nCoreograf\u00eda: Rafaela Carrasco<br \/>\nDramaturgia: \u00c1lvaro Tato<\/p>\n<p>&nbsp;<\/p>\n<p>&nbsp;<\/p>\n","protected":false,"gt_translate_keys":[{"key":"rendered","format":"html"}]},"excerpt":{"rendered":"<p>La maestra sevillana present\u00f3 su obra &#8216;Creaviva&#8217; en el Festival de Jerez. Rafaela Carrasco ha encontrado en las musas de la mitolog\u00eda griega la inspiraci\u00f3n para este espect\u00e1culo, o el estado del artista desde la soledad.<\/p>\n","protected":false,"gt_translate_keys":[{"key":"rendered","format":"html"}]},"author":44,"featured_media":2529,"comment_status":"open","ping_status":"open","sticky":false,"template":"","format":"standard","meta":{"_acf_changed":false,"pmpro_default_level":"","jnews-multi-image_gallery":[],"jnews_single_post":{"format":"standard","override":[{"template":"2","parallax":"1","fullscreen":"1","layout":"right-sidebar","sidebar":"default-sidebar","second_sidebar":"default-sidebar","sticky_sidebar":"1","share_position":"bottom","share_float_style":"share-monocrhome","show_share_counter":"1","show_view_counter":"1","show_featured":"1","show_post_meta":"1","show_post_author":"1","show_post_author_image":"1","show_post_date":"1","post_date_format":"default","post_date_format_custom":"Y\/m\/d","show_post_reading_time":"1","post_reading_time_wpm":"250","post_calculate_word_method":"str_word_count","show_zoom_button":"1","zoom_button_out_step":"2","zoom_button_in_step":"3","show_post_tag":"1","show_popup_post":"1","number_popup_post":"1","show_author_box":"1","show_post_related":"1","show_inline_post_related":"1"}],"image_override":[{"single_post_thumbnail_size":"no-crop","single_post_gallery_size":"crop-500"}],"trending_post_position":"meta","trending_post_label":"Trending","sponsored_post_label":"Sponsored by","disable_ad":"0","subtitle":"La maestra sevillana present\u00f3 su obra 'Creaviva' en el Festival de Jerez. Rafaela Carrasco ha encontrado en las musas de la mitolog\u00eda griega la inspiraci\u00f3n para este espect\u00e1culo, o el estado del artista desde la soledad."},"jnews_primary_category":{"id":"248"},"jnews_override_bookmark_settings":{"override_bookmark_button":"0","override_show_bookmark_button":"0"},"jnews_social_meta":[],"jnews_review":[],"enable_review":"","type":"percentage","name":"","summary":"","brand":"","sku":"","good":[],"bad":[],"score_override":"","override_value":"","rating":[],"price":[],"jnews_override_counter":{"view_counter_number":"0","share_counter_number":"0","like_counter_number":"0","dislike_counter_number":"0"},"footnotes":""},"categories":[46,38,1888],"tags":[294,1576,52,473],"class_list":["post-2528","post","type-post","status-publish","format-standard","has-post-thumbnail","hentry","category-cronicas","category-en-portada","category-jerez-2025","tag-festival-de-jerez","tag-creaviva","tag-rafaela-carrasco","tag-teatro-villamarta","pmpro-has-access"],"acf":[],"aioseo_notices":[],"gt_translate_keys":[{"key":"link","format":"url"}],"_links":{"self":[{"href":"https:\/\/expoflamenco.com\/revista\/wp-json\/wp\/v2\/posts\/2528","targetHints":{"allow":["GET"]}}],"collection":[{"href":"https:\/\/expoflamenco.com\/revista\/wp-json\/wp\/v2\/posts"}],"about":[{"href":"https:\/\/expoflamenco.com\/revista\/wp-json\/wp\/v2\/types\/post"}],"author":[{"embeddable":true,"href":"https:\/\/expoflamenco.com\/revista\/wp-json\/wp\/v2\/users\/44"}],"replies":[{"embeddable":true,"href":"https:\/\/expoflamenco.com\/revista\/wp-json\/wp\/v2\/comments?post=2528"}],"version-history":[{"count":0,"href":"https:\/\/expoflamenco.com\/revista\/wp-json\/wp\/v2\/posts\/2528\/revisions"}],"wp:featuredmedia":[{"embeddable":true,"href":"https:\/\/expoflamenco.com\/revista\/wp-json\/wp\/v2\/media\/2529"}],"wp:attachment":[{"href":"https:\/\/expoflamenco.com\/revista\/wp-json\/wp\/v2\/media?parent=2528"}],"wp:term":[{"taxonomy":"category","embeddable":true,"href":"https:\/\/expoflamenco.com\/revista\/wp-json\/wp\/v2\/categories?post=2528"},{"taxonomy":"post_tag","embeddable":true,"href":"https:\/\/expoflamenco.com\/revista\/wp-json\/wp\/v2\/tags?post=2528"}],"curies":[{"name":"wp","href":"https:\/\/api.w.org\/{rel}","templated":true}]}}