{"id":2516,"date":"2025-02-28T09:48:48","date_gmt":"2025-02-28T08:48:48","guid":{"rendered":"https:\/\/expoflamenco.com\/revistanew\/mercedes-de-cordoba-doblega-al-villamarta-de-jerez-con-olvidadas\/"},"modified":"2025-02-28T09:48:48","modified_gmt":"2025-02-28T08:48:48","slug":"mercedes-de-cordoba-doblega-al-villamarta-de-jerez-con-olvidadas","status":"publish","type":"post","link":"https:\/\/expoflamenco.com\/revista\/mercedes-de-cordoba-doblega-al-villamarta-de-jerez-con-olvidadas\/","title":{"rendered":"Mercedes de C\u00f3rdoba doblega al Villamarta de Jerez con \u2018Olvidadas\u2019","gt_translate_keys":[{"key":"rendered","format":"text"}]},"content":{"rendered":"<p>\u00abUn culto, una obligaci\u00f3n, un grito contundente de admiraci\u00f3n, un p\u00e9same a los verdugos y un abrazo a las v\u00edctimas, a su legado, a su alma, cuerpo y mente, a lo que fueron, son y ser\u00e1n\u2026\u00bb. As\u00ed comienza el resumen de la trama en la sinopsis de la genial y conmovedora obra de la bailaora <strong>Mercedes de C\u00f3rdoba<\/strong>. Con la coproducci\u00f3n y direcci\u00f3n ejecutiva de <strong>Juan Alfonso Romero<\/strong> y arropada por un elenco art\u00edstico de rango superior, se reestrena <strong><em>Olvidadas (A las sinsombrero)<\/em><\/strong> en el <a href=\"https:\/\/www.festivaldejerez.es\/\" target=\"_blank\" rel=\"noopener\">Festival de Jerez<\/a> tras remover las conciencias en la pasada Bienal de Flamenco de Sevilla.<\/p>\n<p>Rabiosa por su ignorancia previa de los hechos y por lo que supuso el oprobio a la cultura y a la mujer, Mercedes tiene la necesidad imperiosa de \u00abrescatar del olvido asfixiante\u00bb a esas artistas del 27 sac\u00e1ndolas de la injusta oscuridad represiva y silenciada por el patriarcado reinante. Se mimetiza con su dolor interioriz\u00e1ndolo y a modo de alegor\u00eda conforma un espect\u00e1culo fascinante en el que grita al mundo su historia de libertad \u2013y ahora tambi\u00e9n la de Mercedes\u2013 contrariada y herida.<\/p>\n<p>Tras su revisi\u00f3n, presenta un espect\u00e1culo resumido y mejorado en el ritmo y los tiempos de como lo vi en Sevilla, adem\u00e1s del esquema de luces de <strong>Antonio Valiente<\/strong>, que alterna momentos sombr\u00edos con otros plenos de luz, ahora acorde y en correspondencia con su sentimiento y el de las sinsombrero, que osaron destapar sus cabezas por la calle en se\u00f1al de rebeld\u00eda inundando con su brillo interior la cultura del momento para transgredir la norma, descongestionando y dando rienda suelta a sus ideas. Se reestrena as\u00ed con el pulimento necesario para redondear m\u00e1s a\u00fan si cabe la obra.<\/p>\n<p>Los jadeos de asfixia que enloquecen al maravilloso cuerpo de baile \u2013<strong>Alejandra Creo<\/strong>, <strong>Marta Ca\u00f1izares<\/strong> y <strong>Polina Sof\u00eda<\/strong>\u2013 dan la primera pista del yugo que soportaron nada m\u00e1s abrir el tel\u00f3n. <strong>Juan Campallo<\/strong> vuelve a lucirse con la m\u00fasica de su guitarra, de donde brotan las notas que traducen los sentimientos insondables que se van reflejando en el transcurso del espect\u00e1culo. Tiene una orquesta de sensibilidad en sus manos. Sublime, de lo mejor. Como tambi\u00e9n figuran al mismo nivel la garganta melosa de jirones azucaraos de <strong>Jes\u00fas Corbacho<\/strong> y la contundencia bronceada de la voz de <strong>Jonathan Reyes<\/strong>. <strong>Roberto Ja\u00e9n<\/strong> puso el comp\u00e1s, <strong>Paquito Vega<\/strong> su extraordinaria percusi\u00f3n y <strong>Gal Maestro<\/strong> \u2013en estado de gracia y buenaesperanza\u2013 la gravedad de su contrabajo profundo. Las locuciones en off de mujeres valientes y ninguneadas, algunas desde el exilio o en el olvido, como las de <strong>Concha M\u00e9ndez<\/strong>, <strong>Mar\u00eda Zambrano<\/strong> y <strong>Marga Gil<\/strong>, ejemplifican en primera persona y evidencian el mensaje que pregona Mercedes.<\/p>\n<p>&nbsp;<\/p>\n<blockquote><p><em>\u00abMercedes de C\u00f3rdoba bail\u00f3 desde la visceralidad. Rotunda, arrebatadoramente flamenca, atronadoramente pasional, rebelada, rabiosa, rebelde y jonda. Despendol\u00e1 en los tangos, ind\u00f3mita por buler\u00edas, mordiendo el dolor por seguiriya para culminar la funci\u00f3n\u00bb<\/em><\/p><\/blockquote>\n<p>&nbsp;<\/p>\n<figure id=\"attachment_77126\" aria-describedby=\"caption-attachment-77126\" style=\"width: 1500px\" class=\"wp-caption aligncenter\"><a href=\"https:\/\/expoflamenco.com\/revista\/wp-content\/uploads\/sites\/17\/2025\/02\/expoflamenco-mercedes-de-cordoba-5-olvidadas-en-teatro-villamarta-festival-de-jerez-feb25-foto-esteban-abion.webp\"><img fetchpriority=\"high\" decoding=\"async\" class=\"size-full wp-image-77126\" src=\"https:\/\/expoflamenco.com\/revista\/wp-content\/uploads\/sites\/17\/2025\/02\/expoflamenco-mercedes-de-cordoba-5-olvidadas-en-teatro-villamarta-festival-de-jerez-feb25-foto-esteban-abion.webp\" alt=\"'Olvidadas', de Mercedes de C\u00f3rdoba. XXIX Festival de Jerez. Teatro Villamarta. 27 feb 2025. Foto: Esteban Abi\u00f3n\" width=\"1500\" height=\"998\" \/><\/a><figcaption id=\"caption-attachment-77126\" class=\"wp-caption-text\">&#8216;Olvidadas&#8217;, de Mercedes de C\u00f3rdoba. XXIX Festival de Jerez. Teatro Villamarta. 27 feb 2025. Foto: Esteban Abi\u00f3n<\/figcaption><\/figure>\n<p>&nbsp;<\/p>\n<p>La escenograf\u00eda se estructura en tres espacios: un andamio a la izquierda coronado en su parte m\u00e1s alta por el contrabajo, la tarima del resto de los m\u00fasicos en el centro y un banco bajo alargado a la derecha. Y la funci\u00f3n se conforma como una sucesi\u00f3n de met\u00e1foras que a trav\u00e9s del simbolismo en el cante y el baile narran el sufrimiento contenido.<\/p>\n<p><strong>Los gritos mudos que se vomitan, los dedos que sellan labios<\/strong>, las manos que tapan bocas, las sombras que persiguen y ayudan a no desvanecerse, los manotazos de invocaci\u00f3n a los \u00fateros como s\u00edmbolo de la feminidad, el agua que limpia y sana o con la que limpian, los pa\u00f1uelos violetas de la igualdad que reparte Mercedes, los cubos de zinc ora sobre las cabezas de las mujeres oprimidas \u2013tremendo el pasaje donde Corbacho entona unos fandangos haciendo comp\u00e1s sobre el cubo que cubre a una de ellas\u2013 ora sobre la de los hombres para que sientan su misma opresi\u00f3n, la sensual celebraci\u00f3n desatada de la libertad en el baile ritual por guajira \u2013soberbia la interpretaci\u00f3n de Polina\u2013, las mujeres que deshojan margaritas, los tangos de caderas redondas de mujeres liberadas y emancipadas de imposiciones al comp\u00e1s de Triana y M\u00e1laga aireando sus cachas sin censuras ni juicios, el ululato de la felicidad, los mantones y los cupl\u00e9s \u2013<em>C\u00e1llate<\/em>, <em>La malpag\u00e1<\/em>\u2013, el pelo suelto, la guerra y la resistencia hasta la extenuaci\u00f3n, <strong>pitidos y luces rojas, la pena, el luto, la vela y una nana sentida para la eternidad<\/strong> que entona Mercedes desde el andamio, la tragedia, el maltrato, el llanto\u2026<\/p>\n<p>Mercedes de C\u00f3rdoba bail\u00f3 desde la visceralidad. Rotunda, arrebatadoramente flamenca, atronadoramente pasional, rebelada, rabiosa, rebelde y jonda. Despendol\u00e1 en los tangos, ind\u00f3mita por buler\u00edas, mordiendo el dolor por seguiriya para culminar la funci\u00f3n. Poderosa y potente, recia en las figuras, con los pies precisos, el gesto justo, meneando las caderas en la celebraci\u00f3n, compungida cuando el sufrimiento ahogaba, parando el tiempo en los silencios\u2026 Magistral.<\/p>\n<p>Y dobleg\u00f3 al Villamarta, que cay\u00f3 rendido a sus pies con una ovaci\u00f3n eterna cumpliendo con la emoci\u00f3n provocada.<\/p>\n<p>&nbsp;<\/p>\n<p><strong>Ficha art\u00edstica<br \/>\n<\/strong><em>Olvidadas (A las sinsombrero)<\/em>, de Mercedes de C\u00f3rdoba<br \/>\nXXIX Festival de Jerez<br \/>\nTeatro Villamarta, Jerez de la Frontera, C\u00e1diz<br \/>\n27 de febrero de 2025<br \/>\nBaile: Mercedes de C\u00f3rdoba, Alejandra Creo, Marta Ca\u00f1izares y Polina Sof\u00eda<br \/>\nCante: Jes\u00fas Corbacho y Jonathan Reyes<br \/>\nGuitarra: Juan Campallo<br \/>\nContrabajo: Gal Maestro<br \/>\nPercusi\u00f3n: Paco Vega<br \/>\nComp\u00e1s: Roberto Ja\u00e9n<br \/>\nTextos y audios: Concha M\u00e9ndez, Mar\u00eda Zambrano y Marga Gil<\/p>\n<figure id=\"attachment_77124\" aria-describedby=\"caption-attachment-77124\" style=\"width: 1500px\" class=\"wp-caption aligncenter\"><a href=\"https:\/\/expoflamenco.com\/revista\/wp-content\/uploads\/sites\/17\/2025\/02\/expoflamenco-mercedes-de-cordoba-3-olvidadas-en-teatro-villamarta-festival-de-jerez-feb25-foto-esteban-abion.webp\"><img decoding=\"async\" class=\"size-full wp-image-77124\" src=\"https:\/\/expoflamenco.com\/revista\/wp-content\/uploads\/sites\/17\/2025\/02\/expoflamenco-mercedes-de-cordoba-3-olvidadas-en-teatro-villamarta-festival-de-jerez-feb25-foto-esteban-abion.webp\" alt=\"'Olvidadas', de Mercedes de C\u00f3rdoba. XXIX Festival de Jerez. Teatro Villamarta. 27 feb 2025. Foto: Esteban Abi\u00f3n\" width=\"1500\" height=\"966\" \/><\/a><figcaption id=\"caption-attachment-77124\" class=\"wp-caption-text\">&#8216;Olvidadas&#8217;, de Mercedes de C\u00f3rdoba. XXIX Festival de Jerez. Teatro Villamarta. 27 feb 2025. Foto: Esteban Abi\u00f3n<\/figcaption><\/figure>\n<figure id=\"attachment_77125\" aria-describedby=\"caption-attachment-77125\" style=\"width: 1500px\" class=\"wp-caption aligncenter\"><a href=\"https:\/\/expoflamenco.com\/revista\/wp-content\/uploads\/sites\/17\/2025\/02\/expoflamenco-mercedes-de-cordoba-4-olvidadas-en-teatro-villamarta-festival-de-jerez-feb25-foto-esteban-abion.webp\"><img decoding=\"async\" class=\"size-full wp-image-77125\" src=\"https:\/\/expoflamenco.com\/revista\/wp-content\/uploads\/sites\/17\/2025\/02\/expoflamenco-mercedes-de-cordoba-4-olvidadas-en-teatro-villamarta-festival-de-jerez-feb25-foto-esteban-abion.webp\" alt=\"'Olvidadas', de Mercedes de C\u00f3rdoba. XXIX Festival de Jerez. Teatro Villamarta. 27 feb 2025. Foto: Esteban Abi\u00f3n\" width=\"1500\" height=\"1017\" \/><\/a><figcaption id=\"caption-attachment-77125\" class=\"wp-caption-text\">&#8216;Olvidadas&#8217;, de Mercedes de C\u00f3rdoba. XXIX Festival de Jerez. Teatro Villamarta. 27 feb 2025. Foto: Esteban Abi\u00f3n<\/figcaption><\/figure>\n<figure id=\"attachment_77127\" aria-describedby=\"caption-attachment-77127\" style=\"width: 1500px\" class=\"wp-caption aligncenter\"><a href=\"https:\/\/expoflamenco.com\/revista\/wp-content\/uploads\/sites\/17\/2025\/02\/expoflamenco-mercedes-de-cordoba-6-olvidadas-en-teatro-villamarta-festival-de-jerez-feb25-foto-esteban-abion.webp\"><img loading=\"lazy\" decoding=\"async\" class=\"size-full wp-image-77127\" src=\"https:\/\/expoflamenco.com\/revista\/wp-content\/uploads\/sites\/17\/2025\/02\/expoflamenco-mercedes-de-cordoba-6-olvidadas-en-teatro-villamarta-festival-de-jerez-feb25-foto-esteban-abion.webp\" alt=\"'Olvidadas', de Mercedes de C\u00f3rdoba. XXIX Festival de Jerez. Teatro Villamarta. 27 feb 2025. Foto: Esteban Abi\u00f3n\" width=\"1500\" height=\"1039\" \/><\/a><figcaption id=\"caption-attachment-77127\" class=\"wp-caption-text\">&#8216;Olvidadas&#8217;, de Mercedes de C\u00f3rdoba. XXIX Festival de Jerez. Teatro Villamarta. 27 feb 2025. Foto: Esteban Abi\u00f3n<\/figcaption><\/figure>\n<figure id=\"attachment_77128\" aria-describedby=\"caption-attachment-77128\" style=\"width: 1500px\" class=\"wp-caption aligncenter\"><a href=\"https:\/\/expoflamenco.com\/revista\/wp-content\/uploads\/sites\/17\/2025\/02\/expoflamenco-mercedes-de-cordoba-7-olvidadas-en-teatro-villamarta-festival-de-jerez-feb25-foto-esteban-abion.webp\"><img loading=\"lazy\" decoding=\"async\" class=\"size-full wp-image-77128\" src=\"https:\/\/expoflamenco.com\/revista\/wp-content\/uploads\/sites\/17\/2025\/02\/expoflamenco-mercedes-de-cordoba-7-olvidadas-en-teatro-villamarta-festival-de-jerez-feb25-foto-esteban-abion.webp\" alt=\"'Olvidadas', de Mercedes de C\u00f3rdoba. XXIX Festival de Jerez. Teatro Villamarta. 27 feb 2025. Foto: Esteban Abi\u00f3n\" width=\"1500\" height=\"1059\" \/><\/a><figcaption id=\"caption-attachment-77128\" class=\"wp-caption-text\">&#8216;Olvidadas&#8217;, de Mercedes de C\u00f3rdoba. XXIX Festival de Jerez. Teatro Villamarta. 27 feb 2025. Foto: Esteban Abi\u00f3n<\/figcaption><\/figure>\n<figure id=\"attachment_77129\" aria-describedby=\"caption-attachment-77129\" style=\"width: 1500px\" class=\"wp-caption aligncenter\"><a href=\"https:\/\/expoflamenco.com\/revista\/wp-content\/uploads\/sites\/17\/2025\/02\/expoflamenco-mercedes-de-cordoba-2-olvidadas-en-teatro-villamarta-festival-de-jerez-feb25-foto-esteban-abion.webp\"><img loading=\"lazy\" decoding=\"async\" class=\"size-full wp-image-77129\" src=\"https:\/\/expoflamenco.com\/revista\/wp-content\/uploads\/sites\/17\/2025\/02\/expoflamenco-mercedes-de-cordoba-2-olvidadas-en-teatro-villamarta-festival-de-jerez-feb25-foto-esteban-abion.webp\" alt=\"'Olvidadas', de Mercedes de C\u00f3rdoba. XXIX Festival de Jerez. Teatro Villamarta. 27 feb 2025. Foto: Esteban Abi\u00f3n\" width=\"1500\" height=\"1003\" \/><\/a><figcaption id=\"caption-attachment-77129\" class=\"wp-caption-text\">&#8216;Olvidadas&#8217;, de Mercedes de C\u00f3rdoba. XXIX Festival de Jerez. Teatro Villamarta. 27 feb 2025. Foto: Esteban Abi\u00f3n<\/figcaption><\/figure>\n<p>&nbsp;<\/p>\n","protected":false,"gt_translate_keys":[{"key":"rendered","format":"html"}]},"excerpt":{"rendered":"<p>La bailaora reestrena \u2018Olvidadas (A las sinsombrero)\u2019 en el Festival de Jerez encandilando al p\u00fablico del Villamarta que la ovacion\u00f3 durante varios minutos.<\/p>\n","protected":false,"gt_translate_keys":[{"key":"rendered","format":"html"}]},"author":63,"featured_media":2517,"comment_status":"open","ping_status":"open","sticky":false,"template":"","format":"standard","meta":{"_acf_changed":false,"pmpro_default_level":"","jnews-multi-image_gallery":[],"jnews_single_post":{"format":"standard","override":[{"template":"2","parallax":"1","fullscreen":"1","layout":"right-sidebar","sidebar":"default-sidebar","second_sidebar":"default-sidebar","sticky_sidebar":"1","share_position":"bottom","share_float_style":"share-monocrhome","show_share_counter":"1","show_view_counter":"1","show_featured":"1","show_post_meta":"1","show_post_author":"1","show_post_author_image":"1","show_post_date":"1","post_date_format":"default","post_date_format_custom":"Y\/m\/d","show_post_reading_time":"1","post_reading_time_wpm":"250","post_calculate_word_method":"str_word_count","show_zoom_button":"1","zoom_button_out_step":"2","zoom_button_in_step":"3","show_post_tag":"1","show_popup_post":"1","number_popup_post":"1","show_author_box":"1","show_post_related":"1","show_inline_post_related":"1"}],"image_override":[{"single_post_thumbnail_size":"no-crop","single_post_gallery_size":"crop-500"}],"trending_post_position":"meta","trending_post_label":"Trending","sponsored_post_label":"Sponsored by","disable_ad":"0","subtitle":"La bailaora reestrena \u2018Olvidadas (A las sinsombrero)\u2019 en el Festival de Jerez encandilando al p\u00fablico del Villamarta que la ovacion\u00f3 durante varios minutos."},"jnews_primary_category":{"id":"248"},"jnews_override_bookmark_settings":{"override_bookmark_button":"0","override_show_bookmark_button":"0"},"jnews_social_meta":[],"jnews_review":[],"enable_review":"","type":"percentage","name":"","summary":"","brand":"","sku":"","good":[],"bad":[],"score_override":"","override_value":"","rating":[],"price":[],"jnews_override_counter":{"view_counter_number":"0","share_counter_number":"0","like_counter_number":"0","dislike_counter_number":"0"},"footnotes":""},"categories":[46,38,1888],"tags":[294,669,2227,473],"class_list":["post-2516","post","type-post","status-publish","format-standard","has-post-thumbnail","hentry","category-cronicas","category-en-portada","category-jerez-2025","tag-festival-de-jerez","tag-mercedes-de-cordoba","tag-olvidadas-a-las-sinsombrero","tag-teatro-villamarta","pmpro-has-access"],"acf":[],"aioseo_notices":[],"gt_translate_keys":[{"key":"link","format":"url"}],"_links":{"self":[{"href":"https:\/\/expoflamenco.com\/revista\/wp-json\/wp\/v2\/posts\/2516","targetHints":{"allow":["GET"]}}],"collection":[{"href":"https:\/\/expoflamenco.com\/revista\/wp-json\/wp\/v2\/posts"}],"about":[{"href":"https:\/\/expoflamenco.com\/revista\/wp-json\/wp\/v2\/types\/post"}],"author":[{"embeddable":true,"href":"https:\/\/expoflamenco.com\/revista\/wp-json\/wp\/v2\/users\/63"}],"replies":[{"embeddable":true,"href":"https:\/\/expoflamenco.com\/revista\/wp-json\/wp\/v2\/comments?post=2516"}],"version-history":[{"count":0,"href":"https:\/\/expoflamenco.com\/revista\/wp-json\/wp\/v2\/posts\/2516\/revisions"}],"wp:featuredmedia":[{"embeddable":true,"href":"https:\/\/expoflamenco.com\/revista\/wp-json\/wp\/v2\/media\/2517"}],"wp:attachment":[{"href":"https:\/\/expoflamenco.com\/revista\/wp-json\/wp\/v2\/media?parent=2516"}],"wp:term":[{"taxonomy":"category","embeddable":true,"href":"https:\/\/expoflamenco.com\/revista\/wp-json\/wp\/v2\/categories?post=2516"},{"taxonomy":"post_tag","embeddable":true,"href":"https:\/\/expoflamenco.com\/revista\/wp-json\/wp\/v2\/tags?post=2516"}],"curies":[{"name":"wp","href":"https:\/\/api.w.org\/{rel}","templated":true}]}}