{"id":2492,"date":"2025-03-04T10:27:27","date_gmt":"2025-03-04T09:27:27","guid":{"rendered":"https:\/\/expoflamenco.com\/revistanew\/luisa-palicio-el-cuple-somos-todas\/"},"modified":"2025-03-04T10:27:27","modified_gmt":"2025-03-04T09:27:27","slug":"luisa-palicio-el-cuple-somos-todas","status":"publish","type":"post","link":"https:\/\/expoflamenco.com\/revista\/luisa-palicio-el-cuple-somos-todas\/","title":{"rendered":"Luisa Palicio: el cupl\u00e9 somos todas","gt_translate_keys":[{"key":"rendered","format":"text"}]},"content":{"rendered":"<p><strong>Consuelo Portela, <em>La Chelito<\/em><\/strong>, fue una artista de cupl\u00e9 famosa por interpretar letras picantes como <em>Pantorrillas, La noche de novios<\/em> o la m\u00e1s famosa <em>La pulga<\/em>, en la que se desnudaba con ayuda del p\u00fablico al tiempo que trataba de localizar un ejemplar de dicho insecto escondido en su ropa. La bailaora <strong>Luisa Palicio<\/strong> ha querido meterse en la piel de esta figura en su nueva propuesta, <em><strong>El pen\u00faltimo cupl\u00e9<\/strong>, <\/em>en el que involucra a varias compa\u00f1eras para rendir homenaje a aquella generaci\u00f3n de mujeres que desafiaba desde los escenarios la moral de las primeras d\u00e9cadas del siglo XX.<\/p>\n<p>Cada una de las compa\u00f1eras de Palicio asume <strong>la identidad de una figura c\u00e9lebre del g\u00e9nero<\/strong>. Gracias a una ingeniosa trasposici\u00f3n, el fondo del escenario es el tel\u00f3n que da a un imaginario patio de butacas, mientras que el patio de butacas real puede contemplar el camerino que las re\u00fane. Desde el principio, vamos a verlas bailar, cantar \u2013ya sea flamenco o un <em>scat jazz<\/em> que todav\u00eda no exist\u00eda en la \u00e9poca\u2013 e interpretar. De hecho, se trata de una obra muy dramatizada, con extenso guion de <strong>Daniel Blanco Parra<\/strong>, que saca a relucir la faceta actoral del elenco de un modo bastante convincente.<\/p>\n<p>&nbsp;<\/p>\n<blockquote><p><em>\u00abUn montaje amable, sin excesivas pretensiones ni en lo esc\u00e9nico ni en lo art\u00edstico, m\u00e1s all\u00e1 de contar una buena historia a trav\u00e9s del flamenco. El baile de Palicio con la bata de cola o la escena con los mantones\u00a0bastan para justificar la presencia de esta obra en el Festival de Jerez\u00bb<\/em><\/p><\/blockquote>\n<p>&nbsp;<\/p>\n\n<p>&nbsp;<\/p>\n<p>Alternando di\u00e1logos y n\u00fameros musicales muy diversos como el garrot\u00edn, <em>La Machicha<\/em>, las canti\u00f1as de La Mejorana, <em>Catapum <\/em>o <em>La violetera<\/em>, todo acupletado o aflamencado seg\u00fan la ocasi\u00f3n, se pretende reflejar <strong>c\u00f3mo se entend\u00eda la vida y el arte desde aquellos teatros \u201cllenos de bestias\u201d<\/strong> \u00e1vidas de visualizar cualquier cent\u00edmetro oculto de piel femenina, as\u00ed como de las inquietudes y los miedos de estas <em>sical\u00edpticas<\/em>, como las denominaban, muchas de las cuales encontraron un medio de vida tras el declive y clausura de los caf\u00e9s cantante. Eso incluye enmendarle la plana al muy cat\u00f3lico <strong>Unamuno<\/strong>, que abomin\u00f3 por escrito de estos tugurios, y brindar en cambio por <strong>Stravinsky<\/strong>, que los encontraba sencillamente maravillosos.<\/p>\n<p>Una direcci\u00f3n fiable, ritmo narrativo \u00f3ptimo, buenas coreograf\u00edas con ocasiones de lucimiento para todas, complicidad en todo el elenco y un acompa\u00f1amiento musical sobrio pero efectivo del percusionista <strong>Chupete<\/strong> y el guitarrista <strong>Jes\u00fas Rodr\u00edguez<\/strong>, que tambi\u00e9n se marca su pata\u00edta en un momento dado, van definiendo un montaje amable, sin excesivas pretensiones ni en lo esc\u00e9nico ni en lo art\u00edstico, m\u00e1s all\u00e1 de contar una buena historia a trav\u00e9s del flamenco. El baile de Palicio con la bata de cola o la escena con los mantones, pr\u00e9stamo de la colecci\u00f3n privada de <strong>Manuel Lombo<\/strong>, bastan para justificar la presencia de esta obra en el <a href=\"https:\/\/www.festivaldejerez.es\/\" target=\"_blank\" rel=\"noopener\">Festival de Jerez<\/a>.<\/p>\n<p>Tal vez se subraye demasiado la condici\u00f3n de emblema del feminismo de estas mujeres, tal vez hubiera sido mejor esbozarla y confiar en que el respetable captara el mensaje. Con todo, aquellas pioneras del destape jugaron un papel importante en la evoluci\u00f3n de las mentalidades en nuestro pa\u00eds y en <strong>la liberaci\u00f3n sexual opuesta a la doble moral imperante<\/strong>. Hay cosas que empiezan con el tama\u00f1o de una pulga y acaban moviendo a las masas, y siguen estando vigentes m\u00e1s de un siglo despu\u00e9s. Quiz\u00e1 porque, como o\u00edmos decir a una de las artistas, el cupl\u00e9 somos todas.<\/p>\n<p>&nbsp;<\/p>\n<p><strong>Ficha art\u00edstica<\/strong><\/p>\n<p><em>El pen\u00faltimo cupl\u00e9, <\/em>de Compa\u00f1\u00eda de Luisa Palicio<br \/>\nXXIX Festival de Jerez<br \/>\nSala Compa\u00f1\u00eda<br \/>\n3 de marzo de 2025<br \/>\nConsuelo Portela Audet, \u00abLa Chelito\u00bb: Luisa Palicio<br \/>\nConsuelo Vello Cano, \u00abLa Fornarina\u00bb: Coral Moreno<br \/>\nFca. Romana Marqu\u00e9s L\u00f3pez, \u00abRaquel Meller\u00bb: Ana Oropesa<br \/>\nAmalia Molina P\u00e9rez, \u00abAmalia Molina\u00bb: Inma La Carbonera<br \/>\nAntonia Cachavera y Aguado, \u00abLa Cachavera\u00bb: \u00c1ngeles Rus\u00f3<br \/>\nGuitarrista: Jes\u00fas Rodr\u00edguez<br \/>\nPercusionista: David Chupete<\/p>\n<p>&nbsp;<\/p>\n","protected":false,"gt_translate_keys":[{"key":"rendered","format":"html"}]},"excerpt":{"rendered":"<p>La bailaora malague\u00f1a involucra a varias compa\u00f1eras en \u2018El pen\u00faltimo cupl\u00e9\u2019, una propuesta de claro aliento feminista presentado en el Festival de Jerez.<\/p>\n","protected":false,"gt_translate_keys":[{"key":"rendered","format":"html"}]},"author":13,"featured_media":2493,"comment_status":"open","ping_status":"open","sticky":false,"template":"","format":"standard","meta":{"_acf_changed":false,"pmpro_default_level":"","jnews-multi-image_gallery":[],"jnews_single_post":{"format":"standard","override":[{"template":"2","parallax":"1","fullscreen":"1","layout":"right-sidebar","sidebar":"default-sidebar","second_sidebar":"default-sidebar","sticky_sidebar":"1","share_position":"bottom","share_float_style":"share-monocrhome","show_share_counter":"1","show_view_counter":"1","show_featured":"1","show_post_meta":"1","show_post_author":"1","show_post_author_image":"1","show_post_date":"1","post_date_format":"default","post_date_format_custom":"Y\/m\/d","show_post_reading_time":"1","post_reading_time_wpm":"250","post_calculate_word_method":"str_word_count","show_zoom_button":"1","zoom_button_out_step":"2","zoom_button_in_step":"3","show_post_tag":"1","show_popup_post":"1","number_popup_post":"1","show_author_box":"1","show_post_related":"1","show_inline_post_related":"1"}],"image_override":[{"single_post_thumbnail_size":"no-crop","single_post_gallery_size":"crop-500"}],"trending_post_position":"meta","trending_post_label":"Trending","sponsored_post_label":"Sponsored by","disable_ad":"0","subtitle":"La bailaora malague\u00f1a involucra a varias compa\u00f1eras en \u2018El pen\u00faltimo cupl\u00e9\u2019, una propuesta de claro aliento feminista presentado en el Festival de Jerez."},"jnews_primary_category":{"id":"248"},"jnews_override_bookmark_settings":{"override_bookmark_button":"0","override_show_bookmark_button":"0"},"jnews_social_meta":[],"jnews_review":[],"enable_review":"","type":"percentage","name":"","summary":"","brand":"","sku":"","good":[],"bad":[],"score_override":"","override_value":"","rating":[],"price":[],"jnews_override_counter":{"view_counter_number":"0","share_counter_number":"0","like_counter_number":"0","dislike_counter_number":"0"},"footnotes":""},"categories":[46,38,1888],"tags":[294,2203,2204,598],"class_list":["post-2492","post","type-post","status-publish","format-standard","has-post-thumbnail","hentry","category-cronicas","category-en-portada","category-jerez-2025","tag-festival-de-jerez","tag-el-penultimo-cuple","tag-luisa-palicio","tag-sala-compania","pmpro-has-access"],"acf":[],"aioseo_notices":[],"gt_translate_keys":[{"key":"link","format":"url"}],"_links":{"self":[{"href":"https:\/\/expoflamenco.com\/revista\/wp-json\/wp\/v2\/posts\/2492","targetHints":{"allow":["GET"]}}],"collection":[{"href":"https:\/\/expoflamenco.com\/revista\/wp-json\/wp\/v2\/posts"}],"about":[{"href":"https:\/\/expoflamenco.com\/revista\/wp-json\/wp\/v2\/types\/post"}],"author":[{"embeddable":true,"href":"https:\/\/expoflamenco.com\/revista\/wp-json\/wp\/v2\/users\/13"}],"replies":[{"embeddable":true,"href":"https:\/\/expoflamenco.com\/revista\/wp-json\/wp\/v2\/comments?post=2492"}],"version-history":[{"count":0,"href":"https:\/\/expoflamenco.com\/revista\/wp-json\/wp\/v2\/posts\/2492\/revisions"}],"wp:featuredmedia":[{"embeddable":true,"href":"https:\/\/expoflamenco.com\/revista\/wp-json\/wp\/v2\/media\/2493"}],"wp:attachment":[{"href":"https:\/\/expoflamenco.com\/revista\/wp-json\/wp\/v2\/media?parent=2492"}],"wp:term":[{"taxonomy":"category","embeddable":true,"href":"https:\/\/expoflamenco.com\/revista\/wp-json\/wp\/v2\/categories?post=2492"},{"taxonomy":"post_tag","embeddable":true,"href":"https:\/\/expoflamenco.com\/revista\/wp-json\/wp\/v2\/tags?post=2492"}],"curies":[{"name":"wp","href":"https:\/\/api.w.org\/{rel}","templated":true}]}}