{"id":2452,"date":"2025-02-03T11:19:57","date_gmt":"2025-02-03T10:19:57","guid":{"rendered":"https:\/\/expoflamenco.com\/revistanew\/la-xvi-noche-blanca-del-flamenco-de-cordoba-toma-forma\/"},"modified":"2025-02-03T11:19:57","modified_gmt":"2025-02-03T10:19:57","slug":"la-xvi-noche-blanca-del-flamenco-de-cordoba-toma-forma","status":"publish","type":"post","link":"https:\/\/expoflamenco.com\/revista\/la-xvi-noche-blanca-del-flamenco-de-cordoba-toma-forma\/","title":{"rendered":"La XVI Noche Blanca del Flamenco de C\u00f3rdoba toma forma","gt_translate_keys":[{"key":"rendered","format":"text"}]},"content":{"rendered":"<p>La edici\u00f3n de 2025 de la Feria Internacional de Turismo, <a href=\"https:\/\/www.ifema.es\/fitur\">FITUR<\/a>, ha sido el enclave elegido para presentar la <a href=\"https:\/\/nocheblancadelflamenco.cordoba.es\/\">XVI Noche Blanca del Flamenco de C\u00f3rdoba<\/a>. Un evento muy consolidado y que en 2025 se llevar\u00e1 a cabo durante la madrugada del <strong>21 al 22 de junio<\/strong>.<\/p>\n<p>En total son once los conciertos programados en distintos espacios de la ciudad andaluza. Artistas como <strong>Eva Yerbabuena, Aurora Vargas, El Pele, Mercedes Luj\u00e1n, Raimundo Amador, Califato \u00be o Chico P\u00e9rez<\/strong> formar\u00e1n parte de un cartel de mucho nivel.<\/p>\n<p>La plaza del Potro, los jardines del Alc\u00e1zar, la Mezquita-Catedral o la plaza de las Tendillas son algunos de los espacios elegidos para albergar los escenarios de esta noche jonda. El cante, el toque y el baile volver\u00e1n a animar la noche para los muchos aficionados al flamenco que acuden a esta cita desde su origen en 2008.<\/p>\n<p>Artistas de la talla de Carmen Linares, Sara Baras, Farruquito, Miguel Poveda, Jos\u00e9 Merc\u00e9, Tomasito, Vicente Amigo, Estrella Morente, Rosal\u00eda, La Macanita, Remedios Amaya, El Lebrijano, o Pitingo, entre otros, ya han pasado en anteriores ediciones por esta Noche Blanca del Flamenco de C\u00f3rdoba.<\/p>\n<p>&nbsp;<\/p>\n<h2><strong>Programaci\u00f3n<\/strong><\/h2>\n<p><strong>Eva Yerbabuena<\/strong><br \/>\n22:30 &#8211; Plaza de las Tendillas<\/p>\n<p><strong>Aurora Vargas<\/strong><br \/>\n23:00 &#8211; Cine Coliseo San Andr\u00e9s &#8211; C\u00f3rdoba<\/p>\n<p><strong>Flamencos de Verdad<\/strong><br \/>\n23:00 &#8211; La Calahorra<\/p>\n<p><strong>Roc\u00edo Luna y Rafa del Calli<\/strong><br \/>\n0:00 &#8211; Plaza San Agust\u00edn &#8211; C\u00f3rdoba<\/p>\n<p><strong>Chico P\u00e9rez<\/strong><br \/>\n0:00 &#8211; Patio de los Naranjos &#8211; Mezquita-catedral de C\u00f3rdoba<\/p>\n<p><strong>El Pele<\/strong><br \/>\n1:00 &#8211; Plaza del Conde Priego &#8211; C\u00f3rdoba<\/p>\n<p><strong>Mercedes Luj\u00e1n<\/strong><br \/>\n1:30 &#8211; Cine Fuenseca &#8211; C\u00f3rdoba<\/p>\n<p><strong>Raimundo Amador<\/strong><br \/>\n2:00 &#8211; Plaza de la Corredera<\/p>\n<p><strong>Alaa Zouiten<\/strong><br \/>\n3:00 &#8211; Plaza de San Francisco &#8211; C\u00f3rdoba<\/p>\n<p><strong>La Chispa<\/strong><br \/>\n3:30 &#8211; Plaza del Potro &#8211; C\u00f3rdoba<\/p>\n<p><strong>Califato 3\/4<\/strong><br \/>\n5:00 &#8211; Alc\u00e1zar de los Reyes Cristianos &#8211; C\u00f3rdoba<\/p>\n<p>&nbsp;<\/p>\n<p><a href=\"https:\/\/expoflamenco.com\/revista\/wp-content\/uploads\/sites\/17\/2025\/02\/noche-blanca-del-flamenco-cordoba-2025.webp\"><img fetchpriority=\"high\" decoding=\"async\" class=\"aligncenter size-full wp-image-76083\" src=\"https:\/\/expoflamenco.com\/revista\/wp-content\/uploads\/sites\/17\/2025\/02\/noche-blanca-del-flamenco-cordoba-2025.webp\" alt=\"\" width=\"1600\" height=\"899\" \/><\/a><\/p>\n<p>&nbsp;<\/p>\n","protected":false,"gt_translate_keys":[{"key":"rendered","format":"html"}]},"excerpt":{"rendered":"<p>La edici\u00f3n de 2025 de la Feria Internacional de Turismo, FITUR, ha sido el enclave elegido para presentar la XVI Noche Blanca del Flamenco de C\u00f3rdoba. Un evento muy consolidado y que en 2025 se llevar\u00e1 a cabo durante la madrugada del 21 al 22 de junio. En total son once los conciertos programados en [&hellip;]<\/p>\n","protected":false,"gt_translate_keys":[{"key":"rendered","format":"html"}]},"author":5,"featured_media":2453,"comment_status":"open","ping_status":"open","sticky":false,"template":"","format":"standard","meta":{"_acf_changed":false,"pmpro_default_level":"","jnews-multi-image_gallery":[],"jnews_single_post":{"format":"standard","override":[{"template":"2","parallax":"1","fullscreen":"1","layout":"right-sidebar","sidebar":"default-sidebar","second_sidebar":"default-sidebar","sticky_sidebar":"1","share_position":"bottom","share_float_style":"share-monocrhome","show_share_counter":"1","show_view_counter":"1","show_featured":"1","show_post_meta":"1","show_post_author":"1","show_post_author_image":"1","show_post_date":"1","post_date_format":"default","post_date_format_custom":"Y\/m\/d","show_post_reading_time":"1","post_reading_time_wpm":"250","post_calculate_word_method":"str_word_count","show_zoom_button":"1","zoom_button_out_step":"2","zoom_button_in_step":"3","show_post_tag":"1","show_popup_post":"1","number_popup_post":"1","show_author_box":"1","show_post_related":"1","show_inline_post_related":"1"}],"image_override":[{"single_post_thumbnail_size":"no-crop","single_post_gallery_size":"crop-500"}],"trending_post_position":"meta","trending_post_label":"Trending","sponsored_post_label":"Sponsored by","disable_ad":"0","subtitle":"Once conciertos en la madrugada del 21 al 22 de junio de 2025 ser\u00e1n los encargados de dar forma a una nueva edici\u00f3n de la Noche Blanca del Flamenco de C\u00f3rdoba con artistas como Eva Yerbabuena, Aurora Vargas o Raimundo Amador, entre otros."},"jnews_primary_category":{"id":"4226"},"jnews_override_bookmark_settings":{"override_bookmark_button":"0","override_show_bookmark_button":"0"},"jnews_social_meta":[],"jnews_review":[],"enable_review":"","type":"percentage","name":"","summary":"","brand":"","sku":"","good":[],"bad":[],"score_override":"","override_value":"","rating":[],"price":[],"jnews_override_counter":{"view_counter_number":"0","share_counter_number":"0","like_counter_number":"0","dislike_counter_number":"0"},"footnotes":""},"categories":[37],"tags":[2176],"class_list":["post-2452","post","type-post","status-publish","format-standard","has-post-thumbnail","hentry","category-actualidad","tag-noche-blanca-del-flamenco-de-cordoba","pmpro-has-access"],"acf":[],"aioseo_notices":[],"gt_translate_keys":[{"key":"link","format":"url"}],"_links":{"self":[{"href":"https:\/\/expoflamenco.com\/revista\/wp-json\/wp\/v2\/posts\/2452","targetHints":{"allow":["GET"]}}],"collection":[{"href":"https:\/\/expoflamenco.com\/revista\/wp-json\/wp\/v2\/posts"}],"about":[{"href":"https:\/\/expoflamenco.com\/revista\/wp-json\/wp\/v2\/types\/post"}],"author":[{"embeddable":true,"href":"https:\/\/expoflamenco.com\/revista\/wp-json\/wp\/v2\/users\/5"}],"replies":[{"embeddable":true,"href":"https:\/\/expoflamenco.com\/revista\/wp-json\/wp\/v2\/comments?post=2452"}],"version-history":[{"count":0,"href":"https:\/\/expoflamenco.com\/revista\/wp-json\/wp\/v2\/posts\/2452\/revisions"}],"wp:featuredmedia":[{"embeddable":true,"href":"https:\/\/expoflamenco.com\/revista\/wp-json\/wp\/v2\/media\/2453"}],"wp:attachment":[{"href":"https:\/\/expoflamenco.com\/revista\/wp-json\/wp\/v2\/media?parent=2452"}],"wp:term":[{"taxonomy":"category","embeddable":true,"href":"https:\/\/expoflamenco.com\/revista\/wp-json\/wp\/v2\/categories?post=2452"},{"taxonomy":"post_tag","embeddable":true,"href":"https:\/\/expoflamenco.com\/revista\/wp-json\/wp\/v2\/tags?post=2452"}],"curies":[{"name":"wp","href":"https:\/\/api.w.org\/{rel}","templated":true}]}}